{"id":29713,"date":"2024-02-12T12:34:22","date_gmt":"2024-02-12T09:34:22","guid":{"rendered":"http:\/\/akdenizolaygazetesi.com\/?p=29713"},"modified":"2024-02-12T12:34:22","modified_gmt":"2024-02-12T09:34:22","slug":"buyuksehir-kaybi-olan-vatandaslara-taziye-evi-ile-destek-oluyor","status":"publish","type":"post","link":"https:\/\/akdenizolaygazetesi.com\/?p=29713","title":{"rendered":"B\u00dcY\u00dcK\u015eEH\u0130R, KAYBI OLAN VATANDA\u015eLARA TAZ\u0130YE EV\u0130 \u0130LE DESTEK OLUYOR"},"content":{"rendered":"<p>Vatanda\u015flar\u0131n do\u011fumundan \u00f6l\u00fcm\u00fcne kadar her an\u0131nda yan\u0131nda olan Mersin B\u00fcy\u00fck\u015fehir Belediyesi, kay\u0131plar\u0131n\u0131n ac\u0131s\u0131n\u0131 ya\u015fayan vatanda\u015flara, kentin 4 noktas\u0131na a\u00e7t\u0131\u011f\u0131 taziye evleri ile destek olmaya devam ediyor.<\/p>\n<p>Sosyal Hizmetler Dairesi Ba\u015fkanl\u0131\u011f\u0131 taraf\u0131ndan hayata ge\u00e7irilen Halk Kent Sosyal Ya\u015fam Merkezi, Hal Sosyal Ya\u015fam Merkezi ile Turun\u00e7lu ve Mevlana Mahallesi&#8217;nde bulunan &#8216;Taziye Evi&#8217; sayesinde; yak\u0131nlar\u0131n\u0131 kaybeden vatanda\u015flar ac\u0131lar\u0131n\u0131 ya\u015farken, taziyeye gelen yak\u0131nlar\u0131n\u0131 da a\u011f\u0131rl\u0131yor.<\/p>\n<p>D\u00f6nmezler: &#8220;Taziye Evleri&#8217;nde, gerekli olan her t\u00fcrl\u00fc imkan sa\u011flanmaktad\u0131r&#8221;<\/p>\n<p>Mersin&#8217;in bir\u00e7ok noktas\u0131nda bulunan Taziye Evleri&#8217;nin, kay\u0131p ya\u015fayan vatanda\u015flar\u0131n misafirlerini a\u011f\u0131rlamak amac\u0131yla hizmete ba\u015flad\u0131\u011f\u0131n\u0131 kaydeden Sosyal Hizmetler \u015eube M\u00fcd\u00fcr\u00fc Suzan D\u00f6nmezler, &#8220;Taziye Evi&#8217;miz kad\u0131n ve erkek olmak \u00fczere 2 b\u00f6l\u00fcme ayr\u0131lm\u0131\u015ft\u0131r. Bu b\u00f6l\u00fcmlerde salon, mescit, mutfak bulunmaktad\u0131r. Cenaze sahibi vatanda\u015flar\u0131m\u0131z\u0131n, gelen misafirlerini a\u011f\u0131rlamalar\u0131 i\u00e7in gerekli her t\u00fcrl\u00fc imkan sa\u011flanmaktad\u0131r. Taziye evlerimiz hafta i\u00e7i ve hafta sonu sabah 9, ak\u015fam 22 saatleri aras\u0131nda hizmet vermektedir&#8221; diye konu\u015ftu.<\/p>\n<p>Vefat eden ki\u015filerin yak\u0131nlar\u0131na ve taziyeye gelenlere B\u00fcy\u00fck\u015fehir taraf\u0131ndan yemek hizmeti de sunuldu\u011funu vurgulayan D\u00f6nmezler, &#8220;Definden sonra vefat eden ki\u015filerin ailelerine ve yak\u0131nlar\u0131na yemek hizmeti sunulmaktad\u0131r. Cenazesi olan herkesi tek tek aray\u0131p onay ald\u0131ktan sonra, yemek hizmetini sunmaktay\u0131z&#8221; dedi. D\u00f6nmezler son olarak, &#8220;Vatanda\u015flar\u0131m\u0131z\u0131n do\u011fumdan \u00f6l\u00fcm\u00fcne kadar her anlar\u0131nda yan\u0131nday\u0131z&#8221; s\u00f6zlerine yer verdi.<\/p>\n<p>Yeter: &#8220;Ac\u0131lar\u0131n payla\u015f\u0131lmas\u0131, toplumun ruh sa\u011fl\u0131\u011f\u0131n\u0131 da olumlu etkiler&#8221;<\/p>\n<p>Sosyal Hizmetler Dairesi Ba\u015fkanl\u0131\u011f\u0131 personeli \u00c7a\u011fda\u015f Yeter ise,  insanlar\u0131n birlik i\u00e7erisinde oldu\u011fu zamanlardan bir tanesinin de cenazeler oldu\u011funu belirterek, &#8220;\u00d6l\u00fcm ac\u0131s\u0131n\u0131n payla\u015f\u0131lmas\u0131 ve dayan\u0131\u015fman\u0131n ya\u015fanmas\u0131, toplumun ruh sa\u011fl\u0131\u011f\u0131n\u0131 da olumlu y\u00f6nde etkiler. Bu ama\u00e7la kurulmu\u015f taziye evlerimizde, &#8216;Cenaze yak\u0131nlar\u0131n\u0131n ac\u0131s\u0131n\u0131 payla\u015f\u0131yor ve biriz, beraberiz&#8217; diyoruz&#8221; ifadelerini kulland\u0131.<\/p>\n<p>Vatanda\u015flar\u0131n &#8216;Taziye Evi&#8217;ni kullanabilmeleri i\u00e7in, Teksin uygulamas\u0131 \u00fczerinden ba\u015fvuru yapabileceklerini s\u00f6yleyen Yeter, &#8220;Vatanda\u015flar\u0131m\u0131z bizlere cenaze ile ilgili \u00f6l\u00fcm belgesini ula\u015ft\u0131rd\u0131\u011f\u0131nda, Taziye Evi&#8217;nde onlara 3 g\u00fcn hizmet sunuyoruz. Sabah 9 ile ak\u015fam 22 aras\u0131 hizmet veriyoruz.  B\u00fcy\u00fck\u015fehir Belediyesi olarak vatanda\u015flar\u0131m\u0131z\u0131n iyi g\u00fcn\u00fcnde de k\u00f6t\u00fc g\u00fcn\u00fcnde de yan\u0131nda oluyoruz&#8221; diye konu\u015ftu.<\/p>\n","protected":false},"excerpt":{"rendered":"<p>Vatanda\u015flar\u0131n do\u011fumundan \u00f6l\u00fcm\u00fcne kadar her an\u0131nda yan\u0131nda olan Mersin B\u00fcy\u00fck\u015fehir Belediyesi, kay\u0131plar\u0131n\u0131n ac\u0131s\u0131n\u0131 ya\u015fayan vatanda\u015flara, kentin 4 noktas\u0131na a\u00e7t\u0131\u011f\u0131 taziye evleri ile destek olmaya devam ediyor. Sosyal Hizmetler Dairesi Ba\u015fkanl\u0131\u011f\u0131 &hellip; <a href=\"https:\/\/akdenizolaygazetesi.com\/?p=29713\" class=\"more-link\">Devam\u0131n\u0131 Oku&#8230;<\/a><\/p>\n","protected":false},"author":2,"featured_media":29714,"comment_status":"open","ping_status":"open","sticky":false,"template":"","format":"standard","meta":[],"categories":[3],"tags":[],"_links":{"self":[{"href":"https:\/\/akdenizolaygazetesi.com\/index.php?rest_route=\/wp\/v2\/posts\/29713"}],"collection":[{"href":"https:\/\/akdenizolaygazetesi.com\/index.php?rest_route=\/wp\/v2\/posts"}],"about":[{"href":"https:\/\/akdenizolaygazetesi.com\/index.php?rest_route=\/wp\/v2\/types\/post"}],"author":[{"embeddable":true,"href":"https:\/\/akdenizolaygazetesi.com\/index.php?rest_route=\/wp\/v2\/users\/2"}],"replies":[{"embeddable":true,"href":"https:\/\/akdenizolaygazetesi.com\/index.php?rest_route=%2Fwp%2Fv2%2Fcomments&post=29713"}],"version-history":[{"count":1,"href":"https:\/\/akdenizolaygazetesi.com\/index.php?rest_route=\/wp\/v2\/posts\/29713\/revisions"}],"predecessor-version":[{"id":29715,"href":"https:\/\/akdenizolaygazetesi.com\/index.php?rest_route=\/wp\/v2\/posts\/29713\/revisions\/29715"}],"wp:featuredmedia":[{"embeddable":true,"href":"https:\/\/akdenizolaygazetesi.com\/index.php?rest_route=\/wp\/v2\/media\/29714"}],"wp:attachment":[{"href":"https:\/\/akdenizolaygazetesi.com\/index.php?rest_route=%2Fwp%2Fv2%2Fmedia&parent=29713"}],"wp:term":[{"taxonomy":"category","embeddable":true,"href":"https:\/\/akdenizolaygazetesi.com\/index.php?rest_route=%2Fwp%2Fv2%2Fcategories&post=29713"},{"taxonomy":"post_tag","embeddable":true,"href":"https:\/\/akdenizolaygazetesi.com\/index.php?rest_route=%2Fwp%2Fv2%2Ftags&post=29713"}],"curies":[{"name":"wp","href":"https:\/\/api.w.org\/{rel}","templated":true}]}}