{"id":29722,"date":"2024-02-12T12:43:08","date_gmt":"2024-02-12T09:43:08","guid":{"rendered":"http:\/\/akdenizolaygazetesi.com\/?p=29722"},"modified":"2024-02-12T12:43:08","modified_gmt":"2024-02-12T09:43:08","slug":"akdenizde-huseyin-kagit-ruzgari-esti","status":"publish","type":"post","link":"https:\/\/akdenizolaygazetesi.com\/?p=29722","title":{"rendered":"Akdeniz\u2019de H\u00fcseyin Ka\u011f\u0131t r\u00fczgar\u0131 esti"},"content":{"rendered":"<p>Akdeniz Belediyesi, K\u00fclt\u00fcr ve Sosyal \u0130\u015fler M\u00fcd\u00fcrl\u00fc\u011f\u00fc taraf\u0131ndan Huzurkent Mahallesi\u2019nde ger\u00e7ekle\u015ftirilen H\u00fcseyin Ka\u011f\u0131t konseri, vatanda\u015flara unutulmaz bir ak\u015fam ya\u015fatt\u0131. <\/p>\n<p>Akdeniz Belediyesi, K\u00fclt\u00fcr ve Sosyal \u0130\u015fler M\u00fcd\u00fcrl\u00fc\u011f\u00fc taraf\u0131ndan Huzurkent Mahallesi\u2019nde d\u00fczenlenen konserde sevilen sanat\u00e7\u0131 H\u00fcseyin Ka\u011f\u0131t sahne ald\u0131. Huzurkent Meydan\u0131\u2019nda ger\u00e7ekle\u015ftirilen  konser, her ya\u015ftan ve her kesimden vatanda\u015flar\u0131n yo\u011fun ilgisi ile ger\u00e7ekle\u015fti. Renkli g\u00f6r\u00fcnt\u00fclere sahne olan konserde konu\u015fan Akdeniz Belediye Ba\u015fkan\u0131 Mustafa G\u00fcltak, Akdeniz\u2019e huzuru, karde\u015fli\u011fi ve bar\u0131\u015f\u0131 getirdiklerini kaydederek, \u201cDesteklerinizle bunlar\u0131n hepsinin teminat\u0131 olaca\u011f\u0131m\u0131n s\u00f6z\u00fcn\u00fc veriyorum\u201d dedi. <\/p>\n<p>Huzurkent Mahallesi\u2019ne bir\u00e7ok hizmet ger\u00e7ekle\u015ftirdiklerini aktaran G\u00fcltak, \u201c2 k\u00fclt\u00fcr evi yapt\u0131k, asfalt kald\u0131r\u0131m \u00e7al\u0131\u015fmalar\u0131n\u0131n yan\u0131 s\u0131ra yeni parklar a\u00e7t\u0131k. \u0130n\u015fallah bir i\u015fimiz kald\u0131 o da yeni d\u00f6neme, kapal\u0131 spor salonu Huzurkent\u2019e yak\u0131\u015f\u0131r\u201d ifadelerini konu\u015ftu.<\/p>\n<p>Soydan: \u201c5 y\u0131lda Akdeniz\u2019de \u00e7ok \u015fey de\u011fi\u015fti\u201d<br \/>\nCumhur \u0130ttifak\u0131 Mersin B\u00fcy\u00fck\u015fehir Belediyesi Aday\u0131 Serdar Soydan ise \u201cAkdeniz\u2019de 5 y\u0131lda \u00e7ok \u015fey de\u011fi\u015fti. Cumhur \u0130ttifak\u0131\u2019n\u0131n g\u00fcc\u00fcyle, Mustafa ba\u015fkan\u0131m\u0131n hizmetleriyle Akdeniz Belediyesi\u2019nin imkanlar\u0131yla bu kadar oldu. \u0130n\u015fallah 31 Mart\u2019tan sonra sizlerin deste\u011fi ile biz son sonuna kadar 24 saat t\u00fcm g\u00fcc\u00fcm\u00fczle, b\u00fcy\u00fck\u015fehirin yetki ve g\u00fcc\u00fcyle Mustafa ba\u015fkan\u0131m ile burada \u00e7ok i\u015f yapaca\u011f\u0131z. Hi\u00e7 \u015f\u00fcpheniz olmas\u0131n. Huzurkent, Mersin de\u011fer kazanacak ve daha ya\u015fanabilir kentler s\u0131ralamas\u0131nda Mersin ilk 5\u2019e girecek\u201d diye konu\u015ftu.<\/p>\n<p>Konu\u015fmalar\u0131n ard\u0131ndan sahne alan H\u00fcseyin Ka\u011f\u0131t, \u2018Sevmicem, \u00c7ok K\u00f6t\u00fcym\u00fc\u015fs\u00fcn, Zaten Belliydi Ta Ba\u015ftan\u2019 gibi sevilen \u015fark\u0131lar\u0131n\u0131 seslendirdi. Konser sonlar\u0131na do\u011fru Ba\u015fkan G\u00fcltak ve B\u00fcy\u00fck\u015fehir Belediyesi Ba\u015fkan aday\u0131 Serdar Soydan sahneye \u00e7\u0131karak, \u00e7iftetelli oynad\u0131. <\/p>\n","protected":false},"excerpt":{"rendered":"<p>Akdeniz Belediyesi, K\u00fclt\u00fcr ve Sosyal \u0130\u015fler M\u00fcd\u00fcrl\u00fc\u011f\u00fc taraf\u0131ndan Huzurkent Mahallesi\u2019nde ger\u00e7ekle\u015ftirilen H\u00fcseyin Ka\u011f\u0131t konseri, vatanda\u015flara unutulmaz bir ak\u015fam ya\u015fatt\u0131. Akdeniz Belediyesi, K\u00fclt\u00fcr ve Sosyal \u0130\u015fler M\u00fcd\u00fcrl\u00fc\u011f\u00fc taraf\u0131ndan Huzurkent Mahallesi\u2019nde d\u00fczenlenen &hellip; <a href=\"https:\/\/akdenizolaygazetesi.com\/?p=29722\" class=\"more-link\">Devam\u0131n\u0131 Oku&#8230;<\/a><\/p>\n","protected":false},"author":2,"featured_media":29723,"comment_status":"open","ping_status":"open","sticky":false,"template":"","format":"standard","meta":[],"categories":[2,3],"tags":[],"_links":{"self":[{"href":"https:\/\/akdenizolaygazetesi.com\/index.php?rest_route=\/wp\/v2\/posts\/29722"}],"collection":[{"href":"https:\/\/akdenizolaygazetesi.com\/index.php?rest_route=\/wp\/v2\/posts"}],"about":[{"href":"https:\/\/akdenizolaygazetesi.com\/index.php?rest_route=\/wp\/v2\/types\/post"}],"author":[{"embeddable":true,"href":"https:\/\/akdenizolaygazetesi.com\/index.php?rest_route=\/wp\/v2\/users\/2"}],"replies":[{"embeddable":true,"href":"https:\/\/akdenizolaygazetesi.com\/index.php?rest_route=%2Fwp%2Fv2%2Fcomments&post=29722"}],"version-history":[{"count":1,"href":"https:\/\/akdenizolaygazetesi.com\/index.php?rest_route=\/wp\/v2\/posts\/29722\/revisions"}],"predecessor-version":[{"id":29724,"href":"https:\/\/akdenizolaygazetesi.com\/index.php?rest_route=\/wp\/v2\/posts\/29722\/revisions\/29724"}],"wp:featuredmedia":[{"embeddable":true,"href":"https:\/\/akdenizolaygazetesi.com\/index.php?rest_route=\/wp\/v2\/media\/29723"}],"wp:attachment":[{"href":"https:\/\/akdenizolaygazetesi.com\/index.php?rest_route=%2Fwp%2Fv2%2Fmedia&parent=29722"}],"wp:term":[{"taxonomy":"category","embeddable":true,"href":"https:\/\/akdenizolaygazetesi.com\/index.php?rest_route=%2Fwp%2Fv2%2Fcategories&post=29722"},{"taxonomy":"post_tag","embeddable":true,"href":"https:\/\/akdenizolaygazetesi.com\/index.php?rest_route=%2Fwp%2Fv2%2Ftags&post=29722"}],"curies":[{"name":"wp","href":"https:\/\/api.w.org\/{rel}","templated":true}]}}