{"id":29728,"date":"2024-02-13T12:43:45","date_gmt":"2024-02-13T09:43:45","guid":{"rendered":"http:\/\/akdenizolaygazetesi.com\/?p=29728"},"modified":"2024-02-13T12:43:45","modified_gmt":"2024-02-13T09:43:45","slug":"kir-cicekleri-basariya-doymuyor","status":"publish","type":"post","link":"https:\/\/akdenizolaygazetesi.com\/?p=29728","title":{"rendered":"&#8216;KIR \u00c7\u0130\u00c7EKLER\u0130&#8217; BA\u015eARIYA DOYMUYOR"},"content":{"rendered":"<p>Mersin B\u00fcy\u00fck\u015fehir Belediyesi Gen\u00e7lik ve Spor Hizmetleri Daire Ba\u015fkanl\u0131\u011f\u0131&#8217;n\u0131n &#8216;K\u0131r \u00c7i\u00e7ekleri&#8217; projesi kapsam\u0131nda yeti\u015fen spora yetenekli k\u0131z \u00e7ocuklar\u0131, ba\u015far\u0131dan ba\u015far\u0131ya ko\u015fmaya ve kat\u0131ld\u0131klar\u0131 spor organizasyonlar\u0131nda \u00f6nemli dereceler almaya devam ediyor.<\/p>\n<p>Sporcu k\u0131zlar Bursa ve Ankara&#8217;da \u00f6nemli dereceler elde etti<\/p>\n<p>Kat\u0131ld\u0131klar\u0131 yar\u0131\u015fmalarda ald\u0131klar\u0131 \u015fampiyonluklar ve \u00f6nemli derecelerle gelece\u011fin \u015fampiyonlar\u0131 olma yolunda emin ad\u0131mlarla ilerleyen B\u00fcy\u00fck\u015fehir&#8217;in &#8216;K\u0131r \u00c7i\u00e7ekleri&#8217;, Mersin&#8217;i en g\u00fczel \u015fekilde temsil etmeye devam ediyor. Bursa ve Ankara&#8217;dan \u00f6nemli dereceler elde ederek kente d\u00f6nen K\u0131r \u00c7i\u00e7ekleri, bug\u00fcne kadar elde ettikleri \u015fampiyonluk ve bireysel derecelere yenilerini ekledi.<\/p>\n<p>Nidanur Turhan g\u00fclle atmada T\u00fcrkiye \u015fampiyonu oldu<\/p>\n<p>3-4 \u015eubat 2024 tarihleri aras\u0131nda Bursa Osmangazi Atletizm Salonu&#8217;nda ger\u00e7ekle\u015ftirilen &#8216;U16 Turkcell T\u00fcrkiye Atletizm \u015eampiyonas\u0131&#8217;na kat\u0131lan K\u0131r \u00c7i\u00e7ekleri, bir\u00e7ok \u00f6nemli derece elde etti. K\u0131r \u00c7i\u00e7ekleri sporcular\u0131ndan Nidanur Turhan, g\u00fclle atmada 11.47 ile T\u00fcrkiye \u015fampiyonu oldu. Song\u00fcl Karol da 300 metrede 43.74&#8217;l\u00fck derecesi ile T\u00fcrkiye 4.&#8217;s\u00fc oldu.<\/p>\n<p>Zeynep Karao\u011flan, G\u00fclseren Feyza Uysal, Semiha Sava\u015f ve Ay\u015feg\u00fcl Karata\u015f&#8217;\u0131n yer ald\u0131\u011f\u0131 2009 do\u011fumlu k\u0131zlardan olu\u015fan 4&#215;200 metre bayrak tak\u0131m\u0131 ile Song\u00fcl Karol, Mira\u00e7 Tarhan, Elif Azra Senate\u015f ve Gizem Keskin&#8217;in yer ald\u0131\u011f\u0131 2010 do\u011fumlu k\u0131zlardan olu\u015fan 4&#215;200 metre bayrak tak\u0131m\u0131 T\u00fcrkiye 3.&#8217;s\u00fc oldu. Bu sonu\u00e7larla beraber K\u0131r \u00c7i\u00e7ekleri sporcular\u0131, 7 T\u00fcrkiye derecesi ile Mersin&#8217;e d\u00f6nd\u00fc.<\/p>\n<p>1 \u015eubat 2024 tarihinde de Ankara&#8217;da d\u00fczenlenen &#8216;Y\u0131ld\u0131zlar T\u00fcrkiye Halter \u015eampiyonas\u0131&#8217;nda (18 ya\u015f alt\u0131) 49 kiloda yar\u0131\u015fan K\u0131r \u00c7i\u00e7e\u011fi sporcusu Reyhan Op\u00e7in, 21 sporcu aras\u0131nda T\u00fcrkiye 4.&#8217;s\u00fc olma ba\u015far\u0131s\u0131 g\u00f6sterdi.<\/p>\n","protected":false},"excerpt":{"rendered":"<p>Mersin B\u00fcy\u00fck\u015fehir Belediyesi Gen\u00e7lik ve Spor Hizmetleri Daire Ba\u015fkanl\u0131\u011f\u0131&#8217;n\u0131n &#8216;K\u0131r \u00c7i\u00e7ekleri&#8217; projesi kapsam\u0131nda yeti\u015fen spora yetenekli k\u0131z \u00e7ocuklar\u0131, ba\u015far\u0131dan ba\u015far\u0131ya ko\u015fmaya ve kat\u0131ld\u0131klar\u0131 spor organizasyonlar\u0131nda \u00f6nemli dereceler almaya devam ediyor. &hellip; <a href=\"https:\/\/akdenizolaygazetesi.com\/?p=29728\" class=\"more-link\">Devam\u0131n\u0131 Oku&#8230;<\/a><\/p>\n","protected":false},"author":2,"featured_media":29729,"comment_status":"open","ping_status":"open","sticky":false,"template":"","format":"standard","meta":[],"categories":[3,10],"tags":[],"_links":{"self":[{"href":"https:\/\/akdenizolaygazetesi.com\/index.php?rest_route=\/wp\/v2\/posts\/29728"}],"collection":[{"href":"https:\/\/akdenizolaygazetesi.com\/index.php?rest_route=\/wp\/v2\/posts"}],"about":[{"href":"https:\/\/akdenizolaygazetesi.com\/index.php?rest_route=\/wp\/v2\/types\/post"}],"author":[{"embeddable":true,"href":"https:\/\/akdenizolaygazetesi.com\/index.php?rest_route=\/wp\/v2\/users\/2"}],"replies":[{"embeddable":true,"href":"https:\/\/akdenizolaygazetesi.com\/index.php?rest_route=%2Fwp%2Fv2%2Fcomments&post=29728"}],"version-history":[{"count":1,"href":"https:\/\/akdenizolaygazetesi.com\/index.php?rest_route=\/wp\/v2\/posts\/29728\/revisions"}],"predecessor-version":[{"id":29730,"href":"https:\/\/akdenizolaygazetesi.com\/index.php?rest_route=\/wp\/v2\/posts\/29728\/revisions\/29730"}],"wp:featuredmedia":[{"embeddable":true,"href":"https:\/\/akdenizolaygazetesi.com\/index.php?rest_route=\/wp\/v2\/media\/29729"}],"wp:attachment":[{"href":"https:\/\/akdenizolaygazetesi.com\/index.php?rest_route=%2Fwp%2Fv2%2Fmedia&parent=29728"}],"wp:term":[{"taxonomy":"category","embeddable":true,"href":"https:\/\/akdenizolaygazetesi.com\/index.php?rest_route=%2Fwp%2Fv2%2Fcategories&post=29728"},{"taxonomy":"post_tag","embeddable":true,"href":"https:\/\/akdenizolaygazetesi.com\/index.php?rest_route=%2Fwp%2Fv2%2Ftags&post=29728"}],"curies":[{"name":"wp","href":"https:\/\/api.w.org\/{rel}","templated":true}]}}