{"id":29740,"date":"2024-02-13T12:52:38","date_gmt":"2024-02-13T09:52:38","guid":{"rendered":"http:\/\/akdenizolaygazetesi.com\/?p=29740"},"modified":"2024-02-13T12:52:38","modified_gmt":"2024-02-13T09:52:38","slug":"yanan-ev-temizlendi-zarar-goren-esyalar-tasindi","status":"publish","type":"post","link":"https:\/\/akdenizolaygazetesi.com\/?p=29740","title":{"rendered":"YANAN EV TEM\u0130ZLEND\u0130, ZARAR G\u00d6REN E\u015eYALAR TA\u015eINDI"},"content":{"rendered":"<p>Akdeniz Belediyesi, \u00d6zg\u00fcrl\u00fck Mahallesi\u2019nde evinin teras kat\u0131 yanan vatanda\u015fa yard\u0131m eli uzatt\u0131. \u00c7evre Koruma ve Kontrol M\u00fcd\u00fcrl\u00fc\u011f\u00fc ekipleri, k\u00fcle d\u00f6nen e\u015fyalar\u0131 ve \u00e7e\u015fitli malzemeleri binadan \u00e7\u0131kard\u0131, ard\u0131ndan evi temizleyip y\u0131kad\u0131.<br \/>\nAkdeniz Belediyesi, iyi g\u00fcn\u00fcnde oldu\u011fu gibi k\u00f6t\u00fc g\u00fcn\u00fcnde de ihtiya\u00e7 sahibi vatanda\u015flar\u0131 yaln\u0131z b\u0131rakm\u0131yor. \u00d6zg\u00fcrl\u00fck Mahallesi 6239 sokak numara 26\u2019da bulunan bir evin teras kat\u0131nda \u00e7\u0131kan yang\u0131n sonucu, ailenin evi, beyaz e\u015fyalar\u0131, mobilya ve bir\u00e7ok e\u015fyas\u0131 yanarak zarar g\u00f6rd\u00fc. Kendi imk\u00e2nlar\u0131yla evi bo\u015falt\u0131p temizleyemeyen yang\u0131n ma\u011fduru aile, Akdeniz Belediyesi\u2019ne ula\u015farak yard\u0131m istedi.<br \/>\nYanan e\u015fyalar teras kattan indirilip bina tamamen temizlendi<br \/>\nBunun \u00fczerine harekete ge\u00e7en \u00c7evre Koruma ve Kontrol M\u00fcd\u00fcrl\u00fc\u011f\u00fc ekipleri, i\u015f makineleri deste\u011fiyle mahalleye giderek evde bulunan ve yang\u0131n sonucu k\u00fcle d\u00f6nen, kullan\u0131lamaz hale gelen beyaz e\u015fyalar\u0131, mobilyalar\u0131 ve di\u011fer malzemeleri tek tek toplay\u0131p evden \u00e7\u0131kard\u0131. Ard\u0131ndan da ekipler, yang\u0131n nedeniyle zarar g\u00f6ren evde, teras kattan ba\u015flay\u0131p merdivenleri soka\u011f\u0131 tazyikli su ile y\u0131kay\u0131p b\u00f6lgeyi tamamen temizledi.<br \/>\nEvi yanan ma\u011fdur aile, g\u00f6sterilen duyarl\u0131l\u0131k ve kendilerine uzanan yard\u0131m eli dolay\u0131s\u0131yla Akdeniz Belediye Ba\u015fkan\u0131 Mustafa G\u00fcltak ile \u00c7evre Koruma ve Kontrol M\u00fcd\u00fcrl\u00fc\u011f\u00fc ekiplerine te\u015fekk\u00fcr etti. <\/p>\n","protected":false},"excerpt":{"rendered":"<p>Akdeniz Belediyesi, \u00d6zg\u00fcrl\u00fck Mahallesi\u2019nde evinin teras kat\u0131 yanan vatanda\u015fa yard\u0131m eli uzatt\u0131. \u00c7evre Koruma ve Kontrol M\u00fcd\u00fcrl\u00fc\u011f\u00fc ekipleri, k\u00fcle d\u00f6nen e\u015fyalar\u0131 ve \u00e7e\u015fitli malzemeleri binadan \u00e7\u0131kard\u0131, ard\u0131ndan evi temizleyip y\u0131kad\u0131. &hellip; <a href=\"https:\/\/akdenizolaygazetesi.com\/?p=29740\" class=\"more-link\">Devam\u0131n\u0131 Oku&#8230;<\/a><\/p>\n","protected":false},"author":2,"featured_media":29741,"comment_status":"open","ping_status":"open","sticky":false,"template":"","format":"standard","meta":[],"categories":[3],"tags":[],"_links":{"self":[{"href":"https:\/\/akdenizolaygazetesi.com\/index.php?rest_route=\/wp\/v2\/posts\/29740"}],"collection":[{"href":"https:\/\/akdenizolaygazetesi.com\/index.php?rest_route=\/wp\/v2\/posts"}],"about":[{"href":"https:\/\/akdenizolaygazetesi.com\/index.php?rest_route=\/wp\/v2\/types\/post"}],"author":[{"embeddable":true,"href":"https:\/\/akdenizolaygazetesi.com\/index.php?rest_route=\/wp\/v2\/users\/2"}],"replies":[{"embeddable":true,"href":"https:\/\/akdenizolaygazetesi.com\/index.php?rest_route=%2Fwp%2Fv2%2Fcomments&post=29740"}],"version-history":[{"count":1,"href":"https:\/\/akdenizolaygazetesi.com\/index.php?rest_route=\/wp\/v2\/posts\/29740\/revisions"}],"predecessor-version":[{"id":29742,"href":"https:\/\/akdenizolaygazetesi.com\/index.php?rest_route=\/wp\/v2\/posts\/29740\/revisions\/29742"}],"wp:featuredmedia":[{"embeddable":true,"href":"https:\/\/akdenizolaygazetesi.com\/index.php?rest_route=\/wp\/v2\/media\/29741"}],"wp:attachment":[{"href":"https:\/\/akdenizolaygazetesi.com\/index.php?rest_route=%2Fwp%2Fv2%2Fmedia&parent=29740"}],"wp:term":[{"taxonomy":"category","embeddable":true,"href":"https:\/\/akdenizolaygazetesi.com\/index.php?rest_route=%2Fwp%2Fv2%2Fcategories&post=29740"},{"taxonomy":"post_tag","embeddable":true,"href":"https:\/\/akdenizolaygazetesi.com\/index.php?rest_route=%2Fwp%2Fv2%2Ftags&post=29740"}],"curies":[{"name":"wp","href":"https:\/\/api.w.org\/{rel}","templated":true}]}}