{"id":29756,"date":"2024-02-14T13:01:08","date_gmt":"2024-02-14T10:01:08","guid":{"rendered":"http:\/\/akdenizolaygazetesi.com\/?p=29756"},"modified":"2024-02-14T13:01:08","modified_gmt":"2024-02-14T10:01:08","slug":"ogrenciye-projemizde-esnaflarimizla-birlikte-calisiyoruz","status":"publish","type":"post","link":"https:\/\/akdenizolaygazetesi.com\/?p=29756","title":{"rendered":"\u201c\u00d6\u011frenci\u2019Ye projemizde esnaflar\u0131m\u0131zla birlikte \u00e7al\u0131\u015f\u0131yoruz\u201d"},"content":{"rendered":"<p>Mersin Yeni\u015fehir Belediye Ba\u015fkan\u0131 Abdullah \u00d6zyi\u011fit, hayata ge\u00e7irdikleri projeleri de\u011ferlendirmek ve  g\u00f6r\u00fc\u015f al\u0131\u015fveri\u015finde bulunmak amac\u0131yla sivil toplum kurulu\u015flar\u0131yla bulu\u015fmalar\u0131n\u0131 s\u00fcrd\u00fcr\u00fcyor.  Mersin Esnaf ve Sanatkarlar Odalar\u0131 Birli\u011fi(ESOB) ve Mersin Serbest Muhasebeci Mali M\u00fc\u015favirler Odas\u0131(SMMMO)&#8217;n\u0131 ziyaret eden Ba\u015fkan \u00d6zyi\u011fit, Emek ve Demokrasi Platformu bile\u015feni kurumlar\u0131n temsilcilerini de a\u011f\u0131rlad\u0131.<br \/>\nYeni\u015fehir Belediye Ba\u015fkan\u0131 Abdullah \u00d6zyi\u011fit, 31 Mart yerel se\u00e7imleri \u00f6ncesinde toplum t\u00fcm kesimleriyle bir araya gelerek, 5 y\u0131ll\u0131k hizmet s\u00fcrecini de\u011ferlendirmeye devam ediyor. Sivil toplum kurulu\u015flar\u0131 bulu\u015fmalar\u0131n\u0131 s\u00fcrd\u00fcren Ba\u015fkan \u00d6zyi\u011fit, gelecek d\u00f6nem i\u00e7in talep ve \u00f6nerileri de al\u0131yor. Ba\u015fkan \u00d6zyi\u011fit, Mersin Esnaf ve Sanatkarlar Odalar\u0131 Birli\u011fi(ESOB) ziyaret ederek, Ba\u015fkan Veysel Sar\u0131 ve birli\u011fe ba\u011fl\u0131 odalar\u0131n ba\u015fkanlar\u0131yla bir araya geldi.<br \/>\n\u201cYeni\u015fehir Halk Kart ve Yeni\u015fehir \u00c7evreci Halk Kart ile sadece yerel esnaflardan al\u0131\u015fveri\u015f yap\u0131labiliyor\u201d<br \/>\nEsnaf temsilcileriyle projelerini payla\u015fan Ba\u015fkan Abdullah \u00d6zyi\u011fit, yerel esnaf\u0131n g\u00fc\u00e7lenmesi ve ayakta kalmas\u0131 i\u00e7in emek verdiklerini belirtti. Hayata ge\u00e7irdikleri Yeni\u015fehir Halk Kart ve Yeni\u015fehir \u00c7evreci Halk Kart ile sadece yerel esnaflardan al\u0131\u015fveri\u015f yap\u0131labildi\u011fini ifade eden Ba\u015fkan \u00d6zyi\u011fit, \u201c\u0130htiya\u00e7 sahibi vatanda\u015flar\u0131m\u0131z\u0131n hayat\u0131n\u0131 kolayla\u015ft\u0131rmak ve aile b\u00fct\u00e7elerine katk\u0131 sunmak amac\u0131yla ayl\u0131k 750\u2019lik nakdi destek sa\u011flad\u0131\u011f\u0131m\u0131z Yeni\u015fehir Halk Kart ve Yeni\u015fehirlilerin at\u0131klardan gelir elde etti\u011fi Yeni\u015fehir \u00c7evreci Halk Kart projemizde sadece yerel esnaflar\u0131m\u0131zdan al\u0131\u015fveri\u015f yap\u0131labiliyor. Yeni\u015fehir \u00c7evreci Halk Kart ile ayl\u0131k 3 bin TL\u2019ye kadar kazan\u00e7 sa\u011flanabildi\u011fini g\u00f6rd\u00fck. Hem at\u0131klar\u0131n geri d\u00f6n\u00fc\u015f\u00fcm\u00fcn\u00fc sa\u011fl\u0131yor, hem de aile b\u00fct\u00e7esine katk\u0131  veriyoruz. Bunun yan\u0131 s\u0131ra kart sahipleri al\u0131\u015fveri\u015flerini yerel esnaflardan yap\u0131yor. Yeni\u015fehir\u2019in paras\u0131 Yeni\u015fehir\u2019de kal\u0131yor.\u201d dedi.<br \/>\n\u201c\u00d6\u011frenci\u2019Ye projemizde esnaflar\u0131m\u0131zla birlikte \u00e7al\u0131\u015f\u0131yoruz\u201d<br \/>\n\u00d6\u011frenci\u2019YE projesini esnaflarla birlikte y\u00fcr\u00fctt\u00fcklerini ifade eden Ba\u015fkan \u00d6zyi\u011fit, \u201cKentimizde okuyan \u00fcniversiteli \u00f6\u011frencilere \u00fccretsiz yemek imkan\u0131 sundu\u011fumuz \u00d6\u011frenci\u2019Ye projesini hayata ge\u00e7irdik. \u015eu anda 2 bin \u00fcniversiteli gencimize esnaflar\u0131m\u0131zla destek veriyoruz . Bu projemizle de esnaflar\u0131m\u0131zla \u00e7al\u0131\u015f\u0131yoruz. Yeni\u015fehir esnaf\u0131 ile dayan\u0131\u015fma i\u00e7erisinde, \u00f6\u011frencilerimize katk\u0131da bulunuyoruz. T\u00fcm esnaflar\u0131m\u0131za te\u015fekk\u00fcr ediyorum.\u201d \u015feklinde konu\u015ftu.<br \/>\n\u201c\u0130kinci bal\u0131k pazar\u0131n\u0131n temelini yak\u0131n zamanda ataca\u011f\u0131z\u201d<br \/>\nYeni\u015fehir Belediyesi olarak G\u00f6\u00e7men Bal\u0131k Pazar\u0131\u2019n\u0131 in\u015fa ederek, hizmete a\u00e7t\u0131klar\u0131n\u0131 ve pazar\u0131 Yeni\u015fehirli esnafa a\u00e7t\u0131klar\u0131n\u0131 belirten Ba\u015fkan Abdullah \u00d6zyi\u011fit, \u201c Yeni bir bal\u0131k pazar\u0131 daha kuraca\u011f\u0131z, k\u0131sa s\u00fcrede temelini ataca\u011f\u0131z. Esnaflar\u0131m\u0131za alan a\u00e7\u0131yoruz, elbette hem\u015fehrilerimize de daha uygun fiyatlarla taze bal\u0131\u011fa ula\u015fmalar\u0131na imkan sa\u011fl\u0131yoruz.\u201d dedi.<br \/>\n\u201cYeni\u015fehir\u2019e sanayi sitesi kurulmas\u0131 i\u00e7in elimizden geleni yapaca\u011f\u0131z\u201d<br \/>\nMersin Esnaf ve Sanatkarlar Odalar\u0131 Birli\u011fi(ESOB) Ba\u015fkan\u0131 Veysel Sar\u0131 ve birli\u011fe ba\u011fl\u0131 oda ba\u015fkanlar\u0131n\u0131n \u00f6neri ve taleplerini de alan Ba\u015fkan Abdullah \u00d6zyi\u011fit, Yeni\u015fehir\u2019de bir sanayi sitesi kurulmas\u0131 ile ilgili konu\u015ftu. \u00d6zyi\u011fit, \u201cBu d\u00f6nemde b\u00f6yle bir giri\u015fimimiz oldu. Ancak B\u00fcy\u00fck\u015fehir Belediye Meclisince kabul g\u00f6rmedi, yeni d\u00f6nemde tekrar haz\u0131rl\u0131\u011f\u0131m\u0131z\u0131 yapaca\u011f\u0131z. Esnaf odalar\u0131m\u0131zla birlikte \u00e7al\u0131\u015farak, Yeni\u015fehir\u2019e sanayi sitesi kurulmas\u0131 i\u00e7in elimizden geleni yapaca\u011f\u0131z.\u201d ifadelerini kulland\u0131.<br \/>\nBa\u015fkan \u00d6zyi\u011fit, Alanya Soka\u011f\u0131\u2019n\u0131 \u00f6rnek g\u00f6sterdi<br \/>\nAlanya Soka\u011f\u0131\u2019n\u0131 ba\u015ftan a\u015fa\u011f\u0131ya yenilediklerini ve kuzey-g\u00fcney y\u00f6n\u00fcnde trafi\u011fe kapatt\u0131klar\u0131na dikkat \u00e7eken \u00d6zyi\u011fit, \u201cAlanya Soka\u011f\u0131 esnaf\u0131 da vatanda\u015flar\u0131m\u0131z da oradaki \u00e7al\u0131\u015fmalar\u0131m\u0131zdan \u00e7ok memnun kald\u0131. Esnaflar\u0131m\u0131z\u0131 ziyaretimde gelirlerinin artt\u0131\u011f\u0131n\u0131 s\u00f6yl\u00fcyorlar, g\u00fczel bir ya\u015fam alan\u0131 oldu. Al\u0131\u015fveri\u015f merkezlerine mahkum de\u011filiz. Bu sokaklar\u0131m\u0131z\u0131n say\u0131s\u0131n\u0131 artt\u0131raca\u011f\u0131z.\u201d dedi.  Mersin ESOB Ba\u015fkan\u0131 Veysel Sar\u0131, Ba\u015fkan Abdullah \u00d6zyi\u011fit\u2019e destekleri ve ziyaretlerinden dolay\u0131 te\u015fekk\u00fcr ederek, ba\u015far\u0131lar diledi.<br \/>\nBa\u015fkan Abdullah \u00d6zyi\u011fit, Mersin Serbest Muhasebeci Mali M\u00fc\u015favirler Odas\u0131(SMMMO)&#8217;n\u0131 da ziyaret ederek, SMMMO Ba\u015fkan\u0131 Emin Levent T\u00fcrkili ve y\u00f6netim kurulu \u00fcyeleriyle bir araya geldi. Mali m\u00fc\u015favirlerle hayata ge\u00e7irdikleri projeleri payla\u015fan Ba\u015fkan Abdullah \u00d6zyi\u011fit, talep ve \u00f6nerilerini ald\u0131.<br \/>\nEmek ve Demokrasi Platformu bile\u015feni kurumlar\u0131n temsilcilerini a\u011f\u0131rlayan Ba\u015fkan \u00d6zyi\u011fit, \u201cEkmekten, demokrasiden yana y\u0131llard\u0131r birlikte m\u00fccadele etti\u011fimiz dostlar\u0131m\u0131z\u0131n her bir \u00f6nerisi bizim i\u00e7in \u00e7ok k\u0131ymetlidir. Ziyaretleri ve de\u011ferli katk\u0131lar\u0131ndan dolay\u0131 te\u015fekk\u00fcr ediyorum.\u201d ifadelerini kulland\u0131. <\/p>\n","protected":false},"excerpt":{"rendered":"<p>Mersin Yeni\u015fehir Belediye Ba\u015fkan\u0131 Abdullah \u00d6zyi\u011fit, hayata ge\u00e7irdikleri projeleri de\u011ferlendirmek ve g\u00f6r\u00fc\u015f al\u0131\u015fveri\u015finde bulunmak amac\u0131yla sivil toplum kurulu\u015flar\u0131yla bulu\u015fmalar\u0131n\u0131 s\u00fcrd\u00fcr\u00fcyor. Mersin Esnaf ve Sanatkarlar Odalar\u0131 Birli\u011fi(ESOB) ve Mersin Serbest Muhasebeci &hellip; <a href=\"https:\/\/akdenizolaygazetesi.com\/?p=29756\" class=\"more-link\">Devam\u0131n\u0131 Oku&#8230;<\/a><\/p>\n","protected":false},"author":2,"featured_media":29757,"comment_status":"open","ping_status":"open","sticky":false,"template":"","format":"standard","meta":[],"categories":[1,2,3,5],"tags":[],"_links":{"self":[{"href":"https:\/\/akdenizolaygazetesi.com\/index.php?rest_route=\/wp\/v2\/posts\/29756"}],"collection":[{"href":"https:\/\/akdenizolaygazetesi.com\/index.php?rest_route=\/wp\/v2\/posts"}],"about":[{"href":"https:\/\/akdenizolaygazetesi.com\/index.php?rest_route=\/wp\/v2\/types\/post"}],"author":[{"embeddable":true,"href":"https:\/\/akdenizolaygazetesi.com\/index.php?rest_route=\/wp\/v2\/users\/2"}],"replies":[{"embeddable":true,"href":"https:\/\/akdenizolaygazetesi.com\/index.php?rest_route=%2Fwp%2Fv2%2Fcomments&post=29756"}],"version-history":[{"count":1,"href":"https:\/\/akdenizolaygazetesi.com\/index.php?rest_route=\/wp\/v2\/posts\/29756\/revisions"}],"predecessor-version":[{"id":29758,"href":"https:\/\/akdenizolaygazetesi.com\/index.php?rest_route=\/wp\/v2\/posts\/29756\/revisions\/29758"}],"wp:featuredmedia":[{"embeddable":true,"href":"https:\/\/akdenizolaygazetesi.com\/index.php?rest_route=\/wp\/v2\/media\/29757"}],"wp:attachment":[{"href":"https:\/\/akdenizolaygazetesi.com\/index.php?rest_route=%2Fwp%2Fv2%2Fmedia&parent=29756"}],"wp:term":[{"taxonomy":"category","embeddable":true,"href":"https:\/\/akdenizolaygazetesi.com\/index.php?rest_route=%2Fwp%2Fv2%2Fcategories&post=29756"},{"taxonomy":"post_tag","embeddable":true,"href":"https:\/\/akdenizolaygazetesi.com\/index.php?rest_route=%2Fwp%2Fv2%2Ftags&post=29756"}],"curies":[{"name":"wp","href":"https:\/\/api.w.org\/{rel}","templated":true}]}}