{"id":29759,"date":"2024-02-14T13:02:54","date_gmt":"2024-02-14T10:02:54","guid":{"rendered":"http:\/\/akdenizolaygazetesi.com\/?p=29759"},"modified":"2024-02-14T13:02:54","modified_gmt":"2024-02-14T10:02:54","slug":"akdenizde-yapacagimiz-daha-cok-isimiz-var","status":"publish","type":"post","link":"https:\/\/akdenizolaygazetesi.com\/?p=29759","title":{"rendered":"\u201cAKDEN\u0130Z\u2019DE YAPACA\u011eIMIZ DAHA \u00c7OK \u0130\u015e\u0130M\u0130Z VAR\u201d"},"content":{"rendered":"<p>Akdeniz Belediye Ba\u015fkan\u0131 Mustafa G\u00fcltak, mahalle ve esnaf gezileri kapsam\u0131nda 3 Ocak ve Yenimahalle de esnaf ve vatanda\u015flarla bulu\u015ftu. Vatanda\u015flara seslenen Ba\u015fkan G\u00fcltak, adaylar\u0131n belli oldu\u011funu belirterek; \u201cAkdeniz\u2019de 5 y\u0131ld\u0131r yapt\u0131klar\u0131m\u0131z ortada. Daha yapaca\u011f\u0131m\u0131z \u00e7ok i\u015f var. Bundan sonra takdir vatanda\u015f\u0131m\u0131z\u0131nd\u0131r. Akdeniz\u2019de yeniden g\u00f6rev alarak yar\u0131m kalan i\u015fleri tamamlamak i\u00e7in desteklerinizi istiyorum\u201d dedi.<br \/>\nMahalle ziyaretlerinde her ya\u015ftan vatanda\u015f\u0131n yo\u011fun ilgi ve sevgisi ile kar\u015f\u0131la\u015fan Ba\u015fkan G\u00fcltak, 31 Mart\u2019ta yap\u0131lacak yerel se\u00e7imler i\u00e7in se\u00e7menlerden destek istedi. Bulu\u015fmada vatanda\u015flar\u0131n tek tek sorular\u0131n\u0131 da yan\u0131tlayan Ba\u015fkan G\u00fcltak, \u00e7ocuklar\u0131 da hediyelerle sevindirdi. Be\u015f y\u0131l\u0131n geride kald\u0131\u011f\u0131n\u0131, 31 Mart\u2019ta \u00e7ok kritik bir se\u00e7ime gireceklerini s\u00f6yleyen ve g\u00f6reve geldiklerinde il\u00e7enin \u00fcst\u00fcnde kara bulutlar dola\u015ft\u0131\u011f\u0131n\u0131 s\u00f6yledi. Ba\u015fkan G\u00fcltak;  \u201cBar\u0131\u015f\u0131n, karde\u015fli\u011fin, huzurun kalmad\u0131\u011f\u0131 bir Akdeniz vard\u0131. Kimileri mezheplerinden dolay\u0131, kimileri etnik k\u00f6kenlerinden, kimileri g\u00f6r\u00fc\u015flerinden dolay\u0131 ayr\u0131\u015ft\u0131r\u0131lm\u0131\u015ft\u0131. Bug\u00fcn art\u0131k \u00f6yle de\u011fil&#8230; Akdeniz\u2019de tamamen huzur, bar\u0131\u015f ve karde\u015flik h\u00e2kim. Hi\u00e7 kimse ayr\u0131\u015ft\u0131r\u0131lm\u0131yor. Art\u0131k belediye kap\u0131s\u0131nda g\u00f6revli gen\u00e7 karde\u015flerimiz, gelen herkesi kolonya ile kar\u015f\u0131l\u0131yor. Yani belediye art\u0131k vatanda\u015f\u0131m\u0131z\u0131n evi oldu\u201d diye konu\u015ftu.<br \/>\n \u201cHuzurun, bar\u0131\u015f\u0131n ve karde\u015fli\u011fin teminat\u0131 olaca\u011f\u0131z\u201d<br \/>\nG\u00f6rev s\u00fcresince her vatanda\u015fla bire bir ilgilendiklerinin alt\u0131n\u0131 \u00e7izen Ba\u015fkan G\u00fcltak, \u201cFakat Akdeniz, halen lay\u0131k oldu\u011fu yerde de\u011fil. Akdeniz bir kere liman \u015fehri, \u00e7ok kritik bir il\u00e7e&#8230; Burada daha \u00e7ok yap\u0131lacak i\u015f var. \u00d6n\u00fcm\u00fczde se\u00e7im var. 31 Mart\u2019ta art\u0131k adaylar belli oldu. Kar\u015f\u0131n\u0131za gelecek ki\u015filer belli. Benim 5 y\u0131ld\u0131r yapt\u0131klar\u0131m\u0131z ortada. Takdir art\u0131k vatanda\u015f\u0131m\u0131z\u0131nd\u0131r. Oy kutsald\u0131r, kimsenin oyunu zorla alamazs\u0131n. \u00c7ocuklar\u0131m\u0131za, gen\u00e7lerimize, kad\u0131nlar\u0131m\u0131za yapt\u0131klar\u0131m\u0131z\u0131 anlatt\u0131m.<br \/>\nBen bu yapt\u0131klar\u0131m\u0131n hepsini bir tarafa koyuyorum. Bunlardan \u00e7ok daha \u00f6nemlisinin \u015fu oldu\u011funa inan\u0131yorum. Huzurunuz yoksa bunlar\u0131n hi\u00e7birinin \u00f6nemi yok. Evinizin \u00f6n\u00fcnde araban\u0131z da olsa, asfalt da olsa, i\u015finiz g\u00fcc\u00fcn\u00fcz de olsa huzurunuz yoksa bo\u015f. Hat\u0131rlay\u0131n baz\u0131 mahallelere arabayla giremezdiniz ta\u015flan\u0131rd\u0131n\u0131z. Biber gaz\u0131ndan oturamazd\u0131n\u0131z. Biz \u015funun s\u00f6z\u00fcn\u00fc veriyoruz. Bu yapt\u0131klar\u0131m\u0131z\u0131n ayn\u0131s\u0131n\u0131 yapmaya devam edece\u011fiz. Ayn\u0131 zamanda huzurunuzun, bar\u0131\u015f\u0131n\u0131z\u0131n ve karde\u015fli\u011finizin teminat\u0131 olaca\u011f\u0131z. Sizler i\u00e7in 5 y\u0131l daha Akdeniz\u2019de yar\u0131m kalan i\u015fleri tamamlamak istiyorum. Uygun g\u00f6r\u00fcrseniz sizinle birlikte bir 5 y\u0131l daha burada ba\u015fkanl\u0131k yapmak istiyorum\u201d \u015feklinde konu\u015ftu.<br \/>\n\u201c6 \u015eubat evlerin ev de\u011fil de tabut oldu\u011funu g\u00f6sterdi\u201d<br \/>\nBa\u015fkan G\u00fcltak, eskiden imar\u0131n kimsenin umurunda olmad\u0131\u011f\u0131na dikkat \u00e7ekti\u011fi konu\u015fmas\u0131nda; \u201cHerkeste, \u2018ka\u00e7ak ev yap gitsin\u2019 havas\u0131 vard\u0131. 6 \u015eubat bize ac\u0131 \u015fekilde \u00f6\u011fretti. Binlerce vatanda\u015f\u0131m\u0131z hayat\u0131n\u0131 kaybetti, binlerce vatanda\u015f\u0131m\u0131z da yaraland\u0131. Ka\u00e7ak yap\u0131n\u0131n ne kadar k\u00f6t\u00fc oldu\u011funu g\u00f6rd\u00fck. Evlerimizde en de\u011ferlilerimizi ta\u015f\u0131yoruz. 6 \u015eubat, evlerin ev de\u011fil tabut oldu\u011funu g\u00f6sterdi. O y\u00fczden kentsel d\u00f6n\u00fc\u015f\u00fcm\u00fc \u00f6nemsedik, \u00e7ok daha \u00f6nce ba\u015flad\u0131k. Akdeniz\u2019in en acil ihtiya\u00e7lar\u0131ndan biri kentsel d\u00f6n\u00fc\u015f\u00fcm. Bu \u015fehrin de\u011fi\u015fmesi laz\u0131m&#8230; Allah korusun yak\u0131n bir ilimizde \u015fiddetli bir deprem olursa biz s\u0131k\u0131nt\u0131ya gireriz. Direk deprem ku\u015fa\u011f\u0131nda de\u011filiz ama hemen yan\u0131m\u0131zda Adana var. Orada olacak bir deprem Mersin\u2019de ciddi y\u0131k\u0131mlara sebep olur. Tedbir almam\u0131z gerekiyor. \u015eehrin imar\u0131n\u0131 yapma, kentsel d\u00f6n\u00fc\u015f\u00fcm yapma, \u015fehirde ka\u00e7a\u011fa g\u00f6z yum, sonra \u2018Allah korusun\u2019. Bu \u015fekilde asla \u00e7\u00f6z\u00fcm bulamay\u0131z. Akdeniz\u2019de biz \u015fu ana kadar bin konut yapt\u0131k. \u0130n\u015fallah \u00f6n\u00fcm\u00fczdeki d\u00f6nemde se\u00e7ildi\u011fimiz takdirde kentsel d\u00f6n\u00fc\u015f\u00fcme devam edece\u011fiz\u201d ifadelerini kulland\u0131.<\/p>\n","protected":false},"excerpt":{"rendered":"<p>Akdeniz Belediye Ba\u015fkan\u0131 Mustafa G\u00fcltak, mahalle ve esnaf gezileri kapsam\u0131nda 3 Ocak ve Yenimahalle de esnaf ve vatanda\u015flarla bulu\u015ftu. Vatanda\u015flara seslenen Ba\u015fkan G\u00fcltak, adaylar\u0131n belli oldu\u011funu belirterek; \u201cAkdeniz\u2019de 5 y\u0131ld\u0131r &hellip; <a href=\"https:\/\/akdenizolaygazetesi.com\/?p=29759\" class=\"more-link\">Devam\u0131n\u0131 Oku&#8230;<\/a><\/p>\n","protected":false},"author":2,"featured_media":29760,"comment_status":"open","ping_status":"open","sticky":false,"template":"","format":"standard","meta":[],"categories":[1,2,3,5],"tags":[],"_links":{"self":[{"href":"https:\/\/akdenizolaygazetesi.com\/index.php?rest_route=\/wp\/v2\/posts\/29759"}],"collection":[{"href":"https:\/\/akdenizolaygazetesi.com\/index.php?rest_route=\/wp\/v2\/posts"}],"about":[{"href":"https:\/\/akdenizolaygazetesi.com\/index.php?rest_route=\/wp\/v2\/types\/post"}],"author":[{"embeddable":true,"href":"https:\/\/akdenizolaygazetesi.com\/index.php?rest_route=\/wp\/v2\/users\/2"}],"replies":[{"embeddable":true,"href":"https:\/\/akdenizolaygazetesi.com\/index.php?rest_route=%2Fwp%2Fv2%2Fcomments&post=29759"}],"version-history":[{"count":1,"href":"https:\/\/akdenizolaygazetesi.com\/index.php?rest_route=\/wp\/v2\/posts\/29759\/revisions"}],"predecessor-version":[{"id":29761,"href":"https:\/\/akdenizolaygazetesi.com\/index.php?rest_route=\/wp\/v2\/posts\/29759\/revisions\/29761"}],"wp:featuredmedia":[{"embeddable":true,"href":"https:\/\/akdenizolaygazetesi.com\/index.php?rest_route=\/wp\/v2\/media\/29760"}],"wp:attachment":[{"href":"https:\/\/akdenizolaygazetesi.com\/index.php?rest_route=%2Fwp%2Fv2%2Fmedia&parent=29759"}],"wp:term":[{"taxonomy":"category","embeddable":true,"href":"https:\/\/akdenizolaygazetesi.com\/index.php?rest_route=%2Fwp%2Fv2%2Fcategories&post=29759"},{"taxonomy":"post_tag","embeddable":true,"href":"https:\/\/akdenizolaygazetesi.com\/index.php?rest_route=%2Fwp%2Fv2%2Ftags&post=29759"}],"curies":[{"name":"wp","href":"https:\/\/api.w.org\/{rel}","templated":true}]}}