{"id":29763,"date":"2024-02-15T12:04:50","date_gmt":"2024-02-15T09:04:50","guid":{"rendered":"http:\/\/akdenizolaygazetesi.com\/?p=29763"},"modified":"2024-02-15T12:04:50","modified_gmt":"2024-02-15T09:04:50","slug":"toroslarda-sevgililer-gununde-rekor-nikah","status":"publish","type":"post","link":"https:\/\/akdenizolaygazetesi.com\/?p=29763","title":{"rendered":"TOROSLAR&#8217;DA, SEVG\u0130L\u0130LER G\u00dcN\u00dc&#8217;NDE REKOR N\u0130KAH"},"content":{"rendered":"<p>Mersin&#8217;de, 14 \u015eubat Sevgililer G\u00fcn\u00fc&#8217;nde evlenmek isteyen 22 \u00e7ift, merkez il\u00e7e Toroslar Belediyesine m\u00fcracaat etti.<\/p>\n<p>Sevgililer G\u00fcn\u00fc&#8217;n\u00fc kendileri i\u00e7in daha \u00f6zel bir tarihe getirmek isteyen 22 \u00e7iftin nikah akitleri, sabah saat 8.00&#8217;da ba\u015flad\u0131 ve g\u00fcn boyu s\u00fcrd\u00fc. Yunus Emre K\u00fclt\u00fcr Merkezi&#8217;nde yap\u0131lan nikah t\u00f6reni, yar\u0131m saatte bir ger\u00e7ekle\u015ftirildi.<\/p>\n<p>Toroslar Belediyesi, Mersin&#8217;de bir g\u00fcnde rekor seviyede nikah k\u0131yan belediye oldu.<\/p>\n<p>Nikahlar\u0131n ard\u0131ndan duygular\u0131n\u0131 ifade eden \u00e7iftler, evlilik tarihlerinin \u00f6zel olmas\u0131n\u0131 istediklerini belirterek; &#8220;Evlilik y\u0131l d\u00f6n\u00fcmlerimizi 14 \u015eubat Sevgililer G\u00fcn\u00fc&#8217;nde kutlaman\u0131n mutlulu\u011funu ya\u015fayaca\u011f\u0131z&#8221; dedi.<\/p>\n<p>&#8220;B\u0130R \u00d6M\u00dcR BOYU MUTLULUKLAR D\u0130L\u0130YORUM&#8221;<\/p>\n<p>Toroslar Belediye Ba\u015fkan\u0131 Ats\u0131z Af\u015f\u0131n Y\u0131lmaz, 14 \u015eubat Sevgililer G\u00fcn\u00fc&#8217;nde rekor bir m\u00fcracaat ald\u0131klar\u0131n\u0131 kaydederek, t\u00fcm \u00e7iftlere bir \u00f6m\u00fcr boyu mutluluklar diledi.<\/p>\n<p>&#8220;14 \u015eubat Sevgililer G\u00fcn\u00fc&#8217;n\u00fcn \u015fehrimize, \u00fclkemize ve t\u00fcm d\u00fcnyaya sevgi, bar\u0131\u015f ve mutluluk getirmesini temenni ediyorum&#8221; diyen Ba\u015fkan Y\u0131lmaz; &#8220;Aile yap\u0131s\u0131 ne kadar g\u00fc\u00e7l\u00fc ve sa\u011flam olursa toplum da o kadar g\u00fc\u00e7l\u00fc olur. Hayatlar\u0131n\u0131 birle\u015ftiren \u00e7iftlerimizin nikahlar\u0131n\u0131n hay\u0131rl\u0131 olmas\u0131n\u0131 diliyorum&#8221; ifadelerini kulland\u0131.<\/p>\n","protected":false},"excerpt":{"rendered":"<p>Mersin&#8217;de, 14 \u015eubat Sevgililer G\u00fcn\u00fc&#8217;nde evlenmek isteyen 22 \u00e7ift, merkez il\u00e7e Toroslar Belediyesine m\u00fcracaat etti. Sevgililer G\u00fcn\u00fc&#8217;n\u00fc kendileri i\u00e7in daha \u00f6zel bir tarihe getirmek isteyen 22 \u00e7iftin nikah akitleri, sabah &hellip; <a href=\"https:\/\/akdenizolaygazetesi.com\/?p=29763\" class=\"more-link\">Devam\u0131n\u0131 Oku&#8230;<\/a><\/p>\n","protected":false},"author":2,"featured_media":29764,"comment_status":"open","ping_status":"open","sticky":false,"template":"","format":"standard","meta":[],"categories":[3],"tags":[],"_links":{"self":[{"href":"https:\/\/akdenizolaygazetesi.com\/index.php?rest_route=\/wp\/v2\/posts\/29763"}],"collection":[{"href":"https:\/\/akdenizolaygazetesi.com\/index.php?rest_route=\/wp\/v2\/posts"}],"about":[{"href":"https:\/\/akdenizolaygazetesi.com\/index.php?rest_route=\/wp\/v2\/types\/post"}],"author":[{"embeddable":true,"href":"https:\/\/akdenizolaygazetesi.com\/index.php?rest_route=\/wp\/v2\/users\/2"}],"replies":[{"embeddable":true,"href":"https:\/\/akdenizolaygazetesi.com\/index.php?rest_route=%2Fwp%2Fv2%2Fcomments&post=29763"}],"version-history":[{"count":1,"href":"https:\/\/akdenizolaygazetesi.com\/index.php?rest_route=\/wp\/v2\/posts\/29763\/revisions"}],"predecessor-version":[{"id":29765,"href":"https:\/\/akdenizolaygazetesi.com\/index.php?rest_route=\/wp\/v2\/posts\/29763\/revisions\/29765"}],"wp:featuredmedia":[{"embeddable":true,"href":"https:\/\/akdenizolaygazetesi.com\/index.php?rest_route=\/wp\/v2\/media\/29764"}],"wp:attachment":[{"href":"https:\/\/akdenizolaygazetesi.com\/index.php?rest_route=%2Fwp%2Fv2%2Fmedia&parent=29763"}],"wp:term":[{"taxonomy":"category","embeddable":true,"href":"https:\/\/akdenizolaygazetesi.com\/index.php?rest_route=%2Fwp%2Fv2%2Fcategories&post=29763"},{"taxonomy":"post_tag","embeddable":true,"href":"https:\/\/akdenizolaygazetesi.com\/index.php?rest_route=%2Fwp%2Fv2%2Ftags&post=29763"}],"curies":[{"name":"wp","href":"https:\/\/api.w.org\/{rel}","templated":true}]}}