{"id":29789,"date":"2024-02-16T12:49:02","date_gmt":"2024-02-16T09:49:02","guid":{"rendered":"http:\/\/akdenizolaygazetesi.com\/?p=29789"},"modified":"2024-02-16T12:49:02","modified_gmt":"2024-02-16T09:49:02","slug":"baskan-gultak-tekstil-calisanlariyla-bulustu","status":"publish","type":"post","link":"https:\/\/akdenizolaygazetesi.com\/?p=29789","title":{"rendered":"BA\u015eKAN G\u00dcLTAK, TEKST\u0130L \u00c7ALI\u015eANLARIYLA BULU\u015eTU"},"content":{"rendered":"<p>Akdeniz Belediye Ba\u015fkan\u0131 M. Mustafa G\u00fcltak, se\u00e7im \u00e7al\u0131\u015fmalar\u0131 kapsam\u0131nda tekstil \u00e7al\u0131\u015fanlar\u0131yla bulu\u015ftu. Akdeniz\u2019de art\u0131k huzurun oldu\u011funu dile getiren G\u00fcltak, \u201cEn b\u00fcy\u00fck sorun huzurdu. \u00c7ok \u015f\u00fck\u00fcr 5 y\u0131ld\u0131r Akdeniz\u2019de art\u0131k huzur, bar\u0131\u015f ve karde\u015flik var\u201d dedi.<br \/>\nBa\u015fkan G\u00fcltak, Cumhur \u0130ttifak\u0131 Mersin B\u00fcy\u00fck\u015fehir Belediye Ba\u015fkan Aday\u0131 Serdar Soydan ile Toroslar Belediye Ba\u015fkan\u0131 Aday\u0131 Ali \u00d6z, AK Parti ve MHP il\u00e7e y\u00f6neticileriyle birlikte il\u00e7ede bulunan tekstil merkezindeki firmalarda \u00e7al\u0131\u015fan i\u015f\u00e7ilerle bulu\u015ftu. \u00c7al\u0131\u015fanlarla tek tek sohbet edip, kolay gelsin dileklerini sunan G\u00fcltak ve beraberindekiler, kad\u0131n \u00e7al\u0131\u015fanlara da karanfil da\u011f\u0131tt\u0131.<br \/>\n\u201c5 y\u0131ld\u0131r Akdeniz\u2019de huzur var\u201d<br \/>\nBulu\u015fmada \u00e7al\u0131\u015fanlara seslenen Ba\u015fkan Mustafa G\u00fcltak, g\u00f6reve geldikleri g\u00fcnden bug\u00fcne Akdeniz\u2019de \u00e7ok i\u015f yapt\u0131klar\u0131n\u0131 s\u00f6yledi.  Akdeniz\u2019e huzuru getirdiklerini vurgulayan G\u00fcltak, \u201cBunu en iyi siz bilirsiniz. Bundan 6-7 y\u0131l \u00f6nce mahallerdeki olaylar ortadayd\u0131. \u00c7ok \u015f\u00fck\u00fcr 5 y\u0131ld\u0131r Akdeniz\u2019de huzur var. Art\u0131k gece saatlerinde bile il\u00e7ede gezebiliyorsunuz. Huzurun yan\u0131nda bar\u0131\u015f ve karde\u015flik var. Hi\u00e7bir Arap karde\u015fimiz kendisini \u00f6tede hissetmiyor. Hi\u00e7bir K\u00fcrt karde\u015fimiz kendisini d\u0131\u015flanm\u0131\u015f hissetmiyor. Bunlar Akdeniz i\u00e7in \u00f6nemli. \u00c7\u00fcnk\u00fc biz huzuru sa\u011flamadan, imarda getirseniz, kentsel d\u00f6n\u00fc\u015f\u00fcmde yapsan\u0131z bunlar\u0131n hi\u00e7bir \u00f6nemi yok. Akdeniz\u2019in en b\u00fcy\u00fck sorunu huzurdu onu da \u00e7\u00f6zd\u00fck. Akdeniz\u2019in birde uyu\u015fturucu sorunu vard\u0131. Eskiden elektrik dire\u011fi gibi 25 metreye bir uyu\u015fturucu sat\u0131c\u0131s\u0131 vard\u0131. \u015eimdi ise bu sorunu da neredeyse bitirdik. Yapanda \u00e7ok gizli yapabiliyor. \u00c7ocuklar\u0131m\u0131z zehirleniyordu. Bunlar\u0131n da \u00f6n\u00fcne ge\u00e7tik\u201d ifadelerini kulland\u0131.<\/p>\n<p>\u201cCumhur \u0130ttifak\u0131 adaylar\u0131m\u0131za desteklerinizi bekliyoruz\u201d<br \/>\nMersin\u2019i d\u00fczeltmenin yolunun kentsel d\u00f6n\u00fc\u015f\u00fcmden ge\u00e7ti\u011fini vurgulayan G\u00fcltak, \u201cKentin imar sorunu var. 30 y\u0131ld\u0131r bu \u015fehre imar gelmemi\u015fti. Bir belediye ba\u015fkan\u0131 g\u00f6reve gelir gelmez ilk yapmas\u0131 gereken \u00e7al\u0131\u015fma o \u015fehrin imar\u0131n\u0131 getirmek veya d\u00fczenlemek olmal\u0131d\u0131r. \u0130n\u015fallah ba\u015fta kendim olmak \u00fczere Cumhur \u0130ttifak\u0131 adaylar\u0131m\u0131za desteklerinizi bekliyoruz. Sizden ricam 31 Mart\u2019ta bu kurulmu\u015f olan huzur d\u00fczeni, istikrar i\u00e7in bize, imar i\u00e7in de Serdar Soydan ba\u015fkan\u0131m\u0131z\u0131 destekleyin. El ele verdi\u011fimizde biz bu Akdeniz ve Mersin\u2019i u\u00e7ururuz diyorum\u201d \u015feklinde konu\u015ftu.<\/p>\n","protected":false},"excerpt":{"rendered":"<p>Akdeniz Belediye Ba\u015fkan\u0131 M. Mustafa G\u00fcltak, se\u00e7im \u00e7al\u0131\u015fmalar\u0131 kapsam\u0131nda tekstil \u00e7al\u0131\u015fanlar\u0131yla bulu\u015ftu. Akdeniz\u2019de art\u0131k huzurun oldu\u011funu dile getiren G\u00fcltak, \u201cEn b\u00fcy\u00fck sorun huzurdu. \u00c7ok \u015f\u00fck\u00fcr 5 y\u0131ld\u0131r Akdeniz\u2019de art\u0131k huzur, &hellip; <a href=\"https:\/\/akdenizolaygazetesi.com\/?p=29789\" class=\"more-link\">Devam\u0131n\u0131 Oku&#8230;<\/a><\/p>\n","protected":false},"author":2,"featured_media":29785,"comment_status":"open","ping_status":"open","sticky":false,"template":"","format":"standard","meta":[],"categories":[3],"tags":[],"_links":{"self":[{"href":"https:\/\/akdenizolaygazetesi.com\/index.php?rest_route=\/wp\/v2\/posts\/29789"}],"collection":[{"href":"https:\/\/akdenizolaygazetesi.com\/index.php?rest_route=\/wp\/v2\/posts"}],"about":[{"href":"https:\/\/akdenizolaygazetesi.com\/index.php?rest_route=\/wp\/v2\/types\/post"}],"author":[{"embeddable":true,"href":"https:\/\/akdenizolaygazetesi.com\/index.php?rest_route=\/wp\/v2\/users\/2"}],"replies":[{"embeddable":true,"href":"https:\/\/akdenizolaygazetesi.com\/index.php?rest_route=%2Fwp%2Fv2%2Fcomments&post=29789"}],"version-history":[{"count":1,"href":"https:\/\/akdenizolaygazetesi.com\/index.php?rest_route=\/wp\/v2\/posts\/29789\/revisions"}],"predecessor-version":[{"id":29790,"href":"https:\/\/akdenizolaygazetesi.com\/index.php?rest_route=\/wp\/v2\/posts\/29789\/revisions\/29790"}],"wp:featuredmedia":[{"embeddable":true,"href":"https:\/\/akdenizolaygazetesi.com\/index.php?rest_route=\/wp\/v2\/media\/29785"}],"wp:attachment":[{"href":"https:\/\/akdenizolaygazetesi.com\/index.php?rest_route=%2Fwp%2Fv2%2Fmedia&parent=29789"}],"wp:term":[{"taxonomy":"category","embeddable":true,"href":"https:\/\/akdenizolaygazetesi.com\/index.php?rest_route=%2Fwp%2Fv2%2Fcategories&post=29789"},{"taxonomy":"post_tag","embeddable":true,"href":"https:\/\/akdenizolaygazetesi.com\/index.php?rest_route=%2Fwp%2Fv2%2Ftags&post=29789"}],"curies":[{"name":"wp","href":"https:\/\/api.w.org\/{rel}","templated":true}]}}