{"id":29797,"date":"2024-02-19T13:00:53","date_gmt":"2024-02-19T10:00:53","guid":{"rendered":"http:\/\/akdenizolaygazetesi.com\/?p=29797"},"modified":"2024-02-19T13:00:53","modified_gmt":"2024-02-19T10:00:53","slug":"huzur-ve-kalkinmislik-ortamini-elimizden-kacirmayalim","status":"publish","type":"post","link":"https:\/\/akdenizolaygazetesi.com\/?p=29797","title":{"rendered":"\u201cHuzur ve kalk\u0131nm\u0131\u015fl\u0131k ortam\u0131n\u0131 elimizden ka\u00e7\u0131rmayal\u0131m\u201d"},"content":{"rendered":"<p>Akdeniz Belediye Ba\u015fkan\u0131 M. Mustafa G\u00fcltak, \u201c31 Mart 2024\u2019te tarihi bir se\u00e7ime gidiyoruz. Bir yandan Mersin, di\u011fer yandan Akdeniz&#8230; Huzur ve istikrarla birlikte, hizmet ve yat\u0131r\u0131mlar\u0131n devam\u0131n\u0131 istiyorsan\u0131z Akdeniz\u2019de G\u00fcltak\u2019a, B\u00fcy\u00fck\u015fehir\u2019de Cumhur \u0130ttifak\u0131 aday\u0131 Say\u0131n Soydan\u2019a desteklerinizi istiyorum\u201d dedi.<br \/>\nAkdeniz Belediye Ba\u015fkan\u0131 ve Cumhur \u0130ttifak\u0131 Aday\u0131 M. Mustafa G\u00fcltak, bir d\u00fc\u011f\u00fcn salonunda d\u00fczenlenen halk toplant\u0131s\u0131nda Mesudiye Mahallesi sakini vatanda\u015flarla bir araya geldi. AK Parti ve MHP il\u00e7e ba\u015fkanlar\u0131, parti te\u015fkilatlar\u0131, meclis \u00fcyeleri ile her ya\u015ftan vatanda\u015f\u0131n kat\u0131ld\u0131\u011f\u0131 halk bulu\u015fmas\u0131nda konu\u015fan Ba\u015fkan G\u00fcltak, Akdeniz\u2019e hizmet ve yat\u0131r\u0131mlar\u0131n s\u00fcrmesi, \u00f6zellikle de bar\u0131\u015f, huzur, istikrar ve karde\u015flik ikliminin devam etmesi i\u00e7in 31 Mart\u2019ta yap\u0131lacak yerel se\u00e7imlerde se\u00e7menlerden destek istedi.<br \/>\n\u201cHuzur ve kalk\u0131nm\u0131\u015fl\u0131k ortam\u0131n\u0131 elimizden ka\u00e7\u0131rmayal\u0131m\u201d<br \/>\nKonu\u015fmas\u0131, slogan ve alk\u0131\u015flarla kesilen Ba\u015fkan G\u00fcltak; \u201cHi\u00e7 kimseyi ayr\u0131\u015ft\u0131rmadan herkesin ba\u015fkan\u0131 oldum. Akdeniz\u2019de hizmetlerden \u00f6nce huzur, bar\u0131\u015f ve g\u00fcven ortam\u0131n\u0131 tesis ettik. Bu nedenle 1 Nisan\u2019dan sonra da huzuru, bar\u0131\u015f\u0131, g\u00fcven ve istikrar\u0131 istiyorsak 5 y\u0131l daha siz de\u011ferli vatanda\u015flar\u0131m\u0131zdan destek istiyorum. Akdeniz\u2019e kazand\u0131rd\u0131\u011f\u0131m\u0131z bu huzur ortam\u0131n\u0131 elimizden ka\u00e7\u0131rmayal\u0131m. Bu kalk\u0131nm\u0131\u015fl\u0131\u011f\u0131 ka\u00e7\u0131rmayal\u0131m. Arkada\u015flar\u0131n\u0131za ve kom\u015fular\u0131n\u0131za \u015funu anlat\u0131n; \u2018Bu adam gelirse huzur devam eder, kentsel d\u00f6n\u00fc\u015f\u00fcm ve di\u011fer projeler devam eder\u2019 deyin\u201d ifadelerini kulland\u0131.<br \/>\n\u201cEl ele verip Mersin ve Akdeniz\u2019in t\u00fcm sorunlar\u0131n\u0131 \u00e7\u00f6zece\u011fiz\u201d<br \/>\nDi\u011fer siyasi partiler ve adaylar\u0131n\u0131n, se\u00e7menleri ayr\u0131\u015ft\u0131r\u0131p \u00e7antada keklik gibi g\u00f6rd\u00fc\u011f\u00fcn\u00fc ifade eden Ba\u015fkan G\u00fcltak, \u201cBu t\u00fcr d\u00fc\u015f\u00fcncelerle zaman ge\u00e7mi\u015f ve Akdeniz\u2019in \u00e7ok uzun y\u0131llar\u0131 kaybedilmi\u015f, hizmet \u00fcretmemi\u015fler. \u00c7aml\u0131bel\u2019e bir \u015feyler yapt\u0131k, \u2018dur yapamazs\u0131n!\u2019 dediler. Karaduvar\u2019a yapal\u0131m, \u2018onu da yapamazs\u0131n!\u2019<br \/>\n Ya Allah i\u00e7in \u015fehir i\u00e7inde, hamam soka\u011f\u0131ndaki esnaf\u0131n durumu, bal\u0131k pazar\u0131, kasaplar \u00e7ar\u015f\u0131s\u0131 bu \u015fehre yak\u0131\u015f\u0131yor mu arkada\u015flar? Bunlar\u0131n hepsi de B\u00fcy\u00fck\u015fehir\u2019in mal\u0131, biliyor musunuz? Hi\u00e7bir B\u00fcy\u00fck\u015fehir Belediye Ba\u015fkan\u0131 bunlara el atmad\u0131! Ama Cumhur \u0130ttifak\u0131 Mersin aday\u0131m\u0131z Say\u0131n Serdar Soydan ile birlikte t\u00fcm bu sorun ve s\u0131k\u0131nt\u0131lara el atar ve birlikte \u00e7\u00f6zeriz\u201d diye konu\u015ftu.<\/p>\n<p>\u201c\u00d6n\u00fcm\u00fczde tarihi bir se\u00e7im var\u201d<br \/>\nS\u00f6zlerini; \u201c31 Mart\u2019ta tarihi bir se\u00e7ime gidiyoruz\u201d \u015feklinde s\u00fcrd\u00fcren Ba\u015fkan Mustafa G\u00fcltak; konu\u015fmas\u0131n\u0131 \u015f\u00f6yle s\u00fcrd\u00fcrd\u00fc; \u201cBir yandan Mersin, bir yandan Akdeniz&#8230; Zira Akdeniz\u2019de beka sorunu var, bunu bilin, kesinlikle var. Bir parti, zaten diyorlar ki i\u015fte \u015f\u00f6yle yapt\u0131, b\u00f6yle yapt\u0131. Onlara girmiyorum, siz biliyorsunuz, takip ediyorsunuz. \u00d6b\u00fcr\u00fc de \u0130stiklal Mar\u015f\u0131 okumad\u0131, \u00f6b\u00fcr\u00fc bilmem ne yapmad\u0131\u2026<br \/>\nB\u00fct\u00fcn bunlar\u0131 g\u00f6r\u00fcyorsunuz. Ben bu konulara girmiyorum ve kimseyi de k\u00f6t\u00fclemeye niyetim yok. \u00c7\u00fcnk\u00fc ben, hem Cumhuriyet Halk Partisi hem de HDP\u2019li (DEM) vatanda\u015flardan oy alan bir belediye ba\u015fkan\u0131y\u0131m. Bu nedenle huzuru istiyorsan\u0131z, istikrar\u0131 istiyorsan\u0131z, hizmet ve yat\u0131r\u0131mlar\u0131n devam\u0131n\u0131 istiyorsan\u0131z; Akdeniz\u2019de bana, Mersin B\u00fcy\u00fck\u015fehir\u2019de de Cumhur \u0130ttifak\u0131 aday\u0131m\u0131z Say\u0131n Serdar Soydan\u2019a l\u00fctfen destek veriniz. Ondan sonra bak\u0131n Mersin ve Akdeniz\u2019de neler oluyor.\u201d<\/p>\n","protected":false},"excerpt":{"rendered":"<p>Akdeniz Belediye Ba\u015fkan\u0131 M. Mustafa G\u00fcltak, \u201c31 Mart 2024\u2019te tarihi bir se\u00e7ime gidiyoruz. Bir yandan Mersin, di\u011fer yandan Akdeniz&#8230; Huzur ve istikrarla birlikte, hizmet ve yat\u0131r\u0131mlar\u0131n devam\u0131n\u0131 istiyorsan\u0131z Akdeniz\u2019de G\u00fcltak\u2019a, &hellip; <a href=\"https:\/\/akdenizolaygazetesi.com\/?p=29797\" class=\"more-link\">Devam\u0131n\u0131 Oku&#8230;<\/a><\/p>\n","protected":false},"author":2,"featured_media":29798,"comment_status":"open","ping_status":"open","sticky":false,"template":"","format":"standard","meta":[],"categories":[1,2,3,5],"tags":[],"_links":{"self":[{"href":"https:\/\/akdenizolaygazetesi.com\/index.php?rest_route=\/wp\/v2\/posts\/29797"}],"collection":[{"href":"https:\/\/akdenizolaygazetesi.com\/index.php?rest_route=\/wp\/v2\/posts"}],"about":[{"href":"https:\/\/akdenizolaygazetesi.com\/index.php?rest_route=\/wp\/v2\/types\/post"}],"author":[{"embeddable":true,"href":"https:\/\/akdenizolaygazetesi.com\/index.php?rest_route=\/wp\/v2\/users\/2"}],"replies":[{"embeddable":true,"href":"https:\/\/akdenizolaygazetesi.com\/index.php?rest_route=%2Fwp%2Fv2%2Fcomments&post=29797"}],"version-history":[{"count":1,"href":"https:\/\/akdenizolaygazetesi.com\/index.php?rest_route=\/wp\/v2\/posts\/29797\/revisions"}],"predecessor-version":[{"id":29799,"href":"https:\/\/akdenizolaygazetesi.com\/index.php?rest_route=\/wp\/v2\/posts\/29797\/revisions\/29799"}],"wp:featuredmedia":[{"embeddable":true,"href":"https:\/\/akdenizolaygazetesi.com\/index.php?rest_route=\/wp\/v2\/media\/29798"}],"wp:attachment":[{"href":"https:\/\/akdenizolaygazetesi.com\/index.php?rest_route=%2Fwp%2Fv2%2Fmedia&parent=29797"}],"wp:term":[{"taxonomy":"category","embeddable":true,"href":"https:\/\/akdenizolaygazetesi.com\/index.php?rest_route=%2Fwp%2Fv2%2Fcategories&post=29797"},{"taxonomy":"post_tag","embeddable":true,"href":"https:\/\/akdenizolaygazetesi.com\/index.php?rest_route=%2Fwp%2Fv2%2Ftags&post=29797"}],"curies":[{"name":"wp","href":"https:\/\/api.w.org\/{rel}","templated":true}]}}