{"id":29800,"date":"2024-02-19T13:15:42","date_gmt":"2024-02-19T10:15:42","guid":{"rendered":"http:\/\/akdenizolaygazetesi.com\/?p=29800"},"modified":"2024-02-19T13:15:42","modified_gmt":"2024-02-19T10:15:42","slug":"mersin-10-numara-ogrenci-kenti","status":"publish","type":"post","link":"https:\/\/akdenizolaygazetesi.com\/?p=29800","title":{"rendered":"&#8220;MERS\u0130N 10 NUMARA \u00d6\u011eRENC\u0130 KENT\u0130&#8221;"},"content":{"rendered":"<p>Mersin B\u00fcy\u00fck\u015fehir Belediye Ba\u015fkan\u0131 Vahap Se\u00e7er, B\u00fcy\u00fck\u015fehir Belediyesi Sosyal Hizmetler Dairesi Ba\u015fkanl\u0131\u011f\u0131&#8217;nda ba\u011fl\u0131 E\u011fitim Hizmetleri \u015eube M\u00fcd\u00fcrl\u00fc\u011f\u00fc b\u00fcnyesinde hizmet veren E\u011fitim ve \u00d6\u011fretimi Destekleme Kurs Merkezleri&#8217;nde e\u011fitim g\u00f6ren ve Y\u00fcksek\u00f6\u011fretim Kurumlar\u0131 S\u0131nav\u0131&#8217;na (YKS) haz\u0131rlanan \u00f6\u011frencilere y\u00f6nelik d\u00fczenlenen Bilgi Yar\u0131\u015fmas\u0131&#8217;na kat\u0131larak \u00f6\u011frencilerin yar\u0131\u015fma heyecan\u0131na ortak oldu.<\/p>\n<p>Toros \u00dcniversitesi Konferans Salonu&#8217;nda d\u00fczenlenen yar\u0131\u015fmada, \u00f6\u011frenciler Ba\u015fkan Se\u00e7er&#8217;i &#8216;Her bah\u00e7ede farkl\u0131 \u00e7i\u00e7ek, Erdemli deste\u011finle g\u00fczelle\u015fecek&#8217;, &#8216;Tarsus ge\u00e7er Vahap Se\u00e7er&#8217;, &#8216;Hedefimiz parlak bir gelecek; gen\u00e7ler bu yolda Vahap Se\u00e7er ile ilerleyecek&#8217;, &#8216;Geldi\u011fimiz kilometreler kadar a\u00e7sak ellerimizi yine de yetmez anlatmaya hizmetlerinizi&#8217; d\u00f6vizleri ve &#8216;Mersin g\u00fczelse sebebi sensin&#8217;, &#8216;Vahap Ba\u015fkan&#8217; sloganlar\u0131 e\u015fli\u011finde co\u015fkulu alk\u0131\u015flarla kar\u015f\u0131lad\u0131.<\/p>\n<p>B\u00fcy\u00fck\u015fehir&#8217;in \u00f6\u011frencilere y\u00f6nelik hizmetlerinin g\u00f6sterimi ile ba\u015flayan etkinlik, Ba\u015fkan Se\u00e7er&#8217;in konu\u015fmas\u0131 ile devam etti. Etkinlikte Ba\u015fkan Se\u00e7er, kura \u00e7ekimi ile masalar\u0131 belirledi, ard\u0131ndan da yar\u0131\u015fmac\u0131lara tek tek ba\u015far\u0131lar dileyerek ba\u015flang\u0131\u00e7 zilini \u00e7ald\u0131 ve Bilgi Yar\u0131\u015fmas\u0131&#8217;n\u0131 ba\u015flatt\u0131. Y\u00fczlerce \u00f6\u011frencinin izledi\u011fi yar\u0131\u015fmaya, 11 kurs merkezinden 33 yar\u0131\u015fmac\u0131 \u00f6\u011frenci kat\u0131ld\u0131.<\/p>\n<p>&#8220;Hepinizi \u00e7ok seviyorum&#8221;<\/p>\n<p>Gen\u00e7lerin co\u015fkulu tezah\u00fcratlar\u0131 e\u015fli\u011finde k\u00fcrs\u00fcye gelen Ba\u015fkan Se\u00e7er gen\u00e7lere seslenerek, &#8220;G\u00fcne sizinle ba\u015flamak \u00e7ok g\u00fczel, enerjimiz art\u0131yor, hayata daha fazla ba\u011flan\u0131yoruz. Gelece\u011fimizin g\u00fcvencesi umudumuz sizleri, gen\u00e7lerimizi, o m\u00fckemmel enerjinizi g\u00f6rd\u00fck\u00e7e \u00fclkemizi de \u00e7ok seviyoruz, ya\u015fama daha fazla ba\u011flan\u0131yoruz. Hepinizi \u00e7ok seviyorum&#8221; dedi. Gen\u00e7lerin sadece ders \u00e7al\u0131\u015fmakla kalmay\u0131p, aileleri ve arkada\u015flar\u0131 ile zaman ge\u00e7irmeleri gerekti\u011fini de s\u00f6yleyen Se\u00e7er, spor, k\u00fclt\u00fcr ve sanatsal aktivitelere de zaman ay\u0131rmalar\u0131 gerekti\u011fi tavsiyesinde bulundu.<\/p>\n<p>&#8220;Bu ba\u015fkan gen\u00e7leri \u00e7ok seviyor&#8221;<\/p>\n<p>B\u00fcy\u00fck\u015fehir Belediyelerinin yasalar ve yetkiler \u00e7er\u00e7evesinde ba\u015fkan\u0131n uygulayaca\u011f\u0131 politikalarla b\u00fct\u00e7esini istedi\u011fi alanlara ay\u0131rabilece\u011fini aktaran Se\u00e7er, &#8220;\u00d6rne\u011fin; Mersin B\u00fcy\u00fck\u015fehir Belediyesi. Bu ba\u015fkan gen\u00e7leri \u00e7ok seviyor, Vahap Se\u00e7er gen\u00e7leri \u00e7ok seviyor. Diyor ki &#8216;\u00d6nemli bir b\u00fct\u00e7eyi gen\u00e7lere ay\u0131ral\u0131m&#8217;. \u00c7ocuklar\u0131 bir ba\u015fka seviyor, \u00e7ocuklara ay\u0131ral\u0131m. Kad\u0131nlara sayg\u0131 duyuyorum. Onun i\u00e7in onlara \u00f6nemli b\u00fct\u00e7eler ay\u0131r\u0131yoruz. Kad\u0131n, kad\u0131n\u0131n sorunlar\u0131, ekonomik hayata kat\u0131lmas\u0131, bunlara \u00f6nemli b\u00fct\u00e7eler ay\u0131r\u0131yoruz. Ama her \u015feyin temeli e\u011fitim. Onun i\u00e7in Mersin B\u00fcy\u00fck\u015fehir Belediyesi e\u011fitimde de var&#8221; dedi.<\/p>\n<p>&#8220;Bizim i\u00e7in mutluluk, hizmet etti\u011fimiz halk\u0131m\u0131z\u0131n mutlulu\u011fudur&#8221;<\/p>\n<p>Ger\u00e7ekle\u015ftirdi\u011fi \u00e7ar\u015f\u0131, pazar ve sokak gezisi \u00e7al\u0131\u015fmalar\u0131nda bir \u00f6\u011frenci veya velinin e\u011fitim hizmetlerinden dolay\u0131 kendisine te\u015fekk\u00fcr etmesi halinde \u00e7ok mutlu oldu\u011funu dile getiren Se\u00e7er, &#8220;\u00c7ar\u015f\u0131ya, pazara, soka\u011fa indi\u011fimde bir \u00f6\u011frenci ya da bir \u00f6\u011frenci velisi e\u011fitim merkezlerimiz ile ilgili mutluluklar\u0131n\u0131, te\u015fekk\u00fcrlerini, dualar\u0131n\u0131 ifade etti\u011fi zaman emin olun d\u00fcnyan\u0131n en mutlu insan\u0131 oluyorum. Bana bundan daha b\u00fcy\u00fck bir \u00f6d\u00fcl yok. Bizim i\u00e7in mutluluk, hizmet etti\u011fimiz halk\u0131m\u0131z\u0131n mutlulu\u011fudur, onlar\u0131n te\u015fekk\u00fcr\u00fc, bir hay\u0131r duas\u0131d\u0131r. Bu \u00fclkeyi seven, d\u00fc\u015f\u00fcnen her y\u00f6netici bu hisleri ta\u015f\u0131r, Vahap Ba\u015fkan&#8217;\u0131n hislerini ta\u015f\u0131r. \u00d6n\u00fcm\u00fczdeki 5 y\u0131l da, geride kalan 5 y\u0131l i\u00e7inde neler yapt\u0131ysak onlar\u0131 devam ettirece\u011fiz ama \u00e7ok daha iyilerini yapaca\u011f\u0131z&#8221; diye konu\u015ftu.<\/p>\n<p>&#8220;S\u0131nav \u00fccretlerini belediyeniz \u00f6deyecek&#8221;<\/p>\n<p>Se\u00e7er, Mersin&#8217;deki \u00f6\u011frencilerin lise ve \u00fcniversite s\u0131nav \u00fccretlerini B\u00fcy\u00fck\u015fehir&#8217;in \u00f6deyece\u011fini ifade ederek, &#8220;YKS ve LGS olmak \u00fczere dershanelerimizde toplamda 7 bin 200 \u00f6\u011frencimiz var. Sizlerin s\u0131nav \u00fccretlerini belediyeniz \u00f6deyecek. Belediye \u00f6deyecek ama sizin ailenizin \u00f6dedi\u011fi vergiler bunlar. Biz emanet\u00e7iyiz, biz adaleti sa\u011flayaca\u011f\u0131z, paran\u0131z\u0131 koruyaca\u011f\u0131z ve israf etmeyece\u011fiz. Birilerinin de al\u0131p g\u00f6t\u00fcrmesine asla m\u00fcsaade etmeyece\u011fiz&#8221; dedi. Se\u00e7er, \u00f6n lisans ve lisans b\u00f6l\u00fcmlerini kazanan \u00f6\u011frencilere ilk y\u0131l e\u011fitim deste\u011fi vermeye devam edeceklerini de belirtti.<\/p>\n<p>&#8220;Mersin, \u00f6\u011frencilerin tercih etti\u011fi, mutlu oldu\u011fu bir kent&#8221;<\/p>\n<p>Se\u00e7er, Mersin&#8217;in 10 numara \u00f6\u011frenci kenti olma yolunda ilerledi\u011fini ifade ederek, &#8220;Mersin, \u00f6\u011frencilerin tercih etti\u011fi, mutlu oldu\u011fu bir kent. Mersin g\u00fczel bir kent. Mersin&#8217;i seviyoruz. Mersin&#8217;in insan\u0131 g\u00fczel. Mersin&#8217;in gen\u00e7leri g\u00fczel. Mersin halk\u0131 bar\u0131\u015f ve karde\u015flik dolu hisler ta\u015f\u0131yor&#8221; dedi. Se\u00e7er, g\u00f6reve gelir gelmez \u00f6\u011frenci ula\u015f\u0131m \u00fccreti olan 1 lira 25 kuru\u015f \u00fccreti 1 TL&#8217;ye indirdiklerini ve 5 y\u0131l boyunca da bu \u00fccretin de\u011fi\u015fmedi\u011fini s\u00f6yledi. Se\u00e7er, &#8220;Mazot fiyatlar\u0131, otob\u00fcs fiyatlar\u0131, yedek par\u00e7a fiyatlar\u0131 artm\u0131\u015f. &#8216;Bu benim Mersin gen\u00e7li\u011fine g\u00f6reve gelir gelmez bir hediyemdir&#8217; dedim. B\u00fct\u00e7eyi sizin cebinize aktard\u0131k. &#8216;Hayatta en hakiki m\u00fcr\u015fit ilimdir&#8217; demi\u015f Mustafa Kemal Atat\u00fcrk. \u0130lmi takip edin. D\u00fcnyayla rekabet etmek istiyorsan\u0131z e\u011fitimde bilimde y\u00fckseleceksiniz. Biz bar\u0131\u015f ve karde\u015flik insan\u0131y\u0131z. Onun i\u00e7in sava\u015f\u0131 reddediyoruz, bar\u0131\u015f ve karde\u015flik diyoruz. Bunun yolu da e\u011fitimden ge\u00e7er&#8221; diye konu\u015ftu.<\/p>\n<p>Se\u00e7er, bu y\u0131l ikincisi d\u00fczenlenen Gen\u00e7lik Festivali gibi festival ve konserlerle gen\u00e7ler i\u00e7in bir\u00e7ok sosyal ve k\u00fclt\u00fcrel etkinlikler yapt\u0131klar\u0131n\u0131 da s\u00f6yledi. Mersin \u00dcniversitesi&#8217;nin kap\u0131s\u0131nda yer alan Mahalle Mutfa\u011f\u0131&#8217;nda 3 \u00e7e\u015fit yeme\u011fin 10 TL oldu\u011funu ve \u00f6\u011frencileri maddi anlamda rahatlatt\u0131\u011f\u0131n\u0131 aktaran Se\u00e7er, sabahlar\u0131 da s\u0131cak \u00e7orba da\u011f\u0131t\u0131mlar\u0131n\u0131n yap\u0131ld\u0131\u011f\u0131n\u0131 belirterek, &#8220;\u00d6\u011frenci olmak bu \u015fartlarda zordur. Anneler, babalar bilir bunu. O \u00e7orban\u0131n tad\u0131, sabah sabah a\u00e7 mideye girmesinin hazz\u0131 \u00e7ok ba\u015fkad\u0131r. Mersin B\u00fcy\u00fck\u015fehir Belediyesi sizlerin ailenizin \u00f6dedi\u011fi vergilerle bunu yap\u0131yor ve yapmaya da devam edecek&#8221; ifadelerine yer verdi.<\/p>\n<p>&#8220;Mersin B\u00fcy\u00fck\u015fehir olarak katk\u0131lar\u0131m\u0131z\u0131 devam ettirece\u011fiz&#8221;<\/p>\n<p>Adres Okuma Salonu gibi bir yeni nesil k\u00fct\u00fcphane daha yapacaklar\u0131n\u0131 s\u00f6yleyen Se\u00e7er, &#8220;Mersin \u00f6\u011frenci kenti olma yolunda h\u0131zla devam ediyor. Biz de Mersin B\u00fcy\u00fck\u015fehir Belediyesi olarak sizlere katk\u0131lar\u0131m\u0131z\u0131 devam ettirece\u011fiz&#8221; dedi. Gen\u00e7lere son olarak tavsiye veren Se\u00e7er, &#8220;H\u0131rs\u0131n\u0131z akl\u0131n\u0131z\u0131n \u00f6n\u00fcne ge\u00e7mesin. Hep ak\u0131lla hareket edin. B\u00fct\u00fcn m\u00fccadeleler ak\u0131lla, stratejiyle kazan\u0131l\u0131r. \u00c7ok \u00e7al\u0131\u015fabilirsiniz ama iyi bir \u00e7al\u0131\u015fma modeliniz yoksa enerjiniz ve zaman\u0131n\u0131z bo\u015fa gider&#8221; dedi. Gen\u00e7leri \u00e7ok sevdi\u011fini vurgulayan Se\u00e7er, &#8216;Her \u015feyi bilin\u00e7le yap\u0131n&#8217; diyerek kazanan kazanamayan b\u00fct\u00fcn \u00f6\u011frencileri yar\u0131\u015fmaya kat\u0131ld\u0131klar\u0131 i\u00e7in kutlad\u0131 ve ailelerine selam\u0131n\u0131 iletti.<\/p>\n","protected":false},"excerpt":{"rendered":"<p>Mersin B\u00fcy\u00fck\u015fehir Belediye Ba\u015fkan\u0131 Vahap Se\u00e7er, B\u00fcy\u00fck\u015fehir Belediyesi Sosyal Hizmetler Dairesi Ba\u015fkanl\u0131\u011f\u0131&#8217;nda ba\u011fl\u0131 E\u011fitim Hizmetleri \u015eube M\u00fcd\u00fcrl\u00fc\u011f\u00fc b\u00fcnyesinde hizmet veren E\u011fitim ve \u00d6\u011fretimi Destekleme Kurs Merkezleri&#8217;nde e\u011fitim g\u00f6ren ve Y\u00fcksek\u00f6\u011fretim &hellip; <a href=\"https:\/\/akdenizolaygazetesi.com\/?p=29800\" class=\"more-link\">Devam\u0131n\u0131 Oku&#8230;<\/a><\/p>\n","protected":false},"author":2,"featured_media":29801,"comment_status":"open","ping_status":"open","sticky":false,"template":"","format":"standard","meta":[],"categories":[34,1,2,3,5],"tags":[],"_links":{"self":[{"href":"https:\/\/akdenizolaygazetesi.com\/index.php?rest_route=\/wp\/v2\/posts\/29800"}],"collection":[{"href":"https:\/\/akdenizolaygazetesi.com\/index.php?rest_route=\/wp\/v2\/posts"}],"about":[{"href":"https:\/\/akdenizolaygazetesi.com\/index.php?rest_route=\/wp\/v2\/types\/post"}],"author":[{"embeddable":true,"href":"https:\/\/akdenizolaygazetesi.com\/index.php?rest_route=\/wp\/v2\/users\/2"}],"replies":[{"embeddable":true,"href":"https:\/\/akdenizolaygazetesi.com\/index.php?rest_route=%2Fwp%2Fv2%2Fcomments&post=29800"}],"version-history":[{"count":1,"href":"https:\/\/akdenizolaygazetesi.com\/index.php?rest_route=\/wp\/v2\/posts\/29800\/revisions"}],"predecessor-version":[{"id":29802,"href":"https:\/\/akdenizolaygazetesi.com\/index.php?rest_route=\/wp\/v2\/posts\/29800\/revisions\/29802"}],"wp:featuredmedia":[{"embeddable":true,"href":"https:\/\/akdenizolaygazetesi.com\/index.php?rest_route=\/wp\/v2\/media\/29801"}],"wp:attachment":[{"href":"https:\/\/akdenizolaygazetesi.com\/index.php?rest_route=%2Fwp%2Fv2%2Fmedia&parent=29800"}],"wp:term":[{"taxonomy":"category","embeddable":true,"href":"https:\/\/akdenizolaygazetesi.com\/index.php?rest_route=%2Fwp%2Fv2%2Fcategories&post=29800"},{"taxonomy":"post_tag","embeddable":true,"href":"https:\/\/akdenizolaygazetesi.com\/index.php?rest_route=%2Fwp%2Fv2%2Ftags&post=29800"}],"curies":[{"name":"wp","href":"https:\/\/api.w.org\/{rel}","templated":true}]}}