{"id":29822,"date":"2024-02-21T12:58:04","date_gmt":"2024-02-21T09:58:04","guid":{"rendered":"http:\/\/akdenizolaygazetesi.com\/?p=29822"},"modified":"2024-02-21T12:58:04","modified_gmt":"2024-02-21T09:58:04","slug":"toroslarda-park-ve-yesil-alanlar-bakimdan-geciyor-2","status":"publish","type":"post","link":"https:\/\/akdenizolaygazetesi.com\/?p=29822","title":{"rendered":"TOROSLAR&#8217;DA PARK VE YE\u015e\u0130L ALANLAR BAKIMDAN GE\u00c7\u0130YOR"},"content":{"rendered":"<p>Ye\u015fil alan ve parklar\u0131n y\u0131l\u0131n her mevsiminde temiz ve bak\u0131ml\u0131 kalmas\u0131n\u0131 sa\u011flayan Toroslar Belediyesi, \u00e7al\u0131\u015fmalar\u0131n\u0131 il\u00e7e genelinde aral\u0131ks\u0131z s\u00fcrd\u00fcr\u00fcyor.<\/p>\n<p>Park ve Bah\u00e7eler ile Temizlik \u0130\u015fleri M\u00fcd\u00fcrl\u00fc\u011f\u00fc ekiplerinin ortakla\u015fa y\u00fcr\u00fctt\u00fc\u011f\u00fc \u00e7al\u0131\u015fmalar kapsam\u0131nda; bo\u015f arazi, yol ve kald\u0131r\u0131m kenarlar\u0131nda \u00f6zellikle bahar ve yaz aylar\u0131nda yeti\u015fen yabani otlara y\u00f6nelik ila\u00e7lama \u00e7al\u0131\u015fmas\u0131 yap\u0131l\u0131yor, \u00e7imler bi\u00e7iliyor ve ye\u015fil alanlar yabani otlardan ar\u0131nd\u0131r\u0131l\u0131yor.<\/p>\n<p>\u0130l\u00e7enin 67 mahallesinde y\u00fcr\u00fct\u00fclen \u00e7al\u0131\u015fmalarda, \u00e7evre ve insan sa\u011fl\u0131\u011f\u0131 \u00f6n planda tutuluyor.<\/p>\n<p>&#8220;Amac\u0131m\u0131z, Hem\u015fehrilerimize Daha Sa\u011fl\u0131kl\u0131, Temiz ve Huzurlu Ortamlar Sunmak&#8221;<\/p>\n<p>Ye\u015fil alanlar\u0131n \u00f6nemine dikkat \u00e7eken Toroslar Belediye Ba\u015fkan\u0131 Ats\u0131z Af\u015f\u0131n Y\u0131lmaz, daha temiz ve daha sa\u011fl\u0131kl\u0131 bir \u00e7evre hedefiyle \u00e7al\u0131\u015fmalar\u0131n aral\u0131ks\u0131z devam etti\u011fini s\u00f6yledi.<\/p>\n<p>Ba\u015fkan Y\u0131lmaz; &#8220;Gelecek nesillere b\u0131rakabilece\u011fimiz en de\u011ferli miras ye\u015fil alanlar\u0131m\u0131zd\u0131r. Biz de Toroslar Belediyesi olarak parklar\u0131m\u0131za, ye\u015fil alanlar\u0131m\u0131za g\u00f6z\u00fcm\u00fcz gibi bak\u0131yoruz. D\u00fczenli olarak ye\u015fil alanlar\u0131m\u0131zda yapt\u0131\u011f\u0131m\u0131z ot bi\u00e7me, bak\u0131m ve temizlik \u00e7al\u0131\u015fmalar\u0131m\u0131z\u0131n yan\u0131nda yaz mevsiminden \u00f6nce yabani otlar\u0131n b\u00fcy\u00fcyebilece\u011fi t\u00fcm noktalar\u0131 ila\u00e7l\u0131yoruz. Amac\u0131m\u0131z, hem\u015fehrilerimize daha sa\u011fl\u0131kl\u0131, temiz ve huzurlu ortamlar sunmak&#8221; dedi.<\/p>\n","protected":false},"excerpt":{"rendered":"<p>Ye\u015fil alan ve parklar\u0131n y\u0131l\u0131n her mevsiminde temiz ve bak\u0131ml\u0131 kalmas\u0131n\u0131 sa\u011flayan Toroslar Belediyesi, \u00e7al\u0131\u015fmalar\u0131n\u0131 il\u00e7e genelinde aral\u0131ks\u0131z s\u00fcrd\u00fcr\u00fcyor. Park ve Bah\u00e7eler ile Temizlik \u0130\u015fleri M\u00fcd\u00fcrl\u00fc\u011f\u00fc ekiplerinin ortakla\u015fa y\u00fcr\u00fctt\u00fc\u011f\u00fc \u00e7al\u0131\u015fmalar &hellip; <a href=\"https:\/\/akdenizolaygazetesi.com\/?p=29822\" class=\"more-link\">Devam\u0131n\u0131 Oku&#8230;<\/a><\/p>\n","protected":false},"author":2,"featured_media":29823,"comment_status":"open","ping_status":"open","sticky":false,"template":"","format":"standard","meta":[],"categories":[3],"tags":[],"_links":{"self":[{"href":"https:\/\/akdenizolaygazetesi.com\/index.php?rest_route=\/wp\/v2\/posts\/29822"}],"collection":[{"href":"https:\/\/akdenizolaygazetesi.com\/index.php?rest_route=\/wp\/v2\/posts"}],"about":[{"href":"https:\/\/akdenizolaygazetesi.com\/index.php?rest_route=\/wp\/v2\/types\/post"}],"author":[{"embeddable":true,"href":"https:\/\/akdenizolaygazetesi.com\/index.php?rest_route=\/wp\/v2\/users\/2"}],"replies":[{"embeddable":true,"href":"https:\/\/akdenizolaygazetesi.com\/index.php?rest_route=%2Fwp%2Fv2%2Fcomments&post=29822"}],"version-history":[{"count":1,"href":"https:\/\/akdenizolaygazetesi.com\/index.php?rest_route=\/wp\/v2\/posts\/29822\/revisions"}],"predecessor-version":[{"id":29824,"href":"https:\/\/akdenizolaygazetesi.com\/index.php?rest_route=\/wp\/v2\/posts\/29822\/revisions\/29824"}],"wp:featuredmedia":[{"embeddable":true,"href":"https:\/\/akdenizolaygazetesi.com\/index.php?rest_route=\/wp\/v2\/media\/29823"}],"wp:attachment":[{"href":"https:\/\/akdenizolaygazetesi.com\/index.php?rest_route=%2Fwp%2Fv2%2Fmedia&parent=29822"}],"wp:term":[{"taxonomy":"category","embeddable":true,"href":"https:\/\/akdenizolaygazetesi.com\/index.php?rest_route=%2Fwp%2Fv2%2Fcategories&post=29822"},{"taxonomy":"post_tag","embeddable":true,"href":"https:\/\/akdenizolaygazetesi.com\/index.php?rest_route=%2Fwp%2Fv2%2Ftags&post=29822"}],"curies":[{"name":"wp","href":"https:\/\/api.w.org\/{rel}","templated":true}]}}