{"id":29849,"date":"2024-02-23T12:34:05","date_gmt":"2024-02-23T09:34:05","guid":{"rendered":"http:\/\/akdenizolaygazetesi.com\/?p=29849"},"modified":"2024-02-23T12:34:05","modified_gmt":"2024-02-23T09:34:05","slug":"secerden-aydincika-sosyal-yasam-merkezi-sozu","status":"publish","type":"post","link":"https:\/\/akdenizolaygazetesi.com\/?p=29849","title":{"rendered":"SE\u00c7ER&#8217;DEN AYDINCIK&#8217;A SOSYAL YA\u015eAM MERKEZ\u0130 S\u00d6Z\u00dc"},"content":{"rendered":"<p>Mersin B\u00fcy\u00fck\u015fehir Belediye Ba\u015fkan\u0131 ve Cumhuriyet Halk Partisi (CHP) Mersin B\u00fcy\u00fck\u015fehir Belediye Ba\u015fkan Aday\u0131 Vahap Se\u00e7er&#8217;in Ayd\u0131nc\u0131k Se\u00e7im Koordinasyon Merkezi a\u00e7\u0131ld\u0131.<\/p>\n<p>A\u00e7\u0131l\u0131\u015fa, Ba\u015fkan Se\u00e7er&#8217;in yan\u0131 s\u0131ra CHP Ayd\u0131nc\u0131k Belediye Ba\u015fkan Aday\u0131 \u00d6zkan K\u0131l\u0131\u00e7arpa, CHP Bozyaz\u0131 Belediye Ba\u015fkan Aday\u0131 Baykal Ar\u0131deniz, CHP Ayd\u0131nc\u0131k \u0130l\u00e7e Ba\u015fkan\u0131 Ey\u00fcp Aslan S\u00fcrmeli, il ve il\u00e7e \u00f6rg\u00fctlerinin y\u00f6neticileri, partililer ve Ayd\u0131nc\u0131k halk\u0131 kat\u0131ld\u0131.<\/p>\n<p>Ayd\u0131nl\u0131k ve g\u00fczel bir havada Ayd\u0131nc\u0131k&#8217;ta vatanda\u015flarla bir araya geldi\u011fini s\u00f6yleyen Ba\u015fkan Se\u00e7er, &#8220;Umar\u0131m hep ayd\u0131nl\u0131k olur Ayd\u0131nc\u0131k. Daha da g\u00fczel olur, g\u00fczelle\u015fir ve kalk\u0131n\u0131r. Ortak gayemiz bu. Az laf, \u00e7ok i\u015f, \u00e7ok \u00e7al\u0131\u015fma. Halkta kar\u015f\u0131l\u0131k bulan budur. Halk\u0131n g\u00f6nl\u00fcne giren; \u00e7al\u0131\u015fan, \u00e7al\u0131\u015fkan siyasilerdir. Onlar\u0131n sorunlar\u0131n\u0131 \u00e7\u00f6zen, onlar\u0131n dertleriyle dertlenen, onlara tepeden bakmayan, onlar\u0131 ay\u0131rmayan, kategorize etmeyen, ayr\u0131m yapmayan, herkesi e\u015fit yurtta\u015f g\u00f6ren, herkesi kucaklayan siyasileri halk ba\u015f tac\u0131 yapar, yapacakt\u0131r&#8221; dedi.<\/p>\n<p>&#8220;Biz parti g\u00f6zetmeyiz. Herkese hizmet ederiz&#8221;<\/p>\n<p>CHP&#8217;li oldu\u011funu her yerde gururla s\u00f6yledi\u011fini belirten Ba\u015fkan Se\u00e7er, hizmet yaparken asla ayr\u0131mc\u0131l\u0131k yapmad\u0131klar\u0131n\u0131 s\u00f6zlerine ekleyerek, &#8220;Biz parti g\u00f6zetmeyiz. Herkese hizmet ederiz. Pembecik yolunu yaparken o k\u00f6yden Vahap Se\u00e7er&#8217;e ya da partime ne oy \u00e7\u0131kt\u0131\u011f\u0131n\u0131 ben biliyor muyum? \u0130htiyac\u0131 var, arkada\u015flar\u0131m\u0131z hizmeti g\u00f6t\u00fcrd\u00fc, yollar\u0131n\u0131 yapt\u0131lar. B\u00fct\u00fcn grup yollar\u0131n\u0131 yapt\u0131lar. 111 kilometre grup yolu yapt\u0131lar bug\u00fcne kadar. Biz bu e\u011fitim merkezini Ayd\u0131nc\u0131k&#8217;a kurarken, Ayd\u0131nc\u0131k&#8217;taki oy oran\u0131m\u0131z\u0131 d\u00fc\u015f\u00fcnerek de\u011fil,  Ayd\u0131nc\u0131k&#8217;\u0131n ihtiyac\u0131 var diye yapt\u0131k. Kimseyi ay\u0131rmad\u0131k. &#8216;Cumhuriyet Halk Partiliye, ayr\u0131mc\u0131l\u0131k, gayr\u0131mc\u0131l\u0131k yak\u0131\u015fmaz&#8217; dedik. Bu felsefeyle hizmet yapt\u0131k&#8221; ifadelerini kulland\u0131.<\/p>\n<p>&#8220;31 Mart&#8217;ta tarihi bir farkla se\u00e7imi kazanaca\u011f\u0131z&#8221;<\/p>\n<p>B\u00fcy\u00fck\u015fehir Belediyesi ve 13 il\u00e7ede iddial\u0131 olduklar\u0131n\u0131 ifade eden Ba\u015fkan Se\u00e7er, &#8220;Ayd\u0131nc\u0131k&#8217;\u0131, Bozyaz\u0131&#8217;y\u0131, Anamur&#8217;u da kazanaca\u011f\u0131z. 13 il\u00e7emizde iddia ortaya koyaca\u011f\u0131z. Siyaset bir iddia i\u015fi. Net s\u00f6yl\u00fcyorum; B\u00fcy\u00fck\u015fehir Belediye Ba\u015fkanl\u0131\u011f\u0131n\u0131 tarihi bir farkla kazanaca\u011f\u0131z. \u00c7\u00fcnk\u00fc \u00e7al\u0131\u015f\u0131yoruz. \u00c7\u00fcnk\u00fc 24 saatimiz Mersin, 24 saatimiz belediye hizmetleri&#8221; dedi.<\/p>\n<p>Ba\u015fkan Se\u00e7er, baz\u0131 adaylar\u0131n Mersin&#8217;e dair herhangi bir hizmet ve proje ortaya koymad\u0131\u011f\u0131n\u0131 s\u00f6zlerine ekleyerek, &#8220;\u00c7\u0131k, hizmetlerini anlatsana. Sen yol yapacak m\u0131s\u0131n, sen Ayd\u0131nc\u0131k&#8217;ta e\u011fitim merkezini devam ettirecek misin, ba\u015fka projeler yapacak m\u0131s\u0131n, altyap\u0131s\u0131, ar\u0131tmas\u0131 bunlarla ilgili d\u00fc\u015f\u00fcncen ne? Buran\u0131n imarda hala sorunu \u00e7\u00f6z\u00fclemedi. Sen bundan bihabersin. Senin neyin ne oldu\u011fundan haberin yok ki. Sen bunlar\u0131 \u00f6nce \u00f6\u011freneceksin, anlatacaks\u0131n. Sen b\u0131rak ideolojik tart\u0131\u015fmalar\u0131. Onu Ankara tart\u0131\u015f\u0131yor. Tarsus&#8217;ta, Mersin merkezde ne yapacaks\u0131n?&#8221; diye konu\u015ftu.<\/p>\n<p>&#8220;\u0130yi bir belediye ba\u015fkan\u0131n\u0131n i\u015finin ba\u015f\u0131nda olur&#8221;<\/p>\n<p>\u0130yi bir belediye ba\u015fkan\u0131n\u0131n i\u015finin ba\u015f\u0131nda olmas\u0131 gerekti\u011fini de s\u00f6zlerine ekleyen Se\u00e7er, 31 Mart&#8217;ta yap\u0131lacak yerel se\u00e7imlerde CHP&#8217;nin Ayd\u0131nc\u0131k Belediye Ba\u015fkan Aday\u0131 \u00d6zkan K\u0131l\u0131\u00e7arpa i\u00e7in, &#8220;\u00d6zkan hocam\u0131n ismini duydu\u011fumda; &#8216;\u00c7ok ahlakl\u0131 biri, \u00f6\u011fretmen, nezaketli insan\u0131 sever, ili\u015fkileri gayet iyi, \u00e7al\u0131\u015fkan&#8217; dediler. Bizim belediye ba\u015fkan\u0131m\u0131z b\u00f6yle i\u015finde, g\u00fcc\u00fcnde, vatanda\u015f\u0131n\u0131n hizmetinde olacak. 31 Martta B\u00fcy\u00fck\u015fehir&#8217;de Mersin B\u00fcy\u00fck\u015fehir Belediye Ba\u015fkanl\u0131\u011f\u0131&#8217;n\u0131 kazanaca\u011f\u0131z. Ayd\u0131nc\u0131k&#8217;ta da \u00d6zkan hocam\u0131z\u0131 da yeni belediye ba\u015fkan\u0131 olarak Ayd\u0131nc\u0131k Belediyesi&#8217;nin binas\u0131na \u00e7\u0131kartaca\u011f\u0131z. Hep beraber yapaca\u011f\u0131z bunu&#8221; dedi.<\/p>\n<p>&#8220;Tar\u0131msal desteklerimizi \u00fcretim arts\u0131n diye yapt\u0131k&#8221;<\/p>\n<p>5 y\u0131ll\u0131k g\u00f6rev s\u00fcresi boyunca Ayd\u0131nc\u0131k&#8217;ta yapt\u0131klar\u0131 hizmetlere de\u011finen Se\u00e7er, &#8220;Buran\u0131n arzu etti\u011fi, bizden istedi\u011fi \u00f6zellikle k\u0131rsal mahallelerde yol, i\u00e7me suyu olmayan yerlerde i\u00e7me suyu \u00e7al\u0131\u015fmas\u0131 da tar\u0131msal destek de, sulama borusu deste\u011fi de yapt\u0131k. Yakla\u015f\u0131k 29 bin adet fide, fidan da\u011f\u0131tm\u0131\u015f\u0131z. \u00dcretici \u00fcretsin, \u00fcretim olsun, \u00e7ift\u00e7i kazans\u0131n ekonomiye de, mali b\u00fct\u00e7esine de katk\u0131 yaps\u0131n. 2 bin 448 metre sulama borusu deste\u011fi yapt\u0131k&#8221; ifadelerini kulland\u0131.  Tar\u0131msal destek konusunu olduk\u00e7a \u00f6nemsediklerini belirten Se\u00e7er, 2024 y\u0131l\u0131 program\u0131 i\u00e7erisinde tar\u0131msal destek b\u00fct\u00e7elerinin 119 milyon TL oldu\u011funu dile getirdi.<\/p>\n<p>&#8220;Ayd\u0131nc\u0131k&#8217;\u0131n imar sorunu \u00e7\u00f6z\u00fclecek&#8221;<\/p>\n<p>B\u00fcy\u00fck\u015fehir&#8217;in imar planlar\u0131n\u0131 tamamlad\u0131\u011f\u0131n\u0131, il\u00e7e belediyelerinin imarlar\u0131n\u0131 beklediklerini kaydeden Se\u00e7er, &#8220;D\u00fcn yanl\u0131\u015f yap\u0131lm\u0131\u015fsa biz bug\u00fcn ayn\u0131 yanl\u0131\u015f\u0131 yapamay\u0131z. &#8216;B\u00fcy\u00fck\u015fehir Ayd\u0131nc\u0131k&#8217;\u0131n imar plan\u0131n\u0131 \u00e7\u00f6zm\u00fcyor&#8217; gibi bir karalama duyuyorum. Ayd\u0131nc\u0131k Belediye Ba\u015fkan\u0131m\u0131z, Ayd\u0131nc\u0131k planlar\u0131 ile ilgili her zaman benimle temas etmi\u015ftir ve benim olumlu yard\u0131mc\u0131 tavr\u0131mla kar\u015f\u0131la\u015fm\u0131\u015ft\u0131r. Her zaman elimizden gelen yard\u0131m\u0131 yapm\u0131\u015f\u0131zd\u0131r, mutlaka bu kendisine aktar\u0131lacakt\u0131r. Belediye ba\u015fkan\u0131 hangi partiye mensup olursa olsun benim g\u00f6revim ona katk\u0131 sunmak, yard\u0131mc\u0131 olmak. Onun i\u015fini i\u015fini kolayla\u015ft\u0131rmakt\u0131r. Bu Ayd\u0131nc\u0131k&#8217;ta da, Tarsus&#8217;ta da, Mut&#8217;ta da Anamur&#8217;da da b\u00f6yle oldu&#8221; diye konu\u015ftu.<\/p>\n<p>Ayd\u0131nc\u0131k&#8217;ta devam eden en b\u00fcy\u00fck sorunun kanalizasyon ve i\u00e7me suyu \u015febekesi oldu\u011funu s\u00f6yleyen Se\u00e7er, &#8220;Biz gelecek 5 y\u0131l i\u00e7erisinde at\u0131k su ar\u0131tma tesisini yapaca\u011f\u0131z. Finansman bahanesine de s\u0131\u011f\u0131nmayaca\u011f\u0131z, MESK\u0130&#8217;nin \u00e7ok b\u00fcy\u00fck yat\u0131r\u0131mlar\u0131 olacak. Gelecek 5 y\u0131l i\u00e7erisinde Anamur&#8217;dan Tarsus&#8217;a kadar kanalizasyon ve at\u0131k su ar\u0131tma tesisinde bir\u00e7ok noktada problemi ortadan kald\u0131racak finansmana eri\u015ftik. Yakla\u015f\u0131k olarak 5 milyar TL&#8217;den fazla kredi temin ettik&#8221; ifadelerini kulland\u0131.<\/p>\n<p>Ayd\u0131nc\u0131k&#8217;a Sosyal Ya\u015fam Merkezi m\u00fcjdesi<\/p>\n<p>Ayd\u0131nc\u0131k&#8217;a Sosyal Ya\u015fam Merkezi kuracaklar\u0131n\u0131n m\u00fcjdesini veren Se\u00e7er, &#8220;\u0130\u00e7inde kre\u015f, emekli evi, isteyen b\u00f6lgelere g\u00f6re taziye evi var, kad\u0131n at\u00f6lyesi var, e\u011fitim merkezlerimiz, meslek edindirme kurslar\u0131m\u0131z var. Kocaman bir kompleks. B\u00fcy\u00fck\u015fehir Belediyesi&#8217;nin kad\u0131na, \u00e7ocu\u011fa, gence, ya\u015f alm\u0131\u015f yurtta\u015flara y\u00f6nelik her t\u00fcrl\u00fc hizmetlerinin sunuldu\u011fu bir merkez. Bunu sizlerin huzurunda Ayd\u0131nc\u0131kl\u0131lara bir s\u00f6z olarak veriyorum&#8221; diyerek Ayd\u0131nc\u0131k Belediyesi&#8217;nden de buras\u0131 i\u00e7in bir yer tahsis etmesini istedi.<\/p>\n<p>&#8220;B\u00fcy\u00fck\u015fehir paras\u0131n\u0131n de\u011ferini bilen bir belediyedir, o paran\u0131n halk\u0131n oldu\u011funu bilir&#8221;<\/p>\n<p>Yeni d\u00f6nemde yol yap\u0131m\u0131 konusunda ata\u011fa ge\u00e7eceklerini duyuran Se\u00e7er, &#8220;K\u00f6y yollar\u0131nda 2024 y\u0131l\u0131nda, sadece bu y\u0131l 20 kilometrelik bir sathi kaplama projemiz var ve May\u0131s ay\u0131nda Kama\u015f Caddesi ve Sabahattin \u00c7akmako\u011flu Caddesi toplam 3 bin 200 metre yol yapaca\u011f\u0131z, altyap\u0131s\u0131yla beraber. Mersin B\u00fcy\u00fck\u015fehir Belediyesi i\u015f olsun diye i\u015f yapmaz. Paras\u0131n\u0131n de\u011ferini bilen bir belediyedir, o paran\u0131n halk\u0131n oldu\u011funu bilir. Bunun vebalinin, sorumlulu\u011funun a\u011f\u0131r oldu\u011funu bilir. Paras\u0131n\u0131 ona g\u00f6re harcar, en kaliteli i\u015fi yapar, en kaliteli e\u011fitim hizmeti verir, kaliteli g\u0131da kolisi katk\u0131s\u0131 yapar&#8221; diye konu\u015ftu.<\/p>\n<p>&#8220;Vatanda\u015f\u0131m\u0131n bir hay\u0131r duas\u0131, bir te\u015fekk\u00fcr\u00fc t\u00fcm d\u00fcnya mal\u0131na de\u011fer&#8221;<\/p>\n<p>CHP Ayd\u0131nc\u0131k Belediye Ba\u015fkan Aday\u0131 \u00d6zkan K\u0131l\u0131\u00e7arpa ile g\u00fczel bir se\u00e7im kampanyas\u0131 y\u00fcr\u00fcteceklerini s\u00f6yleyen Se\u00e7er, &#8220;\u00c7ok g\u00fczel bir kampanya yapaca\u011f\u0131z ve sonu\u00e7ta ba\u015far\u0131l\u0131 olaca\u011f\u0131z. Ben inan\u0131yorum, enerjimiz y\u00fcksek. \u00c7ok \u015f\u00fck\u00fcr akl\u0131m\u0131z da izan\u0131m\u0131z da yerinde. Sa\u011fl\u0131\u011f\u0131m\u0131z da iyi, inanc\u0131m\u0131z tam. Halk\u0131m\u0131z\u0131 seviyoruz. \u0130nsanlar\u0131, insanl\u0131\u011f\u0131 seviyoruz. Hizmete a\u015f\u0131\u011f\u0131z. \u0130nsanlar\u0131n te\u015fekk\u00fcr\u00fc, hay\u0131r duas\u0131 bizleri mutlu ediyor. Bu, d\u00fcnyan\u0131n servetinden daha \u00f6nemli benim i\u00e7in. Vatanda\u015f\u0131m\u0131n bir hay\u0131r duas\u0131, bir te\u015fekk\u00fcr\u00fc t\u00fcm d\u00fcnya mal\u0131na de\u011fer. Biz siyaset\u00e7iyiz, y\u00f6neticiyiz, bunun pe\u015finden gideriz. B\u00fcy\u00fck\u015fehir&#8217;de Vahap Se\u00e7er&#8217;e Ayd\u0131nc\u0131k il\u00e7e belediye ba\u015fkanl\u0131\u011f\u0131nda \u00d6zkan K\u0131l\u0131\u00e7arpa&#8217;ya oylar\u0131m\u0131z\u0131 verece\u011fiz. Onlar\u0131 belediye ba\u015fkan\u0131 yapaca\u011f\u0131z. Onlar da Ayd\u0131nc\u0131k&#8217;a, Mersin&#8217;e en g\u00fczel hizmetleri yapacak&#8221; diye konu\u015ftu.<\/p>\n<p>K\u0131l\u0131\u00e7arpa: &#8220;Ayr\u0131\u015ft\u0131rmadan, kucaklay\u0131c\u0131 bir \u015fekilde Ayd\u0131nc\u0131k&#8217;\u0131 y\u00f6netece\u011fiz&#8221;<\/p>\n<p>B\u00fcy\u00fck\u015fehir&#8217;in deste\u011fiyle Ayd\u0131nc\u0131k&#8217;\u0131n ya\u015famak i\u00e7in tercih edilir hale gelece\u011fini kaydeden CHP Ayd\u0131nc\u0131k Belediye Ba\u015fkan Aday\u0131 \u00d6zkan K\u0131l\u0131\u00e7arpa, &#8220;Ayd\u0131nc\u0131k art\u0131k kaderine mahkum de\u011fil, B\u00fcy\u00fck\u015fehir&#8217;in b\u00fct\u00fcn olanaklar\u0131ndan faydalanarak \u00e7ok daha k\u0131sa bir s\u00fcrede daha nezih, say\u0131l\u0131r il\u00e7eler aras\u0131nda olacakt\u0131r. Art\u0131k \u00e7ocuklar\u0131m\u0131z, gen\u00e7lerimiz Ayd\u0131nc\u0131k&#8217;tan gitmek i\u00e7in de\u011fil, b\u00fct\u00fcn hayatlar\u0131n\u0131 Ayd\u0131nc\u0131k&#8217;ta ge\u00e7irmek i\u00e7in \u00e7aba sarf ediyorlar. Ben bu hayalin \u00e7ok uzak oldu\u011funu d\u00fc\u015f\u00fcnm\u00fcyorum. \u0130nan\u0131n \u00e7ok yak\u0131n, ba\u015faraca\u011f\u0131z&#8221; diyerek, ayr\u0131\u015ft\u0131rmadan kucaklay\u0131c\u0131 bir \u015fekilde Ayd\u0131nc\u0131k&#8217;\u0131 y\u00f6neteceklerini s\u00f6yledi.<\/p>\n<p>Konu\u015fmalar\u0131n ard\u0131ndan Ba\u015fkan Se\u00e7er, il\u00e7e belediye ba\u015fkan adaylar\u0131 ile birlikte yurtta\u015flar\u0131 selamlad\u0131. Program, merkezin a\u00e7\u0131l\u0131\u015f\u0131n\u0131n ard\u0131ndan sona erdi.<\/p>\n<p>Ayd\u0131nc\u0131k esnaf\u0131ndan Se\u00e7er&#8217;e tam destek: &#8220;Esnaf seninle&#8221;<\/p>\n<p>A\u00e7\u0131l\u0131\u015f sonras\u0131 Ayd\u0131nc\u0131k esnaf\u0131n\u0131 ziyaret eden Se\u00e7er, gezi boyunca Ayd\u0131nc\u0131k halk\u0131n\u0131n ilgisi ve sevgisiyle kar\u015f\u0131la\u015ft\u0131. B\u00fcy\u00fck\u015fehir&#8217;in hizmetleri i\u00e7in Se\u00e7er&#8217;e te\u015fekk\u00fcr eden Ayd\u0131nc\u0131k esnaf\u0131 &#8220;Yan\u0131nday\u0131z ba\u015fkan\u0131m. Esnaf seninle&#8221; diyerek desteklerini g\u00f6sterdiler.<\/p>\n<p>31 Mart&#8217;tan sonra da yine B\u00fcy\u00fck\u015fehir Belediye Ba\u015fkan\u0131 olarak Ayd\u0131nc\u0131k&#8217;a gelece\u011fini s\u00f6yleyen Se\u00e7er, &#8220;Yurtta\u015f\u0131m\u0131z\u0131n her sorununda yan\u0131nda olmaya ve di\u011fer il\u00e7elerde oldu\u011fu gibi Ayd\u0131nc\u0131k&#8217;ta da ara vermeden hizmet ger\u00e7ekle\u015ftirmeye devam edece\u011fiz&#8221; diye konu\u015ftu.<\/p>\n","protected":false},"excerpt":{"rendered":"<p>Mersin B\u00fcy\u00fck\u015fehir Belediye Ba\u015fkan\u0131 ve Cumhuriyet Halk Partisi (CHP) Mersin B\u00fcy\u00fck\u015fehir Belediye Ba\u015fkan Aday\u0131 Vahap Se\u00e7er&#8217;in Ayd\u0131nc\u0131k Se\u00e7im Koordinasyon Merkezi a\u00e7\u0131ld\u0131. A\u00e7\u0131l\u0131\u015fa, Ba\u015fkan Se\u00e7er&#8217;in yan\u0131 s\u0131ra CHP Ayd\u0131nc\u0131k Belediye Ba\u015fkan &hellip; <a href=\"https:\/\/akdenizolaygazetesi.com\/?p=29849\" class=\"more-link\">Devam\u0131n\u0131 Oku&#8230;<\/a><\/p>\n","protected":false},"author":2,"featured_media":29850,"comment_status":"open","ping_status":"open","sticky":false,"template":"","format":"standard","meta":[],"categories":[34,2,3,5,6],"tags":[],"_links":{"self":[{"href":"https:\/\/akdenizolaygazetesi.com\/index.php?rest_route=\/wp\/v2\/posts\/29849"}],"collection":[{"href":"https:\/\/akdenizolaygazetesi.com\/index.php?rest_route=\/wp\/v2\/posts"}],"about":[{"href":"https:\/\/akdenizolaygazetesi.com\/index.php?rest_route=\/wp\/v2\/types\/post"}],"author":[{"embeddable":true,"href":"https:\/\/akdenizolaygazetesi.com\/index.php?rest_route=\/wp\/v2\/users\/2"}],"replies":[{"embeddable":true,"href":"https:\/\/akdenizolaygazetesi.com\/index.php?rest_route=%2Fwp%2Fv2%2Fcomments&post=29849"}],"version-history":[{"count":1,"href":"https:\/\/akdenizolaygazetesi.com\/index.php?rest_route=\/wp\/v2\/posts\/29849\/revisions"}],"predecessor-version":[{"id":29851,"href":"https:\/\/akdenizolaygazetesi.com\/index.php?rest_route=\/wp\/v2\/posts\/29849\/revisions\/29851"}],"wp:featuredmedia":[{"embeddable":true,"href":"https:\/\/akdenizolaygazetesi.com\/index.php?rest_route=\/wp\/v2\/media\/29850"}],"wp:attachment":[{"href":"https:\/\/akdenizolaygazetesi.com\/index.php?rest_route=%2Fwp%2Fv2%2Fmedia&parent=29849"}],"wp:term":[{"taxonomy":"category","embeddable":true,"href":"https:\/\/akdenizolaygazetesi.com\/index.php?rest_route=%2Fwp%2Fv2%2Fcategories&post=29849"},{"taxonomy":"post_tag","embeddable":true,"href":"https:\/\/akdenizolaygazetesi.com\/index.php?rest_route=%2Fwp%2Fv2%2Ftags&post=29849"}],"curies":[{"name":"wp","href":"https:\/\/api.w.org\/{rel}","templated":true}]}}