{"id":2985,"date":"2020-11-04T18:23:28","date_gmt":"2020-11-04T15:23:28","guid":{"rendered":"http:\/\/mersinekonomipolitikagazetesi.com\/?p=2985"},"modified":"2020-11-04T18:23:28","modified_gmt":"2020-11-04T15:23:28","slug":"meu-rektoru-prof-dr-ahmet-camsari-gorevine-devam-ediyor","status":"publish","type":"post","link":"https:\/\/akdenizolaygazetesi.com\/?p=2985","title":{"rendered":"ME\u00dc Rekt\u00f6r\u00fc Prof. Dr. Ahmet  \u00c7amsar\u0131 g\u00f6revine devam ediyor"},"content":{"rendered":"<p>Rekt\u00f6r atamalar\u0131na ili\u015fkin kararlar Resmi Gazete\u2019de yay\u0131mland\u0131.<br \/>\nMersin \u00dcniversitesi Rekt\u00f6r\u00fc Prof. Dr. Ahmet \u00c7amsar\u0131 g\u00f6reve yeniden atand\u0131.<br \/>\nCumhurba\u015fkan\u0131 Recep Tayyip Erdo\u011fan\u2019\u0131n imzas\u0131 ile yer alan atama kararlar\u0131nda 11 \u00fcniversiteye rekt\u00f6r atamas\u0131 ger\u00e7ekle\u015ftirildi\u011fi bildirildi.\u00a0<\/p>\n<p>2547 say\u0131l\u0131 Kanun\u2019un 13\u2019\u00fcnc\u00fc ve 3 say\u0131l\u0131 Cumhurba\u015fkanl\u0131\u011f\u0131 Kararnamesi\u2019nin 2, 3, ve 7\u2019inci maddeleri gere\u011fince ger\u00e7ekle\u015ftirilen atamalar \u015fu \u015fekilde:<\/p>\n<p>Bursa Teknik \u00dcniversitesi Rekt\u00f6rl\u00fc\u011f\u00fcne Prof. Dr. Arif Karademir, Erzurum Teknik Rekt\u00f6rl\u00fc\u011f\u00fcne Prof. Dr. B\u00fclent \u00c7akmak, Hatay Mustafa Kemal \u00dcniversitesi Rekt\u00f6rl\u00fc\u011f\u00fcne Prof. Dr. Hasan Kaya, \u0130stanbul Medeniyet \u00dcniversitesi Rekt\u00f6rl\u00fc\u011f\u00fcne Prof. Dr. G\u00fclfettin \u00c7elik, \u0130zmir Y\u00fcksek Teknoloji Enstit\u00fcs\u00fc Rekt\u00f6rl\u00fc\u011f\u00fcne Prof. Dr. Yusuf Baran, Kafkas \u00dcniversitesi Rekt\u00f6rl\u00fc\u011f\u00fcne Prof. Dr. H\u00fcsn\u00fc Kapu, Kocaeli \u00dcniversitesi Rekt\u00f6rl\u00fc\u011f\u00fcne Prof. Dr. Sadettin H\u00fclag\u00fc, Mersin \u00dcniversitesi Rekt\u00f6rl\u00fc\u011f\u00fcne Prof. Dr. Ahmet \u00c7amsar\u0131,<br \/>\nNecmettin Erbakan \u00dcniversitesi Rekt\u00f6rl\u00fc\u011f\u00fcne Prof. Dr. Cem Zorlu,<br \/>\nTokat Gaziosmanpa\u015fa \u00dcniversitesi Rekt\u00f6rl\u00fc\u011f\u00fcne Prof. Dr. B\u00fcnyamin \u015eahin,<br \/>\nKadir Has \u00dcniversitesi Rekt\u00f6rl\u00fc\u011f\u00fcne Prof. Dr. Meryem Sondan Durkano\u011flu Feyiz atand\u0131.<\/p>\n","protected":false},"excerpt":{"rendered":"<p>Rekt\u00f6r atamalar\u0131na ili\u015fkin kararlar Resmi Gazete\u2019de yay\u0131mland\u0131. Mersin \u00dcniversitesi Rekt\u00f6r\u00fc Prof. Dr. Ahmet \u00c7amsar\u0131 g\u00f6reve yeniden atand\u0131. Cumhurba\u015fkan\u0131 Recep Tayyip Erdo\u011fan\u2019\u0131n imzas\u0131 ile yer alan atama kararlar\u0131nda 11 \u00fcniversiteye rekt\u00f6r &hellip; <a href=\"https:\/\/akdenizolaygazetesi.com\/?p=2985\" class=\"more-link\">Devam\u0131n\u0131 Oku&#8230;<\/a><\/p>\n","protected":false},"author":1,"featured_media":0,"comment_status":"open","ping_status":"open","sticky":false,"template":"","format":"standard","meta":[],"categories":[],"tags":[],"_links":{"self":[{"href":"https:\/\/akdenizolaygazetesi.com\/index.php?rest_route=\/wp\/v2\/posts\/2985"}],"collection":[{"href":"https:\/\/akdenizolaygazetesi.com\/index.php?rest_route=\/wp\/v2\/posts"}],"about":[{"href":"https:\/\/akdenizolaygazetesi.com\/index.php?rest_route=\/wp\/v2\/types\/post"}],"author":[{"embeddable":true,"href":"https:\/\/akdenizolaygazetesi.com\/index.php?rest_route=\/wp\/v2\/users\/1"}],"replies":[{"embeddable":true,"href":"https:\/\/akdenizolaygazetesi.com\/index.php?rest_route=%2Fwp%2Fv2%2Fcomments&post=2985"}],"version-history":[{"count":0,"href":"https:\/\/akdenizolaygazetesi.com\/index.php?rest_route=\/wp\/v2\/posts\/2985\/revisions"}],"wp:attachment":[{"href":"https:\/\/akdenizolaygazetesi.com\/index.php?rest_route=%2Fwp%2Fv2%2Fmedia&parent=2985"}],"wp:term":[{"taxonomy":"category","embeddable":true,"href":"https:\/\/akdenizolaygazetesi.com\/index.php?rest_route=%2Fwp%2Fv2%2Fcategories&post=2985"},{"taxonomy":"post_tag","embeddable":true,"href":"https:\/\/akdenizolaygazetesi.com\/index.php?rest_route=%2Fwp%2Fv2%2Ftags&post=2985"}],"curies":[{"name":"wp","href":"https:\/\/api.w.org\/{rel}","templated":true}]}}