{"id":29852,"date":"2024-02-23T12:41:29","date_gmt":"2024-02-23T09:41:29","guid":{"rendered":"http:\/\/akdenizolaygazetesi.com\/?p=29852"},"modified":"2024-02-23T12:41:29","modified_gmt":"2024-02-23T09:41:29","slug":"%e2%80%8bbolge-muduru-yalcin-yanan-sahalarda-incelemelerde-bulundu","status":"publish","type":"post","link":"https:\/\/akdenizolaygazetesi.com\/?p=29852","title":{"rendered":"\u200bB\u00f6lge M\u00fcd\u00fcr\u00fc Yal\u00e7\u0131n Yanan Sahalarda \u0130ncelemelerde Bulundu"},"content":{"rendered":"<p>Mersin Orman B\u00f6lge M\u00fcd\u00fcr\u00fc Mustafa Yal\u00e7\u0131n, 2021 ve 2022 y\u0131llar\u0131nda Silifke\u2019de \u00e7\u0131kan orman yang\u0131n\u0131nda zarar g\u00f6ren sahalarda incelemelerde bulundu.  <\/p>\n<p>B\u00f6lge M\u00fcd\u00fcrl\u00fc\u011f\u00fc olarak Silifke Ye\u015filovac\u0131k\u2019ta yang\u0131n sonras\u0131nda yanan sahalar\u0131m\u0131z\u0131 tekrar ye\u015fertmek ad\u0131na t\u00fcm g\u00fcc\u00fcm\u00fczle toprak i\u015fleme ve fidan dikim i\u015flerimiz sezonu i\u00e7inde tamamlanarak, a\u011fa\u00e7land\u0131rma \u00e7al\u0131\u015fmalar\u0131nda y\u00f6rede ya\u015fayan halk\u0131m\u0131zla beraber K\u0131z\u0131l\u00e7am\u0131n yan\u0131 s\u0131ra, gelir getirici ve yang\u0131na dayan\u0131kl\u0131 Ke\u00e7i Boynuzu (Harnup), Badem, F\u0131st\u0131k\u00e7am\u0131, Servi, Zakkum gibi t\u00fcrlerin dikimleri yap\u0131ld\u0131.<\/p>\n<p>B\u00f6lge M\u00fcd\u00fcr\u00fc Yal\u00e7\u0131n yanan sahan\u0131n ba\u015far\u0131 durumunu yerinde inceleyip, denetimde bulunarak, \u00e7al\u0131\u015fmalardan dolay\u0131 eme\u011fi ge\u00e7en herkese te\u015fekk\u00fcr etti. B\u00f6lge M\u00fcd\u00fcr\u00fc Yal\u00e7\u0131n\u2019a, B\u00f6lge M\u00fcd\u00fcr Yard\u0131mc\u0131lar\u0131 Mehmet Fulin, Ya\u015far Yaman Sa\u011flam, Ali Ki\u015fi, Makine ve \u0130kmal \u015eube M\u00fcd\u00fcr\u00fc Kaz\u0131m Karadeniz, Anamur Orman \u0130\u015fletme M\u00fcd\u00fcr\u00fc \u0130smail G\u00fcbe\u015f, Bozyaz\u0131 Orman \u0130\u015fletme M\u00fcd\u00fcr\u00fc Fahri Uzlar, \u00c7aml\u0131yayla Orman \u0130\u015fletme M\u00fcd\u00fcr\u00fc Ali Durmaz, Erdemli Orman \u0130\u015fletme M\u00fcd\u00fcr\u00fc Murat K\u00f6rl\u00fc, G\u00fclnar Orman \u0130\u015fletme M\u00fcd\u00fcr\u00fc Serdar Karaca, Mut Orman \u0130\u015fletme M\u00fcd\u00fcr\u00fc Utku Dan\u0131\u015f, Silifke Orman \u0130\u015fletme M\u00fcd\u00fcr\u00fc Harun Boz, Tarsus Orman \u0130\u015fletme M\u00fcd\u00fcr\u00fc Muhammet K\u00f6se ve i\u015fletme \u015fefleri e\u015flik etti.<\/p>\n<p>Yanan sahalarda yap\u0131lan incelenmeler sonras\u0131nda B\u00f6lge M\u00fcd\u00fcr\u00fc Yal\u00e7\u0131n, yang\u0131nla m\u00fccadelede g\u00fcc\u00fcm\u00fcze g\u00fc\u00e7 katacak olan 1 adet araz\u00f6z, 1 adet su tank\u0131, 1 adet ekskavat\u00f6r ve 1 adet mini ekskavat\u00f6r\u00fcn \u00c7aml\u0131yayla, Tarsus ve Silifke\u2019ye hay\u0131rl\u0131 olmas\u0131n\u0131 dileyerek, ara\u00e7lar\u0131n teslimini ger\u00e7ekle\u015ftirdi.  <\/p>\n","protected":false},"excerpt":{"rendered":"<p>Mersin Orman B\u00f6lge M\u00fcd\u00fcr\u00fc Mustafa Yal\u00e7\u0131n, 2021 ve 2022 y\u0131llar\u0131nda Silifke\u2019de \u00e7\u0131kan orman yang\u0131n\u0131nda zarar g\u00f6ren sahalarda incelemelerde bulundu. B\u00f6lge M\u00fcd\u00fcrl\u00fc\u011f\u00fc olarak Silifke Ye\u015filovac\u0131k\u2019ta yang\u0131n sonras\u0131nda yanan sahalar\u0131m\u0131z\u0131 tekrar ye\u015fertmek &hellip; <a href=\"https:\/\/akdenizolaygazetesi.com\/?p=29852\" class=\"more-link\">Devam\u0131n\u0131 Oku&#8230;<\/a><\/p>\n","protected":false},"author":2,"featured_media":29853,"comment_status":"open","ping_status":"open","sticky":false,"template":"","format":"standard","meta":[],"categories":[2,3],"tags":[],"_links":{"self":[{"href":"https:\/\/akdenizolaygazetesi.com\/index.php?rest_route=\/wp\/v2\/posts\/29852"}],"collection":[{"href":"https:\/\/akdenizolaygazetesi.com\/index.php?rest_route=\/wp\/v2\/posts"}],"about":[{"href":"https:\/\/akdenizolaygazetesi.com\/index.php?rest_route=\/wp\/v2\/types\/post"}],"author":[{"embeddable":true,"href":"https:\/\/akdenizolaygazetesi.com\/index.php?rest_route=\/wp\/v2\/users\/2"}],"replies":[{"embeddable":true,"href":"https:\/\/akdenizolaygazetesi.com\/index.php?rest_route=%2Fwp%2Fv2%2Fcomments&post=29852"}],"version-history":[{"count":1,"href":"https:\/\/akdenizolaygazetesi.com\/index.php?rest_route=\/wp\/v2\/posts\/29852\/revisions"}],"predecessor-version":[{"id":29854,"href":"https:\/\/akdenizolaygazetesi.com\/index.php?rest_route=\/wp\/v2\/posts\/29852\/revisions\/29854"}],"wp:featuredmedia":[{"embeddable":true,"href":"https:\/\/akdenizolaygazetesi.com\/index.php?rest_route=\/wp\/v2\/media\/29853"}],"wp:attachment":[{"href":"https:\/\/akdenizolaygazetesi.com\/index.php?rest_route=%2Fwp%2Fv2%2Fmedia&parent=29852"}],"wp:term":[{"taxonomy":"category","embeddable":true,"href":"https:\/\/akdenizolaygazetesi.com\/index.php?rest_route=%2Fwp%2Fv2%2Fcategories&post=29852"},{"taxonomy":"post_tag","embeddable":true,"href":"https:\/\/akdenizolaygazetesi.com\/index.php?rest_route=%2Fwp%2Fv2%2Ftags&post=29852"}],"curies":[{"name":"wp","href":"https:\/\/api.w.org\/{rel}","templated":true}]}}