{"id":29867,"date":"2024-02-25T10:57:35","date_gmt":"2024-02-25T07:57:35","guid":{"rendered":"http:\/\/akdenizolaygazetesi.com\/?p=29867"},"modified":"2024-02-25T10:57:35","modified_gmt":"2024-02-25T07:57:35","slug":"her-bolgede-kurs-merkezi-actik-egitimde-firsat-esitligi-tam-da-budur","status":"publish","type":"post","link":"https:\/\/akdenizolaygazetesi.com\/?p=29867","title":{"rendered":"&#8220;HER B\u00d6LGEDE KURS MERKEZ\u0130 A\u00c7TIK. E\u011e\u0130T\u0130MDE FIRSAT E\u015e\u0130TL\u0130\u011e\u0130 TAM DA BUDUR&#8221;"},"content":{"rendered":"<p>Mersin B\u00fcy\u00fck\u015fehir Belediye Ba\u015fkan\u0131 Vahap Se\u00e7er, B\u00fcy\u00fck\u015fehir taraf\u0131ndan d\u00fczenlenen &#8216;Veli Bulu\u015fmas\u0131&#8217;na kat\u0131larak Sosyal Hizmetler Dairesi Ba\u015fkanl\u0131\u011f\u0131 E\u011fitim Hizmetleri \u015eube M\u00fcd\u00fcrl\u00fc\u011f\u00fc b\u00fcnyesinde hizmet veren Anamur ve Bozyaz\u0131 E\u011fitimi ve \u00d6\u011fretimi Kurs Merkezlerindeki \u00f6\u011frencilerin aileleriyle bir araya geldi.<\/p>\n<p>Bulu\u015fmaya Ba\u015fkan Se\u00e7er&#8217;in yan\u0131 s\u0131ra Cumhuriyet Halk Partisi (CHP) Anamur Belediye Ba\u015fkan Aday\u0131 Durmu\u015f Deniz, Bozyaz\u0131 Belediye Ba\u015fkan Aday\u0131 Baykal Ar\u0131deniz ve veliler kat\u0131ld\u0131. E\u011fitim Hizmetleri \u015eube M\u00fcd\u00fcrl\u00fc\u011f\u00fc&#8217;n\u00fcn \u00e7al\u0131\u015fmalar\u0131n\u0131n anlat\u0131ld\u0131\u011f\u0131 videonun g\u00f6sterimiyle ba\u015flayan etkinlik, konu\u015fmalarla devam etti.<\/p>\n<p>B\u00fcy\u00fck\u015fehir Belediye Ba\u015fkan\u0131 olarak kentteki her vatanda\u015f\u0131n her sorunuyla ilgilendi\u011fini s\u00f6yleyen Se\u00e7er, &#8220;Sizin \u00e7ocuklar\u0131n\u0131z\u0131n e\u011fitim konusunda s\u0131k\u0131nt\u0131lar\u0131 oldu\u011funu biliyorduk g\u00f6reve geldi\u011fimizde. \u015euanda 27 e\u011fitim merkezimiz var. \u0130mkan\u0131 olan aile \u00e7ocuklar\u0131 daha iyi bir okula girsin diye \u00f6\u011fretmen ya da dershane kayd\u0131 yapabiliyor, olmayan ne yapacak? O \u00e7ocu\u011funda hakk\u0131 de\u011fil mi iyi bir e\u011fitim almak? Devlet dedi\u011finiz budur; devlet kar\u015f\u0131s\u0131nda her yurtta\u015f e\u015fittir. Anayasal h\u00fck\u00fcml\u00fcl\u00fckt\u00fcr; ayr\u0131mc\u0131l\u0131k olmaz, her z\u00fcmreye her ki\u015fiye, her bireye e\u015fit davranmak zorundad\u0131r. E\u015fit yurtta\u015fl\u0131k hakk\u0131 budur. Sosyal devlet anlay\u0131\u015f\u0131ndan, sosyal belediyecilik anlay\u0131\u015f\u0131ndan uzakla\u015ft\u0131\u011f\u0131n\u0131z noktada insanlar\u0131 yaln\u0131zla\u015ft\u0131r\u0131rs\u0131n\u0131z, kimsesizle\u015ftirirsiniz&#8221; diyerek y\u00f6neticilerin bu imkanlar\u0131 sa\u011flamak zorunda oldu\u011funu vurgulad\u0131.<\/p>\n<p>Mersin genelinde 27 e\u011fitim merkezi ile 7 bin 200 \u00f6\u011frenciye hizmet sunduklar\u0131n\u0131 kaydeden Se\u00e7er, &#8220;Biz hem liseye ge\u00e7i\u015f s\u0131navlar\u0131nda, hem \u00fcniversiteye haz\u0131rl\u0131k s\u0131navlar\u0131nda mahallelere dahi e\u011fitim kurumlar\u0131 a\u00e7t\u0131k. B\u00fct\u00fcn b\u00f6lgelerde var. \u0130\u015fte e\u011fitimde f\u0131rsat e\u015fitli\u011fi bu&#8221; diye konu\u015ftu. Velilerin \u00f6\u011fretmenlerden memnuniyetinin kendisini \u00e7ok mutlu etti\u011fini belirten Se\u00e7er, &#8220;Sizlerin huzurunda \u00f6\u011fretmenlerimize te\u015fekk\u00fcr ediyorum. Onlar\u0131n eme\u011fine, y\u00fcre\u011fine sa\u011fl\u0131k&#8221; dedi.<\/p>\n<p>&#8220;Mersin B\u00fcy\u00fck\u015fehir Belediyesi yapt\u0131\u011f\u0131 i\u015fi kaliteli yapar&#8221;<\/p>\n<p>Mersin&#8217;in 2,5 milyon n\u00fcfusu ile kozmopolit bir \u015fehir oldu\u011funu kaydeden Se\u00e7er, kentteki huzurun kendisinin en b\u00fcy\u00fck serveti oldu\u011funu belirterek, &#8220;Mersin B\u00fcy\u00fck\u015fehir Belediyesi yapt\u0131\u011f\u0131 i\u015fi kaliteli yapar, lafta, mottoda de\u011fil \u00f6nce halk\u0131n\u0131 ba\u015f\u0131n\u0131n \u00fcst\u00fcne koyar. Benim 11 binden fazla mesai arkada\u015f\u0131m hi\u00e7bir Mersinliye kaba davranamaz, parmak sallayamaz. Bu belediyeye siyaset girmez, ben her yerde \u00f6v\u00fcnerek s\u00f6ylerim. Ben Cumhuriyet Halk Partimle, Mustafa Kemal Atat\u00fcrk&#8217;le \u00f6v\u00fcn\u00e7 duyabilirim ama ben herkesin belediye ba\u015fkan\u0131y\u0131m&#8221; diyerek, her siyasi g\u00f6r\u00fc\u015ften vatanda\u015f\u0131n\u0131 da \u00e7ok sevdi\u011fini ve ba\u015f\u0131n\u0131 \u00fcst\u00fcnde g\u00f6rd\u00fc\u011f\u00fcn\u00fc kaydetti.<\/p>\n<p>&#8220;Bize vatan sevgisini a\u015f\u0131layan Mustafa Kemal Atat\u00fcrk&#8217;t\u00fcr&#8221;<\/p>\n<p>Vatan sevgisinin hi\u00e7 kimsenin tekelinde olmad\u0131\u011f\u0131n\u0131 s\u00f6zlerine ekleyen Ba\u015fkan Se\u00e7er, &#8220;Kim ki toplumun milli ve dini duygular\u0131n\u0131 siyaset ad\u0131na istismar eder, bu \u00fclkeye k\u00f6t\u00fcl\u00fck yapar. Onlar\u0131 reddediyorum, k\u0131n\u0131yorum. Bu \u00fclke hepimiz i\u00e7in, hepimizin. Hi\u00e7birimiz bir di\u011ferimizden daha fazla vatansever oldu\u011fumuzu iddia edemeyiz. Vatan sevgisi bizim kalbimizde. Bu vatan sevgisinin mihmandar\u0131, bize a\u015f\u0131layan Mustafa Kemal Atat\u00fcrk&#8217;t\u00fcr. Biz onun pe\u015finden gidiyoruz. Onun i\u00e7in e\u011fitim diyoruz&#8221; dedi.<\/p>\n<p>E\u011fitimin bilimle ve ak\u0131lla ilerledi\u011fini kaydeden Ba\u015fkan Se\u00e7er, &#8220;E\u011fitim her \u015feyin ba\u015f\u0131. E\u011fitim demek; zenginlik demek, temiz toplum demek. Hep beraber \u00e7ocuklar\u0131m\u0131za sahip \u00e7\u0131kaca\u011f\u0131z. Biz devlet olarak siz de ebeveynler olarak topluma sahip \u00e7\u0131kaca\u011f\u0131z&#8221; diye konu\u015ftu.<\/p>\n<p>&#8220;5 y\u0131l boyunca adaletli hizmet yapt\u0131k&#8221;<\/p>\n<p>Mersin&#8217;in her noktas\u0131n\u0131n adil hizmeti hak etti\u011fini ve 5 y\u0131l boyunca bu inan\u00e7la \u00e7al\u0131\u015ft\u0131klar\u0131n\u0131 ifade eden Ba\u015fkan Se\u00e7er, &#8220;\u0130\u015fte adalet burada ba\u015flar. Herkese adaletli hizmet g\u00f6t\u00fcrmek, ihtiyac\u0131 olana g\u00f6t\u00fcrmek. Be\u015f y\u0131l boyunca bunu yapt\u0131k. Umar\u0131m sizlerin deste\u011fiyle ikinci be\u015f y\u0131lda da ayn\u0131 anlay\u0131\u015f ile devam edece\u011fiz&#8221; dedi.<\/p>\n<p>Vatanda\u015fa hizmeti oy vermeleri \u015fart\u0131yla yapmad\u0131klar\u0131n\u0131 vurgulayan Ba\u015fkan Se\u00e7er, \u015funlar\u0131 s\u00f6yledi:<\/p>\n<p>&#8220;&#8216;Bize oy verirseniz, belediyemizi se\u00e7erseniz daha iyi hizmet al\u0131rs\u0131n\u0131z&#8217; demeyiz. \u015eunu diyebiliriz:  Bozyaz\u0131&#8217;da Baykal bey, Anamur&#8217;da Durmu\u015f Bey belediye ba\u015fkan\u0131 adaylar\u0131m\u0131z. Arkada\u015flar\u0131m\u0131za destek olunuz. Se\u00e7ilmeleri halinde daha e\u015fg\u00fcd\u00fcml\u00fc, daha koordineli \u00e7al\u0131\u015fabiliriz. \u00c7\u00fcnk\u00fc ayn\u0131 siyasi partiyi temsil ediyoruz. Birbirimizi daha iyi anlayabiliriz. Birbirimizi engellemeyip \u00f6n\u00fcm\u00fcz\u00fc a\u00e7abiliriz.&#8221;<\/p>\n<p>&#8220;3 \u00e7e\u015fit yemek 10 TL. Belediyecilik bu&#8221;<\/p>\n<p>\u00d6\u011frenciler i\u00e7in ula\u015f\u0131m \u00fccretinin 1 TL oldu\u011funu ve bunu velilerin y\u00fck\u00fcn\u00fc almak i\u00e7in yapt\u0131klar\u0131n\u0131 s\u00f6yleyen Ba\u015fkan Se\u00e7er, &#8220;T\u00fcrkiye&#8217;nin hi\u00e7bir taraf\u0131nda yok. Dolayl\u0131 olarak velilere katk\u0131 yapal\u0131m diye yapt\u0131k. Yoksa bizim bunu 6-7 lira yapmam\u0131z laz\u0131m. Gelir seviyesi d\u00fc\u015f\u00fck bir aile i\u00e7in son derece b\u00fcy\u00fck maliyet&#8221; derken. \u00dcniversite kap\u0131lar\u0131nda dahil olmak \u00fczere dar gelirli vatanda\u015flar\u0131n ya\u015fad\u0131\u011f\u0131 b\u00f6lgelerde, 48 noktada Mahalle Mutfa\u011f\u0131 oldu\u011funu s\u00f6yleyen Ba\u015fkan Se\u00e7er, &#8220;A\u015fhanemizde g\u00fcnl\u00fck on bin ki\u015filik yemek pi\u015fiyor. Vatanda\u015f 3 \u00e7e\u015fit yeme\u011fi 10 TL&#8217;ye alabiliyor. Belediyecilik budur&#8221; dedi.<\/p>\n<p>Hizmet yapt\u0131klar\u0131nda en iyisini, en kalitelisini yapt\u0131klar\u0131n\u0131 s\u00f6yleyen Ba\u015fkan Se\u00e7er, Anamur&#8217;da yenilenen yollar\u0131 bir bir s\u0131ralayarak, &#8220;Yolun en g\u00fczelini yapt\u0131k. Belediye ba\u015fkan\u0131n\u0131z bunlar\u0131 da yap\u0131yor. Mersin&#8217;de rayl\u0131 sistemler d\u00f6nemini de ba\u015flatabiliyor. Bunlar milyarl\u0131k yat\u0131r\u0131mlar, altyap\u0131 \u00e7al\u0131\u015fmalar\u0131n\u0131 yap\u0131yor ama vatanda\u015f\u0131n\u0131n \u00e7ocu\u011funun derdiyle de dertleniyor. E\u011fitim sorunuyla da, karn\u0131 a\u00e7sa onunla da, hastas\u0131 varsa onunla da ilgileniyor. \u0130\u015fte belediyecilik budur. Tabi ki yol, kanalizasyon, ar\u0131tma yapaca\u011f\u0131z ama vatanda\u015f\u0131m\u0131z\u0131n hastas\u0131 varsa, midesi bo\u015fsa, \u00f6\u011frencisi varsa onun sorunu varsa bunlarla da ilgilenece\u011fiz&#8221; ifadelerine yer verdi.<\/p>\n<p>&#8220;Anamur&#8217;a muazzam bir k\u00fclt\u00fcr merkezi kazand\u0131raca\u011f\u0131z&#8221;<\/p>\n<p>Anamur&#8217;da gen\u00e7lere y\u00f6nelik bir okuma salonunun faaliyete ba\u015flad\u0131\u011f\u0131n\u0131 hat\u0131rlatan Ba\u015fkan Se\u00e7er, yeni d\u00f6nemde yapacaklar\u0131 baz\u0131 projeleri de anlatarak, &#8220;Anamur gibi k\u00fclt\u00fcrel seviyesi, okuma oran\u0131 y\u00fcksek bir yer. Ancak bir k\u00fclt\u00fcr merkeziniz yok. MESK\u0130&#8217;nin yerle\u015fkesini bo\u015faltt\u0131k. Oraya \u00e7ok yak\u0131n zamanda temelini at\u0131yoruz; size muazzam bir K\u00fclt\u00fcr Merkezi kazand\u0131raca\u011f\u0131z. \u00c7ok g\u00fczel, i\u00e7inde gen\u00e7lere ait birimlerin de oldu\u011fu, k\u00fclt\u00fcrel etkinlikleri yapabilecekleri; tiyatro, toplant\u0131, konser salonu ve \u00e7ok g\u00fczel fonksiyonlar y\u00fckledi\u011fimiz bir k\u00fclt\u00fcr merkezimiz olacak. Hem Bozyaz\u0131&#8217;y\u0131 hem Anamur&#8217;u Sosyal Ya\u015fam Merkezi&#8217;ne kavu\u015fturaca\u011f\u0131z. Bu sosyal ya\u015fam merkezlerini \u00f6nemsiyoruz. Bunlar; kad\u0131nlar, \u00e7ocuklar, gen\u00e7ler i\u00e7in son derece \u00f6nemli. En g\u00fczel \u015fekilde yap\u0131lacak&#8221; \u015feklinde konu\u015ftu.<\/p>\n<p>&#8220;Anamur, Bozyaz\u0131&#8217;da da gen\u00e7ler i\u00e7in konserler olacak&#8221;<\/p>\n<p>Se\u00e7imi kazanmas\u0131n\u0131n ard\u0131ndan ikinci 5 y\u0131lda hizmetlerini daha da katlayaca\u011f\u0131n\u0131 kaydeden Se\u00e7er, &#8220;Mersin&#8217;in merkezinde gen\u00e7ler i\u00e7in nas\u0131l konserler oluyorsa Anamur&#8217;da Bozyaz\u0131&#8217;da da olacak. Buralarda da \u00e7ocuklar\u0131n etkinliklere konserlere gitme hakk\u0131 yok mu, buralarda da yapaca\u011f\u0131z. Kendi g\u00f6z\u00fcm\u00fczle bak\u0131yoruz \u00e7ocuklara, biz \u00e7ocuklar\u0131n d\u00fcnyas\u0131nda de\u011filiz. 30-40-50 y\u0131l biz onlar\u0131n gerisindeyiz, onlar bizden ileride. Onlar\u0131n d\u00fcnya g\u00f6r\u00fc\u015f\u00fcne, hayallerine g\u00f6re hizmet yapmam\u0131z laz\u0131m, onlar\u0131n g\u00f6z\u00fcyle hayata bakmam\u0131z laz\u0131m&#8221; dedi.<\/p>\n<p>K\u00fclt\u00fcr ve Sosyal Hizmetler Dairesi Ba\u015fkanl\u0131\u011f\u0131&#8217;n\u0131n il\u00e7elerde, k\u00f6ylerde \u015fenlikler, tiyatrolar, konserler yapt\u0131\u011f\u0131n\u0131 hat\u0131rlatan Se\u00e7er, &#8220;Durmad\u0131k, ama daha iyisi olabilir. Asl\u0131nda bir \u00f6nceki d\u00f6neme g\u00f6re \u00e7ok fazla i\u015fler oldu. Daha da g\u00fczel olsun, rengarenk olsun bu \u015fehir. \u0130nsanlar k\u00f6t\u00fcl\u00fckten bahsetmesin, birbirine d\u00fc\u015fman olmas\u0131n. K\u00fclt\u00fcr demek, sanat demek, spor demek bir arada olmak demek. Konser demek insanlar\u0131n bir arada olmas\u0131 demek&#8221; diye konu\u015ftu.<\/p>\n<p>&#8220;Her il\u00e7eye Sosyal Ya\u015fam Merkezi a\u00e7aca\u011f\u0131z&#8221;<\/p>\n<p>Her il\u00e7eye gen\u00e7lerin zaman ge\u00e7irece\u011fi, etkinlikler yapabilece\u011fi Sosyal Ya\u015fam Merkezi a\u00e7acaklar\u0131n\u0131 da m\u00fcjdeleyen Se\u00e7er, &#8220;G\u00fclnar art\u0131k \u00fcniversite s\u0131navlar\u0131nda tercih ediliyor. \u00c7\u00fcnk\u00fc yurt var, \u00f6nceden yoktu. \u015eu anda bizim yurt dolu, \u00f6nceden bo\u015fmu\u015f, tercih yapan yokmu\u015f. Okul bo\u015fmu\u015f, \u015fimdi doldu. \u00d6\u011frenci geldi oran\u0131n sosyal yap\u0131s\u0131 de\u011fi\u015fti. Bizim \u00e7ocuklar\u0131m\u0131z, bizim evlatlar\u0131m\u0131z bakkaldan, esnaftan al\u0131\u015fveri\u015f yapt\u0131, c\u0131v\u0131l c\u0131v\u0131l soka\u011fa girdi, soka\u011f\u0131n enerjisi y\u00fckseldi. Oradan da &#8216;Ba\u015fkan bize b\u00f6yle merkezler yap\u0131n&#8217; dediler. Her b\u00f6lge bunu ihtiya\u00e7 olarak g\u00f6r\u00fcyor, her b\u00f6lgede bunlar\u0131 yapaca\u011f\u0131z&#8221; diye konu\u015ftu.<\/p>\n<p>Ar\u0131deniz: &#8220;Vahap Ba\u015fkan\u0131m\u0131z, e\u011fitimde f\u0131rsat e\u015fitli\u011fini \u00e7ok g\u00fczel ger\u00e7ekle\u015ftirdi&#8221;<\/p>\n<p>CHP Bozyaz\u0131 Belediye Ba\u015fkan Aday\u0131 Baykal Ar\u0131deniz, 5 y\u0131l \u00f6nce B\u00fcy\u00fck\u015fehir Belediyesi taraf\u0131ndan a\u00e7\u0131lan kurs merkezinin \u00e7ok ba\u015far\u0131l\u0131 oldu\u011funu ve yo\u011fun talep g\u00f6rd\u00fc\u011f\u00fcn\u00fc ifade ederek, &#8220;Kurs merkezimiz ciddi anlamda ba\u015far\u0131 elde etti. Vahap Ba\u015fkan\u0131m\u0131z\u0131n da buradaki amac\u0131 Cumhuriyet Halk Partisi&#8217;nin sosyal belediyecilik anlay\u0131\u015f\u0131nda oldu\u011fu gibi e\u011fitimde f\u0131rsat e\u015fitli\u011fini sa\u011flamakt\u0131. Ba\u015fkan\u0131m bunu ger\u00e7ekten \u00e7ok g\u00fczel ger\u00e7ekle\u015ftirdi&#8221; diye konu\u015ftu.<\/p>\n<p>Deniz: &#8220;Vahap Ba\u015fkan\u0131m\u0131z t\u00fcm Mersin&#8217;de \u00e7ok g\u00fczel sosyal projeler yapt\u0131&#8221;<\/p>\n<p>T\u00fcrkiye&#8217;de sosyal belediyecili\u011fin mimar\u0131n\u0131n Ba\u015fkan Se\u00e7er oldu\u011funu s\u00f6yleyen CHP Anamur Belediye Ba\u015fkan Aday\u0131 Durmu\u015f Deniz, &#8220;Say\u0131n Ba\u015fkan\u0131m Vahap Se\u00e7er il\u00e7emize ve t\u00fcm Mersin&#8217;e \u00e7ok g\u00fczel sosyal projeler yapt\u0131. Ba\u015fkan\u0131m\u0131z, il\u00e7emizde eksi\u011fi olan k\u00fclt\u00fcr merkezimizin de en k\u0131sa s\u00fcrede yap\u0131laca\u011f\u0131n\u0131n m\u00fcjdesini verdi. \u0130haleye \u00e7\u0131k\u0131ld\u0131. Umar\u0131m en k\u0131sa s\u00fcrede bu k\u00fclt\u00fcr merkezimiz de a\u00e7\u0131lacak, \u00f6\u011frencilerimiz bu hizmetlerden de kolayca faydalanacak&#8221; dedi.<\/p>\n<p>Bal:  &#8220;\u00c7ocuklar\u0131m\u0131z kurs merkezine isteyerek ve severek gidiyor&#8221;<\/p>\n<p>K\u0131z\u0131, Bozyaz\u0131 Kurs Merkezi&#8217;nde e\u011fitim alan veli Hacer Bal, B\u00fcy\u00fck\u015fehir&#8217;in \u00f6\u011frencilere y\u00f6nelik e\u011fitim yard\u0131mlar\u0131, destek programlar\u0131 ve sosyal etkinliklerinin \u00e7ocuklar\u0131n e\u011fitime daha iyi odaklanmas\u0131n\u0131 sa\u011flad\u0131\u011f\u0131n\u0131 belirterek, &#8220;Bir Mersinli Bozyaz\u0131&#8217;n\u0131n yerini haritada bile g\u00f6steremezken, Vahap Se\u00e7er ba\u015fkan\u0131m\u0131z Bozyaz\u0131&#8217;ya kurs merkezi a\u00e7t\u0131. Okula dahi gitmek istemeyen \u00e7ocuklar\u0131m\u0131z kurs merkezine isteyerek, severek, kendi r\u0131zalar\u0131yla gidiyor. Bana bir harf \u00f6\u011fretenin k\u0131rk y\u0131l k\u00f6lesi olurum, anlay\u0131\u015f\u0131yla b\u00fcy\u00fcyen bizler Vahap Ba\u015fkan\u0131m\u0131za ne kadar te\u015fekk\u00fcr etsek hakk\u0131n\u0131 \u00f6deyemeyiz. Benim de k\u0131z\u0131m iki y\u0131ld\u0131r Bozyaz\u0131 Kurs Merkezi&#8217;nde e\u011fitim almakta. Kendini ifade edemeyen bir \u00e7ocuktu. Hocalar\u0131m\u0131z \u00f6ncelikle kendi \u00f6zg\u00fcvenini kazanmas\u0131n\u0131 sa\u011flad\u0131lar. Hocalar\u0131m\u0131z g\u00fcler y\u00fczl\u00fc e\u011fitimleri, ilgileri ve enerjileriyle hem \u00e7ocuklar\u0131m\u0131z\u0131n hem biz velilerin g\u00f6nl\u00fcn\u00fc kazand\u0131. E\u011fitime ne kadar \u00f6nem verdi\u011finizin fark\u0131nday\u0131z ve minnettar\u0131z&#8221; dedi.<\/p>\n<p>&#8220;Sayenizde k\u0131z\u0131m \u00fcniversiteyi kazand\u0131&#8221;<\/p>\n<p>Anamur Kurs Merkezi velileri ad\u0131na konu\u015fan Selma Aluftekin, iki \u00e7ocu\u011funun da kurs merkezinden faydaland\u0131\u011f\u0131n\u0131 belirterek, &#8220;\u0130lk \u00f6\u011frencimiz olarak Elif Aluftekin&#8217;i K\u0131r\u0131kkale End\u00fcstri M\u00fchendisli\u011fi&#8217;ne yerle\u015ftirdik. Bu ba\u015fkan\u0131m\u0131z ve \u00f6\u011fretmenlerimiz sayesinde oldu. \u0130kinci \u00f6\u011frencimiz \u015fu anda okuyor. Allah nasip ederse o da bu sene kazanacak. Ben bir Eski\u015fehirli olarak buralara da ayn\u0131 g\u00fczelli\u011fi yapt\u0131klar\u0131 i\u00e7in \u00e7ok minnettar ve sevin\u00e7liyim. Deste\u011fimi her zaman yan\u0131nda hissetmesini isterim. Ba\u015far\u0131lar\u0131n\u0131z\u0131n devam\u0131n\u0131 dilerim&#8221; diye konu\u015ftu.<\/p>\n<p>Bozyaz\u0131 Kurs Merkezi&#8217;nden faydalanan S\u0131la Ay, &#8220;Say\u0131n Ba\u015fkan\u0131m\u0131z Vahap Se\u00e7er&#8217;in e\u011fitimimiz i\u00e7in yapt\u0131\u011f\u0131 say\u0131s\u0131z desteklerden dolay\u0131 t\u00fcm kurs \u00f6\u011frencisi arkada\u015flar\u0131m ad\u0131na te\u015fekk\u00fcr ediyorum&#8221; dedi. Ay, ard\u0131ndan Ba\u015fkan Se\u00e7er&#8217;e yazd\u0131\u011f\u0131 \u015fiiri okudu.<\/p>\n<p>Etkinlik, rehberlik sunumu ve ard\u0131ndan da toplu foto\u011fraf \u00e7ekimiyle sona erdi.<\/p>\n","protected":false},"excerpt":{"rendered":"<p>Mersin B\u00fcy\u00fck\u015fehir Belediye Ba\u015fkan\u0131 Vahap Se\u00e7er, B\u00fcy\u00fck\u015fehir taraf\u0131ndan d\u00fczenlenen &#8216;Veli Bulu\u015fmas\u0131&#8217;na kat\u0131larak Sosyal Hizmetler Dairesi Ba\u015fkanl\u0131\u011f\u0131 E\u011fitim Hizmetleri \u015eube M\u00fcd\u00fcrl\u00fc\u011f\u00fc b\u00fcnyesinde hizmet veren Anamur ve Bozyaz\u0131 E\u011fitimi ve \u00d6\u011fretimi Kurs &hellip; <a href=\"https:\/\/akdenizolaygazetesi.com\/?p=29867\" class=\"more-link\">Devam\u0131n\u0131 Oku&#8230;<\/a><\/p>\n","protected":false},"author":2,"featured_media":29868,"comment_status":"open","ping_status":"open","sticky":false,"template":"","format":"standard","meta":[],"categories":[34,1,2,3,5],"tags":[],"_links":{"self":[{"href":"https:\/\/akdenizolaygazetesi.com\/index.php?rest_route=\/wp\/v2\/posts\/29867"}],"collection":[{"href":"https:\/\/akdenizolaygazetesi.com\/index.php?rest_route=\/wp\/v2\/posts"}],"about":[{"href":"https:\/\/akdenizolaygazetesi.com\/index.php?rest_route=\/wp\/v2\/types\/post"}],"author":[{"embeddable":true,"href":"https:\/\/akdenizolaygazetesi.com\/index.php?rest_route=\/wp\/v2\/users\/2"}],"replies":[{"embeddable":true,"href":"https:\/\/akdenizolaygazetesi.com\/index.php?rest_route=%2Fwp%2Fv2%2Fcomments&post=29867"}],"version-history":[{"count":1,"href":"https:\/\/akdenizolaygazetesi.com\/index.php?rest_route=\/wp\/v2\/posts\/29867\/revisions"}],"predecessor-version":[{"id":29869,"href":"https:\/\/akdenizolaygazetesi.com\/index.php?rest_route=\/wp\/v2\/posts\/29867\/revisions\/29869"}],"wp:featuredmedia":[{"embeddable":true,"href":"https:\/\/akdenizolaygazetesi.com\/index.php?rest_route=\/wp\/v2\/media\/29868"}],"wp:attachment":[{"href":"https:\/\/akdenizolaygazetesi.com\/index.php?rest_route=%2Fwp%2Fv2%2Fmedia&parent=29867"}],"wp:term":[{"taxonomy":"category","embeddable":true,"href":"https:\/\/akdenizolaygazetesi.com\/index.php?rest_route=%2Fwp%2Fv2%2Fcategories&post=29867"},{"taxonomy":"post_tag","embeddable":true,"href":"https:\/\/akdenizolaygazetesi.com\/index.php?rest_route=%2Fwp%2Fv2%2Ftags&post=29867"}],"curies":[{"name":"wp","href":"https:\/\/api.w.org\/{rel}","templated":true}]}}