{"id":29871,"date":"2024-02-26T12:25:57","date_gmt":"2024-02-26T09:25:57","guid":{"rendered":"http:\/\/akdenizolaygazetesi.com\/?p=29871"},"modified":"2024-02-26T12:25:57","modified_gmt":"2024-02-26T09:25:57","slug":"mersinde-yasayan-her-yurttasin-belediye-baskaniyim","status":"publish","type":"post","link":"https:\/\/akdenizolaygazetesi.com\/?p=29871","title":{"rendered":"&#8220;MERS\u0130N&#8217;DE YA\u015eAYAN HER YURTTA\u015eIN BELED\u0130YE BA\u015eKANIYIM&#8221;"},"content":{"rendered":"<p>Mersin B\u00fcy\u00fck\u015fehir Belediye Ba\u015fkan\u0131 ve Cumhuriyet Halk Partisi (CHP) Mersin B\u00fcy\u00fck\u015fehir Belediye Ba\u015fkan Aday\u0131 Vahap Se\u00e7er, bir narenciye paketleme tesisini ziyaret ederek tesis i\u015f\u00e7ileri ve aileleriyle bir araya geldi, ard\u0131ndan da Tarsuslu yurtta\u015flarla bulu\u015ftu.<\/p>\n<p>Ba\u015fkan Se\u00e7er&#8217;e ziyaretlerinde CHP Mersin Milletvekili G\u00fclcan K\u0131\u015f ve CHP Tarsus Belediye Ba\u015fkan Aday\u0131 Ali Bolta\u00e7 e\u015flik etti.<\/p>\n<p>&#8220;Hepiniz bu \u00fclkenin yurtta\u015flar\u0131s\u0131n\u0131z&#8221;<\/p>\n<p>\u0130\u015f\u00e7iler taraf\u0131ndan co\u015fkuyla kar\u015f\u0131lanan Se\u00e7er, \u00e7al\u0131\u015fanlara &#8220;Kolay gelsin, emeklerinize sa\u011fl\u0131k&#8221; dile\u011finde bulundu.<\/p>\n<p>Mersin&#8217;de ya\u015fayan her yurtta\u015f\u0131n Belediye Ba\u015fkan\u0131 oldu\u011funu s\u00f6yleyen Se\u00e7er, hi\u00e7bir zaman parti ayr\u0131m\u0131 yapmad\u0131\u011f\u0131n\u0131 ve yurtta\u015fa &#8220;Hangi partiye oy veriyorsun?&#8221; diye sormad\u0131\u011f\u0131n\u0131 hat\u0131rlatarak, &#8220;Benim i\u00e7in \u00f6nemli olan Mersin&#8217;de ya\u015f\u0131yor olmas\u0131, burada benden hizmet bekliyor olmas\u0131d\u0131r. \u015eimdi size &#8216;Nerelisiniz?&#8217; diye sorsam herkes farkl\u0131 bir k\u00f6kenden, Mersin&#8217;in farkl\u0131 b\u00f6lgelerinden oldu\u011funu s\u00f6yler. Biz Mersinliyiz, hepiniz bu \u00fclkenin yurtta\u015flar\u0131s\u0131n\u0131z. Biz de y\u00f6neticiler olarak herkese e\u015fit yurtta\u015f muamelesi yapmak zorunday\u0131z&#8221; dedi.<\/p>\n<p>&#8220;Her \u015fey sizler i\u00e7in&#8221; diyen Se\u00e7er, &#8220;Buraya sadece Tarsus&#8217;tan de\u011fil, her b\u00f6lgeden geliyorsunuz. Elinize, eme\u011finize sa\u011fl\u0131k&#8221; diye konu\u015ftu.<\/p>\n<p>&#8220;Ba\u015fkan\u0131n\u0131zdan ve hizmetlerinden memnunsan\u0131z deste\u011fini bekliyorum&#8221;<\/p>\n<p>5 y\u0131ll\u0131k hizmetlerinden memnun olanlar\u0131n deste\u011fini istediklerine dikkat \u00e7eken Se\u00e7er, &#8220;Ba\u015fkanl\u0131k se\u00e7iminde parti bir kenara b\u0131rak\u0131l\u0131r. Ba\u015fkan\u0131zdan ve hizmetlerinden memnunsan\u0131z, ba\u015fkan\u0131n\u0131z\u0131 seviyor, g\u00fcveniyor, &#8216;Ba\u015fkan ayr\u0131mc\u0131l\u0131k yapm\u0131yor. Bizi kimli\u011fimizden, b\u00f6lgemizden, mahallemizden, mezhebimizden dolay\u0131 ay\u0131rm\u0131yor, herkesi kucakl\u0131yor&#8217; diyorsan\u0131z; deste\u011finizi bekliyorum. Beni \u00f6yle g\u00f6r\u00fcyorsan\u0131z deste\u011finizi devam ettirin&#8221; ifadelerine yer verdi.<\/p>\n<p>Ard\u0131ndan Tarsus&#8217;ta Yarenlik Alan\u0131&#8217;n\u0131 ziyaret eden Ba\u015fkan Se\u00e7er, burada Tarsus halk\u0131yla bir araya geldi. Se\u00e7er&#8217;e destek g\u00f6steren Tarsuslu yurtta\u015flardan biri, &#8220;\u00c7al\u0131\u015fan insan\u0131n her zaman arkas\u0131nday\u0131z&#8221; derken bir esnaf da &#8220;Tarsus sizinle g\u00fczelle\u015fti&#8221; diyerek hizmetlerden \u00f6t\u00fcr\u00fc Se\u00e7er&#8217;e te\u015fekk\u00fcr etti. <\/p>\n<p>Se\u00e7er de desteklerinden \u00f6t\u00fcr\u00fc Tarsus halk\u0131na te\u015fekk\u00fcr ederek, hizmetlerin gelecek d\u00f6nemde de h\u0131z kesmeden devam edece\u011fini s\u00f6yledi.<\/p>\n","protected":false},"excerpt":{"rendered":"<p>Mersin B\u00fcy\u00fck\u015fehir Belediye Ba\u015fkan\u0131 ve Cumhuriyet Halk Partisi (CHP) Mersin B\u00fcy\u00fck\u015fehir Belediye Ba\u015fkan Aday\u0131 Vahap Se\u00e7er, bir narenciye paketleme tesisini ziyaret ederek tesis i\u015f\u00e7ileri ve aileleriyle bir araya geldi, ard\u0131ndan &hellip; <a href=\"https:\/\/akdenizolaygazetesi.com\/?p=29871\" class=\"more-link\">Devam\u0131n\u0131 Oku&#8230;<\/a><\/p>\n","protected":false},"author":2,"featured_media":29872,"comment_status":"open","ping_status":"open","sticky":false,"template":"","format":"standard","meta":[],"categories":[2,3,5],"tags":[],"_links":{"self":[{"href":"https:\/\/akdenizolaygazetesi.com\/index.php?rest_route=\/wp\/v2\/posts\/29871"}],"collection":[{"href":"https:\/\/akdenizolaygazetesi.com\/index.php?rest_route=\/wp\/v2\/posts"}],"about":[{"href":"https:\/\/akdenizolaygazetesi.com\/index.php?rest_route=\/wp\/v2\/types\/post"}],"author":[{"embeddable":true,"href":"https:\/\/akdenizolaygazetesi.com\/index.php?rest_route=\/wp\/v2\/users\/2"}],"replies":[{"embeddable":true,"href":"https:\/\/akdenizolaygazetesi.com\/index.php?rest_route=%2Fwp%2Fv2%2Fcomments&post=29871"}],"version-history":[{"count":1,"href":"https:\/\/akdenizolaygazetesi.com\/index.php?rest_route=\/wp\/v2\/posts\/29871\/revisions"}],"predecessor-version":[{"id":29873,"href":"https:\/\/akdenizolaygazetesi.com\/index.php?rest_route=\/wp\/v2\/posts\/29871\/revisions\/29873"}],"wp:featuredmedia":[{"embeddable":true,"href":"https:\/\/akdenizolaygazetesi.com\/index.php?rest_route=\/wp\/v2\/media\/29872"}],"wp:attachment":[{"href":"https:\/\/akdenizolaygazetesi.com\/index.php?rest_route=%2Fwp%2Fv2%2Fmedia&parent=29871"}],"wp:term":[{"taxonomy":"category","embeddable":true,"href":"https:\/\/akdenizolaygazetesi.com\/index.php?rest_route=%2Fwp%2Fv2%2Fcategories&post=29871"},{"taxonomy":"post_tag","embeddable":true,"href":"https:\/\/akdenizolaygazetesi.com\/index.php?rest_route=%2Fwp%2Fv2%2Ftags&post=29871"}],"curies":[{"name":"wp","href":"https:\/\/api.w.org\/{rel}","templated":true}]}}