{"id":29874,"date":"2024-02-26T12:29:15","date_gmt":"2024-02-26T09:29:15","guid":{"rendered":"http:\/\/akdenizolaygazetesi.com\/?p=29874"},"modified":"2024-02-26T12:29:15","modified_gmt":"2024-02-26T09:29:15","slug":"yogun-ilgi-goren-okuma-salonlarina-bir-yenisi-daha-eklendi","status":"publish","type":"post","link":"https:\/\/akdenizolaygazetesi.com\/?p=29874","title":{"rendered":"YO\u011eUN \u0130LG\u0130 G\u00d6REN OKUMA SALONLARINA B\u0130R YEN\u0130S\u0130 DAHA EKLEND\u0130"},"content":{"rendered":"<p>Mersin&#8217;de, \u00f6\u011frenci ve vatanda\u015flar\u0131n u\u011frak noktas\u0131 haline gelen Okuma Salonlar\u0131na bir yenisi daha eklendi. Mersin B\u00fcy\u00fck\u015fehir Belediyesi K\u00fclt\u00fcr ve Sosyal \u0130\u015fler Dairesi Ba\u015fkanl\u0131\u011f\u0131 b\u00fcnyesinde hizmet veren ve a\u00e7\u0131ld\u0131ktan k\u0131sa s\u00fcre sonra u\u011frak noktas\u0131 haline gelen Okuma Salonlar\u0131ndan bir tanesi, Yeni\u015fehir il\u00e7esi G\u00fcvenevler Mahallesi&#8217;nde de hizmete girdi.<\/p>\n<p>E\u011fitim kurumlar\u0131n\u0131n yo\u011fun oldu\u011fu bir b\u00f6lgede a\u00e7\u0131lmas\u0131ndan dolay\u0131, a\u00e7\u0131ld\u0131\u011f\u0131 ilk g\u00fcnden itibaren tam kapasite hizmet vermeye ba\u015flayan &#8216;G\u00fcvenevler Okuma Salonu&#8217;, \u00f6zellikle s\u0131nava haz\u0131rlanan \u00f6\u011frencilerin ya\u015fam alan\u0131na d\u00f6n\u00fc\u015ft\u00fc. S\u0131cak, sessiz ve g\u00fcvenilir bir ortam sunmas\u0131n\u0131n yan\u0131 s\u0131ra; \u00fccretsiz internet, kahve ve \u00e7ay hizmetinin de sunuldu\u011fu Okuma Salonu&#8217;ndan hem \u00f6\u011frenciler, hem de veliler memnun.<\/p>\n<p>Uysal: &#8220;Okuma Salonumuza 7&#8217;den 70&#8217;e halk\u0131m\u0131z\u0131n yo\u011fun ilgisi var&#8221;<\/p>\n<p>G\u00fcvenevler Okuma Salonu hakk\u0131nda bilgi veren K\u00fclt\u00fcr Tesisleri ve K\u00fct\u00fcphaneler \u015eube M\u00fcd\u00fcr Vekili Hakk\u0131 Uysal, &#8220;G\u00fcvenevler Okuma Salonumuzu yakla\u015f\u0131k bir ay \u00f6nce hizmete a\u00e7t\u0131k. Halk\u0131m\u0131z\u0131n \u00e7ok yo\u011fun ilgisi var&#8221; dedi.<\/p>\n<p>G\u00fcvenevler Okuma Salonu&#8217;nun haftan\u0131n her g\u00fcn\u00fc 08.00 ile 22.00 saatleri aras\u0131nda faaliyet g\u00f6steren bir merkez oldu\u011funu belirten Uysal, &#8220;Okuma salonumuzda \u00e7ay, kahve ve internet \u00fccretsiz. \u00d6\u011frencilerimiz isterlerse kendileri ders kitaplar\u0131n\u0131 getirip burada \u00e7al\u0131\u015f\u0131yorlar, isterlerse de okuma salonumuzda bulunan kitaplar\u0131m\u0131z\u0131 al\u0131p okuyabiliyorlar&#8221; diye konu\u015ftu. \u00d6\u011frenci ve velilerden \u00e7ok g\u00fczel geri d\u00f6n\u00fc\u015flerin oldu\u011funu da s\u00f6yleyen Uysal, &#8220;\u00c7ok olumlu geri d\u00f6n\u00fc\u015fler al\u0131yoruz. \u00c7ok memnun kald\u0131klar\u0131n\u0131, \u00e7ok b\u00fcy\u00fck bir ihtiyac\u0131 Mersin B\u00fcy\u00fck\u015fehir Belediyesi&#8217;nin kar\u015f\u0131lad\u0131\u011f\u0131n\u0131 belirtiyorlar&#8221; ifadelerine yer verdi.<\/p>\n<p>&#8220;Mersinlileri burada en g\u00fczel \u015fekilde a\u011f\u0131rl\u0131yoruz&#8221;<\/p>\n<p>Mersin&#8217;de bulunan b\u00fct\u00fcn okuma salonlar\u0131na yo\u011fun bir ilgi oldu\u011funu kaydeden Uysal, &#8220;Bu talep bizim \u00e7ok ho\u015fumuza gidiyor. \u00d6zellikle vatanda\u015flar\u0131m\u0131z\u0131n sosyal anlamda b\u00fcy\u00fck bir ihtiyac\u0131n\u0131 kar\u015f\u0131lam\u0131\u015f oluyoruz. Dolay\u0131s\u0131yla bu ilgi bizleri de mutlu ediyor&#8221; dedi. Okuma Salonu&#8217;na gelenlere sessiz ve temiz bir mekan hizmeti sunduklar\u0131n\u0131 kaydeden Uysal, &#8220;\u00d6zellikle Yeni\u015fehir il\u00e7esinde buray\u0131 gezip g\u00f6rmek isteyen \u00f6\u011frencilerimizi ve t\u00fcm vatanda\u015flar\u0131m\u0131z\u0131, Forum AVM civar\u0131nda bulunan G\u00fcvenevler Okuma Salonu&#8217;muza bekliyoruz&#8221; s\u00f6zlerine yer verdi.<\/p>\n<p>S\u0131nava haz\u0131rlanan \u00f6\u011frenciler hizmetlerden \u00e7ok memnun<\/p>\n<p>YKS&#8217;ye haz\u0131rlanan \u00f6\u011frencilerden Berhan \u0130nan, G\u00fcvenevler Okuma Salonu&#8217;nu \u00e7ok be\u011fendi\u011fini belirterek, &#8220;Dershaneme yak\u0131n oldu\u011fu i\u00e7in birinci tercihim buras\u0131 oluyor. Bir\u00e7ok okuma salonu denedim, ama buras\u0131 bana daha uygun geliyor. \u00c7\u00fcnk\u00fc \u00e7ok g\u00fczel ve sessiz bir ortam var. Evden ziyade burada motive oluyorum&#8221; \u015feklinde konu\u015ftu. Arkada\u015flar\u0131yla birlikte ders \u00e7al\u0131\u015fman\u0131n, rekabeti art\u0131r\u0131c\u0131 ve motive edici bir taraf\u0131 oldu\u011funu da s\u00f6yleyen \u0130nan, &#8220;Burada internet, \u00e7ay ve kahve \u00fccretsiz. \u00c7o\u011fu zaman internetten konu anlat\u0131ml\u0131 kanallar\u0131 izliyorum ve bu benim \u00e7ok i\u015fime yar\u0131yor. K\u00fct\u00fcphane ortam\u0131nda bu hizmetlerin de olmas\u0131 daha iyi oluyor&#8221; dedi.<\/p>\n<p>YKS haz\u0131rl\u0131k \u00f6\u011frencisi Fatmanur Korkmaz ise, &#8220;G\u00fcvenevler Okuma Salonu&#8217;nun hem dershaneme yak\u0131n olmas\u0131, hem de buradaki motivasyon, beni daha \u00e7ok \u00e7al\u0131\u015fmaya te\u015fvik ediyor. Burada ders \u00e7al\u0131\u015fan arkada\u015flar\u0131 g\u00f6rd\u00fck\u00e7e, benim de \u00e7al\u0131\u015fma arzum art\u0131yor&#8221; ifadelerini kulland\u0131.<\/p>\n","protected":false},"excerpt":{"rendered":"<p>Mersin&#8217;de, \u00f6\u011frenci ve vatanda\u015flar\u0131n u\u011frak noktas\u0131 haline gelen Okuma Salonlar\u0131na bir yenisi daha eklendi. Mersin B\u00fcy\u00fck\u015fehir Belediyesi K\u00fclt\u00fcr ve Sosyal \u0130\u015fler Dairesi Ba\u015fkanl\u0131\u011f\u0131 b\u00fcnyesinde hizmet veren ve a\u00e7\u0131ld\u0131ktan k\u0131sa s\u00fcre &hellip; <a href=\"https:\/\/akdenizolaygazetesi.com\/?p=29874\" class=\"more-link\">Devam\u0131n\u0131 Oku&#8230;<\/a><\/p>\n","protected":false},"author":2,"featured_media":29875,"comment_status":"open","ping_status":"open","sticky":false,"template":"","format":"standard","meta":[],"categories":[1,3],"tags":[],"_links":{"self":[{"href":"https:\/\/akdenizolaygazetesi.com\/index.php?rest_route=\/wp\/v2\/posts\/29874"}],"collection":[{"href":"https:\/\/akdenizolaygazetesi.com\/index.php?rest_route=\/wp\/v2\/posts"}],"about":[{"href":"https:\/\/akdenizolaygazetesi.com\/index.php?rest_route=\/wp\/v2\/types\/post"}],"author":[{"embeddable":true,"href":"https:\/\/akdenizolaygazetesi.com\/index.php?rest_route=\/wp\/v2\/users\/2"}],"replies":[{"embeddable":true,"href":"https:\/\/akdenizolaygazetesi.com\/index.php?rest_route=%2Fwp%2Fv2%2Fcomments&post=29874"}],"version-history":[{"count":1,"href":"https:\/\/akdenizolaygazetesi.com\/index.php?rest_route=\/wp\/v2\/posts\/29874\/revisions"}],"predecessor-version":[{"id":29876,"href":"https:\/\/akdenizolaygazetesi.com\/index.php?rest_route=\/wp\/v2\/posts\/29874\/revisions\/29876"}],"wp:featuredmedia":[{"embeddable":true,"href":"https:\/\/akdenizolaygazetesi.com\/index.php?rest_route=\/wp\/v2\/media\/29875"}],"wp:attachment":[{"href":"https:\/\/akdenizolaygazetesi.com\/index.php?rest_route=%2Fwp%2Fv2%2Fmedia&parent=29874"}],"wp:term":[{"taxonomy":"category","embeddable":true,"href":"https:\/\/akdenizolaygazetesi.com\/index.php?rest_route=%2Fwp%2Fv2%2Fcategories&post=29874"},{"taxonomy":"post_tag","embeddable":true,"href":"https:\/\/akdenizolaygazetesi.com\/index.php?rest_route=%2Fwp%2Fv2%2Ftags&post=29874"}],"curies":[{"name":"wp","href":"https:\/\/api.w.org\/{rel}","templated":true}]}}