{"id":29880,"date":"2024-02-26T12:36:27","date_gmt":"2024-02-26T09:36:27","guid":{"rendered":"http:\/\/akdenizolaygazetesi.com\/?p=29880"},"modified":"2024-02-26T12:36:27","modified_gmt":"2024-02-26T09:36:27","slug":"barisa-huzura-ve-kardeslige-evet-demenizi-istiyorum","status":"publish","type":"post","link":"https:\/\/akdenizolaygazetesi.com\/?p=29880","title":{"rendered":"&#8220;Bar\u0131\u015fa, huzura ve karde\u015fli\u011fe evet demenizi istiyorum&#8221;"},"content":{"rendered":"<p>Se\u00e7im kampanyas\u0131 kapsam\u0131ndaki ziyaretlerine h\u0131z veren Akdeniz Belediye Ba\u015fkan\u0131 ve Cumhur \u0130ttifak\u0131 Akdeniz Belediye Ba\u015fkan Aday\u0131 M. Mustafa G\u00fcltak, hafta sonunda il\u00e7eye ba\u011fl\u0131 12 mahalleyi ziyaret ederek vatanda\u015flarla bulu\u015ftu. Akdeniz&#8217;i 5 y\u0131lda de\u011fi\u015ftiren hizmet ve projeleri anlatan Ba\u015fkan G\u00fcltak, d\u00f6n\u00fc\u015f\u00fcm\u00fcn devam etmesi; bar\u0131\u015f, huzur ve karde\u015flik ikliminin s\u00fcrmesi i\u00e7in 31 Mart&#8217;ta destek istedi.<\/p>\n<p>Hafta sonu ger\u00e7ekle\u015fen ziyaretlerde Ba\u015fkan G\u00fcltak; Mithat Pa\u015fa, Camili, Civanyayla\u011f\u0131, Bekirde, Dikilita\u015f, Esenli, I\u011fd\u0131r, Ye\u015filova, Hebilli, Akdam, Kazanl\u0131, Cumhuriyet mahallelerini ziyaret ederek vatanda\u015flarla bir araya geldi. AK Parti Mersin Milletvekili Al\u0131 K\u0131ratl\u0131, MHP Mersin Milletvekili Levent Uysal, Cumhur \u0130ttifak\u0131 Mersin B\u00fcy\u00fck\u015fehir Belediye Ba\u015fkan Aday\u0131 Serdar Soydan, AK Parti ve MHP il ve il\u00e7e te\u015fkilat ba\u015fkanlar\u0131 ile y\u00f6neticileri, ba\u015fkan yard\u0131mc\u0131lar\u0131, meclis \u00fcyesi adaylar\u0131 ile muhtarlar\u0131n da kat\u0131ld\u0131\u011f\u0131 bulu\u015fmalarda vatanda\u015flara hitap eden Ba\u015fkan G\u00fcltak, Akdeniz&#8217;de yakalanan hizmet ve yat\u0131r\u0131m temposunun devam etmesi; bar\u0131\u015f, karde\u015flik ve huzur ikliminin s\u00fcrmesi i\u00e7in 31 Mart&#8217;ta destek istedi.<\/p>\n<p>&#8220;Bar\u0131\u015fa, huzura ve karde\u015fli\u011fe evet demenizi istiyorum&#8221;<\/p>\n<p>Renkli anlar\u0131n ya\u015fand\u0131\u011f\u0131 bulu\u015fmalar\u0131nda vatanda\u015flara T\u00fcrk Bayra\u011f\u0131 hediye eden ve kad\u0131nlarla birlikte b\u00f6rek pi\u015firen Ba\u015fkan G\u00fcltak, gitti\u011fi mahallelerde her ya\u015ftan vatanda\u015f\u0131n ilgisi ve sevgi g\u00f6sterisi alt\u0131nda kar\u015f\u0131land\u0131. Vatanda\u015flara hitab\u0131nda, &#8220;31 Mart&#8217;ta huzura, bar\u0131\u015fa, karde\u015fli\u011fe yeniden &#8216;evet&#8217; demenizi istiyorum&#8221; diyen Ba\u015fkan G\u00fcltak; &#8220;Mersin&#8217;e, T\u00fcrkiye&#8217;nin en g\u00fczel ve en b\u00fcy\u00fck millet bah\u00e7esini kazand\u0131rd\u0131k. Tam 140 d\u00f6n\u00fcm geni\u015fli\u011finde; parklar, \u00e7ocuk oyun alanlar\u0131, bir taraf\u0131 deniz&#8230; Halk\u0131m\u0131za s\u00f6z verdik, s\u00f6z\u00fcm\u00fcz\u00fcn gere\u011fini yerine de getirdik. Bir\u00e7ok hizmeti yapt\u0131k ve bitirdik. Hizmetlerimize yeni d\u00f6nemde de yenilerini eklemeye, Akdeniz&#8217;i de\u011fi\u015ftirmeye devam edece\u011fiz&#8221; dedi.<\/p>\n<p>&#8220;Hi\u00e7bir ay\u0131r\u0131m yapmadan herkesi kucaklad\u0131k&#8221;<\/p>\n<p>Akdeniz&#8217;de g\u00f6reve gelir gelmez hi\u00e7bir ay\u0131r\u0131m yapmadan herkesin belediye ba\u015fkan\u0131 oldu\u011funun alt\u0131n\u0131 \u00e7izen Ba\u015fkan G\u00fcltak, &#8220;Personelimiz, belediyeye gelen vatanda\u015flar\u0131m\u0131z\u0131 kolonya ile kar\u015f\u0131l\u0131yor ve yard\u0131mc\u0131 oluyor. Belediye binam\u0131z\u0131n \u00fczerine, bir tarafta T\u00fcrkiye Cumhuriyeti&#8217;nin kurucusu Ulu \u00d6nder Gazi Mustafa Kemal Atat\u00fcrk&#8217;\u00fcn portresi; solda da \u015fehit kanlar\u0131 ile sulanm\u0131\u015f bayra\u011f\u0131m\u0131z var.<\/p>\n<p>Bunlar daha \u00f6nce yoktu. Yani biz bir yandan imarla, gen\u00e7lere e\u011fitim projeleri, spor tesisleri, kad\u0131nlara y\u00f6nelik projeler, hastalara y\u00f6nelik projeler ve herkesin belediye ba\u015fkan\u0131 olma noktas\u0131nda, en kuzeydeki k\u00f6yl\u00fcs\u00fcnden, en sahildeki Arap&#8217;\u0131ndan, en merkezindeki K\u00fcrt&#8217;\u00fcnden ve Zaza&#8217;s\u0131ndan, ayr\u0131m\u0131 yapmadan herkesi kucaklad\u0131k&#8221; ifadelerini kulland\u0131.<\/p>\n<p>&#8220;Ayinesi i\u015ftir ki\u015finin, lafa bak\u0131lmaz&#8221;<\/p>\n<p>Ba\u015fkan G\u00fcltak; yeni d\u00f6nemde kentsel d\u00f6n\u00fc\u015f\u00fcm projelerine de kesintisiz \u015fekilde devam edeceklerinin alt\u0131n\u0131 \u00e7izerek; &#8220;Nitekim \u00c7ay Mahallesi&#8217;nde 500 konutu bitirdik ve insanlar\u0131m\u0131z yeni evlerine yerle\u015fti. Bar\u0131\u015f Mahallemizde de 415 konut h\u0131zla y\u00fckseliyor. Yeni d\u00f6nemde kad\u0131nlar, gen\u00e7ler ve \u00e7ocuklar\u0131m\u0131za y\u00f6nelik e\u011fitim, spor ve k\u00fclt\u00fcr ve sanat faaliyetlerimizi de artt\u0131rarak devam edece\u011fiz.<\/p>\n<p>Ayinesi i\u015ftir ki\u015finin, lafa bak\u0131lmaz. Biz yapt\u0131k! Bir daha da yapar\u0131z. Bu kadar basit&#8230; Bar\u0131\u015f\u0131n, huzurun, karde\u015flik ve g\u00fcvenin teminat\u0131y\u0131z. Rahat olun. Herkesin ve her kesimin belediye ba\u015fkan\u0131y\u0131m ben. Hangi partiye oy verirse versin t\u00fcm vatanda\u015flar\u0131m\u0131z\u0131n belediye ba\u015fkan\u0131y\u0131m&#8221; \u015feklinde konu\u015ftu.<\/p>\n","protected":false},"excerpt":{"rendered":"<p>Se\u00e7im kampanyas\u0131 kapsam\u0131ndaki ziyaretlerine h\u0131z veren Akdeniz Belediye Ba\u015fkan\u0131 ve Cumhur \u0130ttifak\u0131 Akdeniz Belediye Ba\u015fkan Aday\u0131 M. Mustafa G\u00fcltak, hafta sonunda il\u00e7eye ba\u011fl\u0131 12 mahalleyi ziyaret ederek vatanda\u015flarla bulu\u015ftu. Akdeniz&#8217;i &hellip; <a href=\"https:\/\/akdenizolaygazetesi.com\/?p=29880\" class=\"more-link\">Devam\u0131n\u0131 Oku&#8230;<\/a><\/p>\n","protected":false},"author":2,"featured_media":29881,"comment_status":"open","ping_status":"open","sticky":false,"template":"","format":"standard","meta":[],"categories":[2,3,5],"tags":[],"_links":{"self":[{"href":"https:\/\/akdenizolaygazetesi.com\/index.php?rest_route=\/wp\/v2\/posts\/29880"}],"collection":[{"href":"https:\/\/akdenizolaygazetesi.com\/index.php?rest_route=\/wp\/v2\/posts"}],"about":[{"href":"https:\/\/akdenizolaygazetesi.com\/index.php?rest_route=\/wp\/v2\/types\/post"}],"author":[{"embeddable":true,"href":"https:\/\/akdenizolaygazetesi.com\/index.php?rest_route=\/wp\/v2\/users\/2"}],"replies":[{"embeddable":true,"href":"https:\/\/akdenizolaygazetesi.com\/index.php?rest_route=%2Fwp%2Fv2%2Fcomments&post=29880"}],"version-history":[{"count":1,"href":"https:\/\/akdenizolaygazetesi.com\/index.php?rest_route=\/wp\/v2\/posts\/29880\/revisions"}],"predecessor-version":[{"id":29882,"href":"https:\/\/akdenizolaygazetesi.com\/index.php?rest_route=\/wp\/v2\/posts\/29880\/revisions\/29882"}],"wp:featuredmedia":[{"embeddable":true,"href":"https:\/\/akdenizolaygazetesi.com\/index.php?rest_route=\/wp\/v2\/media\/29881"}],"wp:attachment":[{"href":"https:\/\/akdenizolaygazetesi.com\/index.php?rest_route=%2Fwp%2Fv2%2Fmedia&parent=29880"}],"wp:term":[{"taxonomy":"category","embeddable":true,"href":"https:\/\/akdenizolaygazetesi.com\/index.php?rest_route=%2Fwp%2Fv2%2Fcategories&post=29880"},{"taxonomy":"post_tag","embeddable":true,"href":"https:\/\/akdenizolaygazetesi.com\/index.php?rest_route=%2Fwp%2Fv2%2Ftags&post=29880"}],"curies":[{"name":"wp","href":"https:\/\/api.w.org\/{rel}","templated":true}]}}