{"id":29887,"date":"2024-02-27T12:31:12","date_gmt":"2024-02-27T09:31:12","guid":{"rendered":"http:\/\/akdenizolaygazetesi.com\/?p=29887"},"modified":"2024-02-27T12:31:12","modified_gmt":"2024-02-27T09:31:12","slug":"modern-pazar-yeri-vatandastan-tam-not-aldi","status":"publish","type":"post","link":"https:\/\/akdenizolaygazetesi.com\/?p=29887","title":{"rendered":"MODERN PAZAR YER\u0130 VATANDA\u015eTAN TAM NOT ALDI"},"content":{"rendered":"<p>Mersin B\u00fcy\u00fck\u015fehir Belediye Ba\u015fkan\u0131 ve Cumhuriyet Halk Partisi (CHP) Mersin B\u00fcy\u00fck\u015fehir Belediye Ba\u015fkan Aday\u0131 Vahap Se\u00e7er, Mersin B\u00fcy\u00fck\u015fehir Belediyesi taraf\u0131ndan yap\u0131m\u0131 tamamlanarak hizmete sunulan &#8216;Mersin B\u00fcy\u00fck\u015fehir Belediyesi \u00c7iftlikk\u00f6y Kapal\u0131 Pazar Yeri&#8217;ni ziyaret ederek, vatanda\u015flarla bir araya geldi, esnafa &#8216;Hay\u0131rl\u0131 \u0130\u015fler&#8217; diledi.<\/p>\n<p>Ba\u015fkan Se\u00e7er&#8217;e pazar ziyaretinde; CHP Mersin Milletvekili G\u00fclcan K\u0131\u015f, Yeni\u015fehir Belediye Ba\u015fkan\u0131 ve CHP Yeni\u015fehir Belediye Ba\u015fkan Aday\u0131 Abdullah \u00d6zyi\u011fit, CHP Gen\u00e7lik Kollar\u0131 Genel Ba\u015fkan Yard\u0131mc\u0131s\u0131 \u0130zzet K\u0131r\u0131lmaz, CHP Mersin \u0130l Kad\u0131n Kollar\u0131 Ba\u015fkan\u0131 G\u00fcl\u015fah Y\u0131ld\u0131r\u0131m Gen\u00e7, CHP Yeni\u015fehir \u0130l\u00e7e Ba\u015fkan\u0131 Toprak \u00c7al\u0131\u015fkan, CHP Yeni\u015fehir \u0130l\u00e7e Kad\u0131n Kollar\u0131 Ba\u015fkan\u0131 Nuray Emre, CHP il ve il\u00e7e y\u00f6neticileri, Meclis \u00fcyeleri, Meclis \u00fcyesi adaylar\u0131, B\u00fcy\u00fck\u015fehir Belediyesi ve MESK\u0130 b\u00fcrokratlar\u0131, \u00c7iftlikk\u00f6y Mahalle Muhtar\u0131 Aynur \u00d6zt\u00fcrk e\u015flik etti.<\/p>\n<p>Se\u00e7er: &#8220;B\u00f6lgemize hay\u0131rl\u0131 olsun&#8221;<\/p>\n<p>Pazar ziyareti sonras\u0131nda konu\u015fan Se\u00e7er, yap\u0131m\u0131n\u0131 tamamlad\u0131klar\u0131 Pazar yeri ile ilgili bilgiler vererek; &#8220;\u00c7iftlikk\u00f6y Pazar Yeri&#8217;ndeyiz, \u00dcniversite Caddesi&#8217;nin yan\u0131nda. Burada bir pazar yeri in\u015fa ettik. Buray\u0131 vatanda\u015flar\u0131n talebi do\u011frultusunda yapt\u0131k. Buras\u0131 1800 metrekare bir alan ve 150 metre uzunlu\u011funda. Zab\u0131ta Noktas\u0131 var, tuvaletleri var, mescitleri var. En az 80 pazarc\u0131 burada tezgah a\u00e7abiliyor. B\u00f6lgemize hay\u0131rl\u0131 olsun. Vatanda\u015flar\u0131m\u0131z\u0131 da dinledim. Gayet memnunlar. Ama memnun olmad\u0131klar\u0131 bir \u015fey var; fiyatlar. \u0130n\u015fallah biz iktidara geldi\u011fimizde onun da \u00e7aresini bulaca\u011f\u0131z. B\u00f6lgemize hay\u0131rl\u0131 olsun&#8221; dedi.<\/p>\n<p>\u00c7iftlikk\u00f6y halk\u0131ndan Se\u00e7er&#8217;e yo\u011fun ilgi<\/p>\n<p>Ba\u015fkan Se\u00e7er pazar giri\u015finde &#8216;Vahap Se\u00e7er&#8217; sloganlar\u0131 ve alk\u0131\u015flar ile kar\u015f\u0131lan\u0131rken, vatanda\u015flardan yo\u011fun ilgi g\u00f6rd\u00fc ve vatanda\u015flar ile bol bol foto\u011fraf \u00e7ektirdi. Pazar esnaf\u0131 ile selamla\u015f\u0131p &#8216;Hay\u0131rl\u0131 i\u015fler&#8217; ve &#8216;Kolay gelsin&#8217; dileklerinde bulunan Se\u00e7er, yeni yapt\u0131klar\u0131 pazar yeri i\u00e7in de &#8216;Hay\u0131rl\u0131 olsun&#8217; dile\u011finde bulundu ve kapal\u0131 pazar yerini de inceledi.<\/p>\n<p>Modern pazar yeri vatanda\u015ftan tam not ald\u0131<\/p>\n<p>Vatanda\u015flar Se\u00e7er&#8217;e, B\u00fcy\u00fck\u015fehir taraf\u0131ndan mahallelerine b\u00f6yle g\u00fczel bir pazar kazand\u0131rd\u0131\u011f\u0131 i\u00e7in te\u015fekk\u00fcrlerini iletti. B\u00fcy\u00fck\u015fehir ile ilgili gelen talepler ile ilgili de \u00e7al\u0131\u015fma arkada\u015flar\u0131na not ald\u0131ran Se\u00e7er, ALO 185 \u00fczerinden de taleplerini belediyeye iletebileceklerinden s\u00f6z ederek, taleplere b\u00f6ylelikle an\u0131nda m\u00fcdahale edilebilece\u011finden s\u00f6z etti.  <\/p>\n<p>Se\u00e7er&#8217;e yeni d\u00f6nem i\u00e7in de ba\u015far\u0131 dileklerinde bulunan \u00c7iftlikk\u00f6y halk\u0131, se\u00e7imlerde destek vereceklerini de vurgulayarak, Ba\u015fkan Se\u00e7er&#8217;in yan\u0131nda olduklar\u0131n\u0131 dile getirdi. Pazarc\u0131 esnaf\u0131 ile de sohbet ederek mahalleye kazand\u0131rm\u0131\u015f olduklar\u0131 pazar yeri i\u00e7in memnuniyetlerini dinleyen Se\u00e7er&#8217;e, \u00f6zellikle de pazar\u0131n kapal\u0131 oldu\u011fu i\u00e7in te\u015fekk\u00fcr geldi. Vatanda\u015flar, ya\u011fmurda da rahat al\u0131\u015fveri\u015f yapabildiklerinden s\u00f6z ederek hizmetlerden duyduklar\u0131 memnuniyeti ifade etti.<\/p>\n<p>&#8216;\u0130n\u015fallah bu d\u00f6nem de kazanacaks\u0131n\u0131z&#8217; diyen vatanda\u015flar, yeni d\u00f6nem i\u00e7in desteklerini dile getirdiler. Vatanda\u015flar, &#8216;Mersin&#8217;i sizsiz d\u00fc\u015f\u00fcnmek istemiyoruz. Hep birlikte kazanaca\u011f\u0131z&#8217; ifadelerini kulland\u0131lar. &#8216;Mersin&#8217;i ba\u015fkas\u0131na b\u0131rakmayaca\u011f\u0131z. B\u00fct\u00fcn dualar\u0131m\u0131z sizinle&#8217; \u015feklinde Se\u00e7er&#8217;e olan desteklerini ifade eden vatanda\u015flara Ba\u015fkan Se\u00e7er de &#8216;Hem il\u00e7ede hem de B\u00fcy\u00fck\u015fehir&#8217;de deste\u011finizi bekliyoruz&#8217; dedi ve vatanda\u015flardan da tam destek geldi.<\/p>\n<p>Se\u00e7er&#8217;i kar\u015f\u0131lar\u0131nda g\u00f6ren pazar esnaf\u0131 da; &#8216;Ba\u015fkan geldi pazara bereket geldi. Bu pazar\u0131 b\u00f6yle g\u00fczel yapt\u0131\u011f\u0131n\u0131z i\u00e7in te\u015fekk\u00fcr ederiz&#8217; ifadeleri ile memnuniyetlerini dile getirdi.<\/p>\n<p>Hatay&#8217;dan Mersin&#8217;e gelen depremzede vatanda\u015flar da Mersin&#8217;de ald\u0131klar\u0131 hizmetlerden dolay\u0131 te\u015fekk\u00fcr ederek, &#8216;Ba\u015fkan\u0131m sizi herkese anlat\u0131yoruz.&#8217; dediler. Depremzede vatanda\u015flar B\u00fcy\u00fck\u015fehir taraf\u0131ndan kendilerine verilen t\u00fcm hizmetler i\u00e7in te\u015fekk\u00fcrlerini ilettiler.<\/p>\n<p>Se\u00e7er&#8217;in pazar ziyaretinde ayr\u0131ca ekipler taraf\u0131ndan da &#8216;Vahap Se\u00e7er, Mersin Ge\u00e7er&#8217; yaz\u0131l\u0131 pazar \u00e7antalar\u0131 ile bilgilendirici bro\u015f\u00fcrler da\u011f\u0131t\u0131ld\u0131.<\/p>\n","protected":false},"excerpt":{"rendered":"<p>Mersin B\u00fcy\u00fck\u015fehir Belediye Ba\u015fkan\u0131 ve Cumhuriyet Halk Partisi (CHP) Mersin B\u00fcy\u00fck\u015fehir Belediye Ba\u015fkan Aday\u0131 Vahap Se\u00e7er, Mersin B\u00fcy\u00fck\u015fehir Belediyesi taraf\u0131ndan yap\u0131m\u0131 tamamlanarak hizmete sunulan &#8216;Mersin B\u00fcy\u00fck\u015fehir Belediyesi \u00c7iftlikk\u00f6y Kapal\u0131 Pazar &hellip; <a href=\"https:\/\/akdenizolaygazetesi.com\/?p=29887\" class=\"more-link\">Devam\u0131n\u0131 Oku&#8230;<\/a><\/p>\n","protected":false},"author":2,"featured_media":29888,"comment_status":"open","ping_status":"open","sticky":false,"template":"","format":"standard","meta":[],"categories":[2,3],"tags":[],"_links":{"self":[{"href":"https:\/\/akdenizolaygazetesi.com\/index.php?rest_route=\/wp\/v2\/posts\/29887"}],"collection":[{"href":"https:\/\/akdenizolaygazetesi.com\/index.php?rest_route=\/wp\/v2\/posts"}],"about":[{"href":"https:\/\/akdenizolaygazetesi.com\/index.php?rest_route=\/wp\/v2\/types\/post"}],"author":[{"embeddable":true,"href":"https:\/\/akdenizolaygazetesi.com\/index.php?rest_route=\/wp\/v2\/users\/2"}],"replies":[{"embeddable":true,"href":"https:\/\/akdenizolaygazetesi.com\/index.php?rest_route=%2Fwp%2Fv2%2Fcomments&post=29887"}],"version-history":[{"count":1,"href":"https:\/\/akdenizolaygazetesi.com\/index.php?rest_route=\/wp\/v2\/posts\/29887\/revisions"}],"predecessor-version":[{"id":29889,"href":"https:\/\/akdenizolaygazetesi.com\/index.php?rest_route=\/wp\/v2\/posts\/29887\/revisions\/29889"}],"wp:featuredmedia":[{"embeddable":true,"href":"https:\/\/akdenizolaygazetesi.com\/index.php?rest_route=\/wp\/v2\/media\/29888"}],"wp:attachment":[{"href":"https:\/\/akdenizolaygazetesi.com\/index.php?rest_route=%2Fwp%2Fv2%2Fmedia&parent=29887"}],"wp:term":[{"taxonomy":"category","embeddable":true,"href":"https:\/\/akdenizolaygazetesi.com\/index.php?rest_route=%2Fwp%2Fv2%2Fcategories&post=29887"},{"taxonomy":"post_tag","embeddable":true,"href":"https:\/\/akdenizolaygazetesi.com\/index.php?rest_route=%2Fwp%2Fv2%2Ftags&post=29887"}],"curies":[{"name":"wp","href":"https:\/\/api.w.org\/{rel}","templated":true}]}}