{"id":29899,"date":"2024-02-27T12:43:56","date_gmt":"2024-02-27T09:43:56","guid":{"rendered":"http:\/\/akdenizolaygazetesi.com\/?p=29899"},"modified":"2024-02-27T12:43:56","modified_gmt":"2024-02-27T09:43:56","slug":"baskan-ozyigit-pirireis-ciftlikkoy-ve-akkentte-vatandaslarla-bulustu","status":"publish","type":"post","link":"https:\/\/akdenizolaygazetesi.com\/?p=29899","title":{"rendered":"Ba\u015fkan \u00d6zyi\u011fit, Pirireis, \u00c7iftlikk\u00f6y ve Akkent\u2019te vatanda\u015flarla bulu\u015ftu"},"content":{"rendered":"<p>Yeni\u015fehir Belediye Ba\u015fkan\u0131 ve Cumhuriyet Halk Partisi(CHP) Yeni\u015fehir Belediye Ba\u015fkan Aday\u0131 Abdullah \u00d6zyi\u011fit, Pirireis, \u00c7iftlikk\u00f6y ve Akkent mahallelerinde esnaflar\u0131 gezdi, vatanda\u015flarla bir araya geldi. Halka bulu\u015fmalar\u0131na devam eden Ba\u015fkan Abdullah \u00d6zyi\u011fit, ziyaretlerinde hem 5 y\u0131lda hayata ge\u00e7irdikleri projeleri hem de yeni d\u00f6nem projeleri hakk\u0131nda vatanda\u015flara bilgi veriyor.<br \/>\n\u0130lk olarak Pirireis Mahallesi\u2019nde bulunan Silifke Caddesi\u2019ni gezen Ba\u015fkan Abdullah \u00d6zyi\u011fit, esnaflarla tek sohbet etti, talep ve \u00f6nerilerini ald\u0131. Ba\u015fkan \u00d6zyi\u011fit, daha sonra Mersin B\u00fcy\u00fck\u015fehir Belediyesi taraf\u0131ndan \u00c7iftlikk\u00f6y Mahallesi\u2019nde yap\u0131lan kapal\u0131 semt pazar\u0131n\u0131 Mersin B\u00fcy\u00fck\u015fehir Belediye Ba\u015fkan\u0131 ve Cumhuriyet Halk Partisi (CHP) Mersin B\u00fcy\u00fck\u015fehir Belediye Ba\u015fkan Aday\u0131 Vahap Se\u00e7er, CHP Mersin Milletvekili G\u00fclcan K\u0131\u015f, CHP Yeni\u015fehir \u0130l\u00e7e Ba\u015fkan\u0131 Toprak \u00c7al\u0131\u015fkan ve CHP il ve il\u00e7e y\u00f6neticileri ile birlikte gezdi.<br \/>\nBa\u015fkan Abdullah \u00d6zyi\u011fit ve Ba\u015fkan Vahap Se\u00e7er, ziyaretlerinde vatanda\u015flar\u0131n yo\u011fun ilgisi ve deste\u011fiyle kar\u015f\u0131la\u015ft\u0131.  Yeni\u015fehir Belediye Ba\u015fkan\u0131 Abdullah \u00d6zyi\u011fit ard\u0131ndan Akkent Mahallesi\u2019nde bulunan bir kahvehanede mahalle sakinleriyle bulu\u015ftu. Yeni\u015fehir Belediyesi olarak hayata ge\u00e7irdikleri \u00e7al\u0131\u015fmalar\u0131 payla\u015fan Ba\u015fkan \u00d6zyi\u011fit, vatanda\u015flar\u0131n sorunlar\u0131n\u0131 yan\u0131tlad\u0131 ve \u00f6nerilerini de ald\u0131. Ba\u015fkan \u00d6zyi\u011fit, \u201cBizim i\u015fimiz \u00fcretmek, 6 temel ilkemiz kapsam\u0131nda ya\u015fam\u0131n her alan\u0131nda \u00fcrettik. T\u00fcrkiye\u2019de ilklere imza att\u0131k. Do\u011fam\u0131za sahip \u00e7\u0131kt\u0131k, daha ya\u015fanabilir bir kent i\u00e7in gece g\u00fcnd\u00fcz \u00e7al\u0131\u015ft\u0131k. Bug\u00fcne kadar elde etti\u011fimiz ba\u015far\u0131lar\u0131 daha da ileriye ta\u015f\u0131yacak, Yeni\u015fehir&#8217;imizi daha da g\u00fczelle\u015ftirecek ve geli\u015ftirece\u011fiz.\u201d dedi.<\/p>\n","protected":false},"excerpt":{"rendered":"<p>Yeni\u015fehir Belediye Ba\u015fkan\u0131 ve Cumhuriyet Halk Partisi(CHP) Yeni\u015fehir Belediye Ba\u015fkan Aday\u0131 Abdullah \u00d6zyi\u011fit, Pirireis, \u00c7iftlikk\u00f6y ve Akkent mahallelerinde esnaflar\u0131 gezdi, vatanda\u015flarla bir araya geldi. Halka bulu\u015fmalar\u0131na devam eden Ba\u015fkan Abdullah &hellip; <a href=\"https:\/\/akdenizolaygazetesi.com\/?p=29899\" class=\"more-link\">Devam\u0131n\u0131 Oku&#8230;<\/a><\/p>\n","protected":false},"author":2,"featured_media":29900,"comment_status":"open","ping_status":"open","sticky":false,"template":"","format":"standard","meta":[],"categories":[3],"tags":[],"_links":{"self":[{"href":"https:\/\/akdenizolaygazetesi.com\/index.php?rest_route=\/wp\/v2\/posts\/29899"}],"collection":[{"href":"https:\/\/akdenizolaygazetesi.com\/index.php?rest_route=\/wp\/v2\/posts"}],"about":[{"href":"https:\/\/akdenizolaygazetesi.com\/index.php?rest_route=\/wp\/v2\/types\/post"}],"author":[{"embeddable":true,"href":"https:\/\/akdenizolaygazetesi.com\/index.php?rest_route=\/wp\/v2\/users\/2"}],"replies":[{"embeddable":true,"href":"https:\/\/akdenizolaygazetesi.com\/index.php?rest_route=%2Fwp%2Fv2%2Fcomments&post=29899"}],"version-history":[{"count":1,"href":"https:\/\/akdenizolaygazetesi.com\/index.php?rest_route=\/wp\/v2\/posts\/29899\/revisions"}],"predecessor-version":[{"id":29901,"href":"https:\/\/akdenizolaygazetesi.com\/index.php?rest_route=\/wp\/v2\/posts\/29899\/revisions\/29901"}],"wp:featuredmedia":[{"embeddable":true,"href":"https:\/\/akdenizolaygazetesi.com\/index.php?rest_route=\/wp\/v2\/media\/29900"}],"wp:attachment":[{"href":"https:\/\/akdenizolaygazetesi.com\/index.php?rest_route=%2Fwp%2Fv2%2Fmedia&parent=29899"}],"wp:term":[{"taxonomy":"category","embeddable":true,"href":"https:\/\/akdenizolaygazetesi.com\/index.php?rest_route=%2Fwp%2Fv2%2Fcategories&post=29899"},{"taxonomy":"post_tag","embeddable":true,"href":"https:\/\/akdenizolaygazetesi.com\/index.php?rest_route=%2Fwp%2Fv2%2Ftags&post=29899"}],"curies":[{"name":"wp","href":"https:\/\/api.w.org\/{rel}","templated":true}]}}