{"id":29903,"date":"2024-02-28T12:56:57","date_gmt":"2024-02-28T09:56:57","guid":{"rendered":"http:\/\/akdenizolaygazetesi.com\/?p=29903"},"modified":"2024-02-28T12:56:57","modified_gmt":"2024-02-28T09:56:57","slug":"gelecek-donem-mersinin-kanalizasyon-sorununu-buyuk-olcude-cozecegiz","status":"publish","type":"post","link":"https:\/\/akdenizolaygazetesi.com\/?p=29903","title":{"rendered":"&#8220;GELECEK D\u00d6NEM MERS\u0130N&#8217;\u0130N KANAL\u0130ZASYON SORUNUNU B\u00dcY\u00dcK \u00d6L\u00c7\u00dcDE \u00c7\u00d6ZECE\u011e\u0130Z&#8221;"},"content":{"rendered":"<p>Mersin B\u00fcy\u00fck\u015fehir Belediye Ba\u015fkan\u0131 Vahap Se\u00e7er, Mersin B\u00fcy\u00fck\u015fehir Belediyesi ile Avrupa Birli\u011fi aras\u0131ndaki &#8216;Ye\u015fil Bir Gelecek \u0130\u00e7in Liman \u015eehirleri Ortakl\u0131\u011f\u0131&#8217; projesinin faaliyetlerinden biri olan &#8216;Ye\u015fil B\u00fcy\u00fcme ve Mavi Ekonomi \u00c7al\u0131\u015ftay\u0131&#8217;na kat\u0131ld\u0131.<\/p>\n<p>Mersin B\u00fcy\u00fck\u015fehir Belediyesi ile Avrupa Birli\u011fi aras\u0131ndaki &#8216;Ye\u015fil Bir Gelecek \u0130\u00e7in Liman \u015eehirleri Ortakl\u0131\u011f\u0131&#8217; projesinin faaliyetlerinden biri olan &#8216;Ye\u015fil B\u00fcy\u00fcme ve Mavi Ekonomi \u00c7al\u0131\u015ftay\u0131&#8217; ile \u00e7evre sorunlar\u0131na kar\u015f\u0131 bir yol haritas\u0131 olu\u015fturulmas\u0131 ve ilerideki i\u015f birliklerinin temelinin at\u0131lmas\u0131 hedefleniyor. Klaipeda \u00dcniversitesi, ODT\u00dc Deniz Bilimleri Enstit\u00fcs\u00fc ve Mersin Ticaret ve Sanayi Odas\u0131 (MTSO) katk\u0131lar\u0131yla da haz\u0131rlanan \u00e7al\u0131\u015ftay sonunda B\u00fcy\u00fck\u015fehir Belediyesi ile proje orta\u011f\u0131 Litvanya Klaipeda Belediyesi aras\u0131nda &#8216;\u0130yi Niyet Belgesi&#8217; imzalanmas\u0131 ama\u00e7lan\u0131yor. \u00c7al\u0131\u015ftay kapsam\u0131nda; k\u0131y\u0131 ve liman \u015fehirleri olan Mersin ve Klaipeda&#8217;da \u00e7evre ve iklim olumsuzluklar\u0131na kar\u015f\u0131 k\u0131y\u0131 direncini art\u0131rmak i\u00e7in bir yol haritas\u0131 \u00e7al\u0131\u015fmas\u0131 yap\u0131lacak.<\/p>\n<p>&#8220;Mersin&#8217;i kat\u0131l\u0131mc\u0131 demokrasi ile y\u00f6netiyoruz&#8221;<\/p>\n<p>Mersin&#8217;in y\u00f6netiminde, kentteki t\u00fcm sivil toplum kurulu\u015flar\u0131, \u00fcniversiteler, farkl\u0131 \u00fclkelerin fahri konsoloslar\u0131 ve \u015fehrin t\u00fcm akt\u00f6rlerinin katk\u0131 sundu\u011funu s\u00f6yleyen Ba\u015fkan Se\u00e7er, bu durumun kat\u0131l\u0131mc\u0131 demokrasinin en iyi \u00f6rne\u011fi oldu\u011funu s\u00f6yledi. Se\u00e7er, &#8220;Mersin B\u00fcy\u00fck\u015fehir Belediye Ba\u015fkan\u0131 olarak, belediyemin bu anlay\u0131\u015f ile kenti y\u00f6netmesinden dolay\u0131 da gurur duydu\u011fumu ifade etmek istiyorum&#8221; dedi.<\/p>\n<p>&#8220;\u0130nsanlar kendi yaratt\u0131\u011f\u0131 sorunun \u00e7\u00f6z\u00fcm\u00fc i\u00e7in \u00e7al\u0131\u015f\u0131yor&#8221;<\/p>\n<p>\u00c7evre, k\u00fcresel \u0131s\u0131nma, iklim de\u011fi\u015fikli\u011fi ve ba\u011fl\u0131 sorunlar\u0131n g\u00fcn\u00fcm\u00fcz\u00fcn en \u00f6nemli problemlerinden oldu\u011funu aktaran Se\u00e7er, bu durumlar\u0131 insanlar\u0131n yaratt\u0131\u011f\u0131n\u0131 ve gelinen noktada da yine insanlar eli ile \u00e7\u00f6z\u00fcm \u00e7al\u0131\u015fmalar\u0131n\u0131n s\u00fcrd\u00fcr\u00fcld\u00fc\u011f\u00fcne dikkat \u00e7ekti. Se\u00e7er, &#8220;G\u00fczel, de\u011ferli, akademik \u00e7al\u0131\u015fmalar da oluyor, kurumsal bazda da de\u011ferli \u00e7al\u0131\u015fmalar oluyor. Ama pratikte uygulamalar, akademik d\u00fcnyan\u0131n konu\u015ftu\u011fu gibi ya da toplant\u0131larda ortaya \u00e7\u0131kan bildiriler, sonu\u00e7lar gibi olmuyor. Herkes yine kendi bak\u0131\u015f a\u00e7\u0131s\u0131 ile kendi talepleri, avantajlar\u0131 do\u011frultusunda kararlar\u0131 yorumluyor ve yoluna devam ediyor. Yine plans\u0131z bir sanayile\u015fme, sanayile\u015fmenin getirdi\u011fi sera gaz\u0131ndaki sal\u0131n\u0131m, yine fosil yak\u0131tlar olabildi\u011fince kullan\u0131l\u0131yor&#8221; diye konu\u015ftu.<\/p>\n<p>&#8220;Kenti, mevcut sosyo-k\u00fclt\u00fcrel birikime g\u00f6re y\u00f6netiyorsunuz&#8221;<\/p>\n<p>\u015eehir, insan, toplum ve o toplumun sosyo-k\u00fclt\u00fcrel yap\u0131s\u0131ndan kaynakl\u0131 bir durumun g\u00f6z ard\u0131 edilemeyece\u011fini dile getiren Se\u00e7er, bir toplum veya \u015fehrin ne kadar geli\u015fmi\u015f, sosyo-k\u00fclt\u00fcrel ve sosyo-ekonomik a\u00e7\u0131dan standard\u0131n ne kadar \u00fczerinde ise b\u00fct\u00fcn bu sorunlar\u0131n daha az ya\u015fand\u0131\u011f\u0131n\u0131 vurgulayarak, &#8220;B\u00f6yle bir durumda sorunlar\u0131 minimize ediyorsunuz ve \u00e7\u00f6zmek de kolayla\u015f\u0131yor. Mersin t\u0131pk\u0131 proje ortaklar\u0131ndan Klaipeda gibi bir sahil kenti, bir liman kenti. Biri Balt\u0131k&#8217;ta, bir Akdeniz&#8217;de ama dinamikleri benze\u015fen iki \u015fehir. Stat\u00fcs\u00fc ne olursa olsun yerli, s\u0131\u011f\u0131nmac\u0131, ge\u00e7ici olarak burada ikamet eden, farkl\u0131 nedenlerle gelmi\u015f 2,5 milyon insan bu kentte nefes al\u0131p veriyor. Kenti, toplumun bu sosyolojisi ve bu standard\u0131 ile mevcut sosyo-k\u00fclt\u00fcrel birikime g\u00f6re y\u00f6netiyorsunuz&#8221; ifadelerini kulland\u0131.<\/p>\n<p>&#8220;Filomuza art\u0131k elektrikli otob\u00fcs al\u0131yoruz&#8221;<\/p>\n<p>Belediyeler ve h\u00fck\u00fcmetlerin de \u00e7evre dostu ta\u015f\u0131mac\u0131l\u0131k konusunda ge\u00e7mi\u015fte yat\u0131r\u0131m yapmad\u0131klar\u0131n\u0131n alt\u0131n\u0131 \u00e7izen Se\u00e7er, Mersin B\u00fcy\u00fck\u015fehir Belediyesi&#8217;nin otob\u00fcs filosunda 205 adet CNG&#8217;li ara\u00e7 bulundu\u011funu ve yeni al\u0131mlar\u0131n da elektrikli otob\u00fcs olaca\u011f\u0131n\u0131 s\u00f6yledi. Gelecek 5 y\u0131l i\u00e7inde ihtiya\u00e7 olan t\u00fcm otob\u00fcsleri elektrikli alacaklar\u0131na dikkat \u00e7eken Se\u00e7er, &#8220;Bunlar bilin\u00e7li bir m\u00fcdahaledir. Fosil yak\u0131tt\u0131, CNG&#8217;li ara\u00e7lara ge\u00e7i\u015f yapt\u0131k \u015fimdi ise elektrikli ara\u00e7lara ge\u00e7iyoruz. Gelecek 5 y\u0131ll\u0131k s\u00fcre\u00e7te de filomuzun yeni ihtiya\u00e7lar\u0131n\u0131n tamam\u0131n\u0131 elektrikli otob\u00fcs al\u0131yoruz. Bunun 15&#8217;i de Avrupa Birli\u011fi&#8217;nden bize hibe olarak geliyor. Yeni \u00e7al\u0131\u015fmalar\u0131m\u0131zda da filomuzun yakla\u015f\u0131k 30 adet daha ihtiyac\u0131 var. Elektrikli ara\u00e7 al\u0131m\u0131na \u00e7\u0131kt\u0131k. Bunun finansman\u0131n\u0131 da EBRD&#8217;den sa\u011flad\u0131k&#8221; dedi.<\/p>\n<p>&#8220;Biz bu i\u015fin ciddiyetinin fark\u0131nday\u0131z&#8221;<\/p>\n<p>Mersin B\u00fcy\u00fck\u015fehir Belediyesi olarak ge\u00e7mi\u015ften gelen birikimi \u00e7ok daha \u00fcst seviyelere \u00e7\u0131kararak \u00e7al\u0131\u015fmalar yapt\u0131klar\u0131n\u0131 aktaran Se\u00e7er, &#8220;\u00c7evre Koruma ve Kontrol Dairesi Ba\u015fkanl\u0131\u011f\u0131&#8217;m\u0131z var. \u0130klim De\u011fi\u015fikli\u011fi ve S\u0131f\u0131r At\u0131k Dairesi Ba\u015fkanl\u0131\u011f\u0131&#8217;n\u0131 kurduk. Depremden sonra Afet \u0130\u015fleri Dairesi Ba\u015fkanl\u0131\u011f\u0131&#8217;n\u0131 kurduk. Tamam\u0131 asl\u0131nda k\u00fcresel \u0131s\u0131nma ya da k\u00fcresel iklim de\u011fi\u015fikli\u011fi veya afet i\u015fleriyle alakal\u0131. \u0130klim de\u011fi\u015fikli\u011fi sonu\u00e7ta yang\u0131nlar\u0131, ani ya\u011f\u0131\u015flar\u0131, tsunamiyi, seli, a\u00e7l\u0131\u011f\u0131 ve k\u0131tl\u0131\u011f\u0131 getiriyor. O da bir felaket. Yokluk ve g\u0131daya eri\u015fememek, g\u0131da arz\u0131ndaki sorun da bir felaket de\u011fil midir? Demek ki biz bu i\u015fin ciddiyetinin fark\u0131nday\u0131z&#8221; s\u00f6zlerine yer verdi.<\/p>\n<p>Mersin B\u00fcy\u00fck\u015fehir Belediyesi olarak b\u00fct\u00fcn kurumlarla i\u015fbirli\u011fi yapt\u0131klar\u0131n\u0131n da alt\u0131n\u0131 \u00e7izen Se\u00e7er, kurumlarla yapm\u0131\u015f olduklar\u0131 \u00e7al\u0131\u015fmalarda da ba\u015flan\u0131lan i\u015fin s\u00fcrd\u00fcr\u00fclebilir ve netice al\u0131nabilir olmas\u0131n\u0131n \u00f6nemine de\u011findi. Bir sahil kenti olan Mersin&#8217;de denize b\u0131rak\u0131lan at\u0131klar hakk\u0131nda da konu\u015fan Se\u00e7er, Mersin B\u00fcy\u00fck\u015fehir Belediyesi olarak bu konuda da i\u015flerini ciddiyetle yapt\u0131klar\u0131ndan s\u00f6z ederek, &#8220;Mersin B\u00fcy\u00fck\u015fehir Belediyesi olarak \u00c7evre Bakanl\u0131\u011f\u0131&#8217;ndan belirli koordinatlarda yetki ald\u0131k. T\u00fcrkiye&#8217;de bu konuda en bilinen belediye Mersin B\u00fcy\u00fck\u015fehir Belediyesi. 2019&#8217;dan bu yana 5 y\u0131ld\u0131r bu konuda hi\u00e7 taviz vermiyoruz&#8221; dedi.<\/p>\n<p>&#8220;Deniz kirlili\u011fine neden olan t\u00fcm ta\u015f\u0131tlar\u0131 daha teknolojik bir \u00e7al\u0131\u015fma ve radar sistemi ile takip edebilece\u011fiz&#8221;<\/p>\n<p>Dronelar arac\u0131l\u0131\u011f\u0131yla gemileri kontrol ettiklerinden bahseden Se\u00e7er,  &#8220;Art\u0131k daha farkl\u0131 bir sistemle bu b\u00f6lgeye gelen ve deniz kirlili\u011fine neden olan t\u00fcm ta\u015f\u0131tlar\u0131 daha teknolojik bir \u00e7al\u0131\u015fma ve radar sistemi ile takip edebilece\u011fiz&#8221; diye konu\u015ftu. Bir turizm b\u00f6lgesi olan Mersin i\u00e7in turizm teknelerinin getirdi\u011fi s\u0131k\u0131nt\u0131lardan da s\u00f6z eden Se\u00e7er, &#8220;Yerli ve yabanc\u0131 turistlerin, tekneyle zaman ge\u00e7iren insanlar\u0131n at\u0131klar\u0131 denize at\u0131l\u0131yor. Buradan bizim k\u0131y\u0131 \u015feridimize paralel ve a\u00e7\u0131ktan seyahat eden gemilerin bir\u00e7ok videosu elimize ge\u00e7iyor. B\u00fct\u00fcn gemi m\u00fcrettebat\u0131n\u0131n pislikleri ve at\u0131klar\u0131 bizim sahilden ge\u00e7erken a\u00e7\u0131klarda denize boca ediliyor. Akdeniz \u00e7ana\u011f\u0131nday\u0131z ve Akdeniz&#8217;e k\u0131y\u0131s\u0131 olan Avrupa \u00fclkeleri b\u00fct\u00fcn deniz kirlili\u011fini bizim k\u00f6rfezlere, \u0130skenderun ve Mersin K\u00f6rfezi&#8217;ne kadar getiriyor&#8221; ifadelerine yer verdi.<\/p>\n<p>&#8220;Her birey temiz bir \u00e7evrede ya\u015fama hakk\u0131na sahiptir&#8221;<\/p>\n<p>B\u00fcy\u00fck\u015fehir olarak sadece deniz kirlili\u011fi de\u011fil, \u00e7evreyle ilgili bir\u00e7ok konuda \u00e7al\u0131\u015fmalar\u0131n devam etti\u011finden s\u00f6z eden Se\u00e7er, &#8220;Deniz kirlili\u011finin temel nedeni ya da deniz kirlili\u011fine neden olan etkenler sadece evsel at\u0131klar, sanayi at\u0131klar\u0131 ve kaba at\u0131klar de\u011fil. Kanalizasyon bir \u015fehrin can damar\u0131. &#8216;Her birey temiz bir \u00e7evrede ya\u015fama hakk\u0131na sahiptir. Devlet bu konuda \u00f6nlemleri al\u0131r.&#8217; Bu bir anayasal h\u00fck\u00fcm. Bunu sa\u011flayabilmek i\u00e7in de devlet yat\u0131r\u0131m yapar, kanalizasyon sistemleri kurar, bunlar\u0131 al\u0131r, ar\u0131t\u0131r ve bunlar\u0131 en son teknoloji ile yapar&#8221; dedi.<\/p>\n<p>&#8220;Gelecek d\u00f6nem Mersin&#8217;in kanalizasyon sorununu b\u00fcy\u00fck \u00f6l\u00e7\u00fcde \u00e7\u00f6zece\u011fiz&#8221;<\/p>\n<p>5 y\u0131ld\u0131r at\u0131ksu ve kanalizasyon konusunda \u00e7ok yo\u011fun \u00e7al\u0131\u015fmalar y\u00fcr\u00fctt\u00fcklerinden s\u00f6z eden Se\u00e7er, Avrupa&#8217;da bulunan finans kurumlar\u0131ndan kredi sa\u011flad\u0131klar\u0131n\u0131 kaydetti. MESK\u0130&#8217;nin, vatanda\u015flardan ald\u0131\u011f\u0131 fatura bedeliyle bu yat\u0131r\u0131mlar\u0131 yapma \u015fans\u0131 olmad\u0131\u011f\u0131n\u0131n da alt\u0131n\u0131 \u00e7izen Se\u00e7er, &#8220;IFC, EBRD ve FRIT II kapsam\u0131nda toplam 156 milyon avro kredi finansman temin ettik. Bunlar\u0131n bir k\u0131sm\u0131n\u0131n s\u00f6zle\u015fmesi yap\u0131ld\u0131, bir k\u0131sm\u0131 s\u00f6zle\u015fme a\u015famas\u0131nda. Hatta Mezitli&#8217;yi ilgilendiren 17 milyon avroluk bir projenin ihalesine de \u00e7\u0131k\u0131ld\u0131. \u0130haleyi de neticelendirdik, onaylanmak \u00fczere ve \u0130ller Bankas\u0131&#8217;na g\u00f6nderdik. Gelecek 5 y\u0131l i\u00e7erisinde Anamur&#8217;dan Yenice&#8217;ye kadar Mersin&#8217;in 10 birim olan kanalizasyon ar\u0131tma sorunu 2 birime d\u00fc\u015fecek bu ve parayla gelecek d\u00f6nem Mersin&#8217;in kanalizasyon sorununu b\u00fcy\u00fck \u00f6l\u00e7\u00fcde \u00e7\u00f6zece\u011fiz. Hatta Pamukluk Baraj\u0131&#8217;ndan cazibe ile getirece\u011fimiz suyun ar\u0131tma sistemi de bu paran\u0131n i\u00e7erisinde. B\u00f6yle de\u011ferli ve \u00f6nemli bir 5 y\u0131l ge\u00e7irdik. Bu projeleri yapmak, kabul ettirmek, \u00fczerinde \u00e7al\u0131\u015fmak ve sonu\u00e7 almak \u00f6nemli. Belediye olarak yapt\u0131\u011f\u0131m\u0131z \u00e7al\u0131\u015fmalarda bir\u00e7ok temiz enerji yat\u0131r\u0131mlar\u0131n\u0131 ger\u00e7ekle\u015ftiriyoruz ve ger\u00e7ekle\u015ftirmeye de devam edece\u011fiz&#8221; ifadelerine yer verdi.<\/p>\n<p>Konu\u015fmalar\u0131n ard\u0131ndan, Klaipeda Belediyesi ve Klaipeda \u00dcniversitesi yetkilileri taraf\u0131ndan Ba\u015fkan Se\u00e7er&#8217;e hediye takdimi yap\u0131l\u0131rken, Se\u00e7er de hediyelerini takdim etti.<\/p>\n","protected":false},"excerpt":{"rendered":"<p>Mersin B\u00fcy\u00fck\u015fehir Belediye Ba\u015fkan\u0131 Vahap Se\u00e7er, Mersin B\u00fcy\u00fck\u015fehir Belediyesi ile Avrupa Birli\u011fi aras\u0131ndaki &#8216;Ye\u015fil Bir Gelecek \u0130\u00e7in Liman \u015eehirleri Ortakl\u0131\u011f\u0131&#8217; projesinin faaliyetlerinden biri olan &#8216;Ye\u015fil B\u00fcy\u00fcme ve Mavi Ekonomi \u00c7al\u0131\u015ftay\u0131&#8217;na &hellip; <a href=\"https:\/\/akdenizolaygazetesi.com\/?p=29903\" class=\"more-link\">Devam\u0131n\u0131 Oku&#8230;<\/a><\/p>\n","protected":false},"author":2,"featured_media":29904,"comment_status":"open","ping_status":"open","sticky":false,"template":"","format":"standard","meta":[],"categories":[7,2,3,11],"tags":[],"_links":{"self":[{"href":"https:\/\/akdenizolaygazetesi.com\/index.php?rest_route=\/wp\/v2\/posts\/29903"}],"collection":[{"href":"https:\/\/akdenizolaygazetesi.com\/index.php?rest_route=\/wp\/v2\/posts"}],"about":[{"href":"https:\/\/akdenizolaygazetesi.com\/index.php?rest_route=\/wp\/v2\/types\/post"}],"author":[{"embeddable":true,"href":"https:\/\/akdenizolaygazetesi.com\/index.php?rest_route=\/wp\/v2\/users\/2"}],"replies":[{"embeddable":true,"href":"https:\/\/akdenizolaygazetesi.com\/index.php?rest_route=%2Fwp%2Fv2%2Fcomments&post=29903"}],"version-history":[{"count":1,"href":"https:\/\/akdenizolaygazetesi.com\/index.php?rest_route=\/wp\/v2\/posts\/29903\/revisions"}],"predecessor-version":[{"id":29905,"href":"https:\/\/akdenizolaygazetesi.com\/index.php?rest_route=\/wp\/v2\/posts\/29903\/revisions\/29905"}],"wp:featuredmedia":[{"embeddable":true,"href":"https:\/\/akdenizolaygazetesi.com\/index.php?rest_route=\/wp\/v2\/media\/29904"}],"wp:attachment":[{"href":"https:\/\/akdenizolaygazetesi.com\/index.php?rest_route=%2Fwp%2Fv2%2Fmedia&parent=29903"}],"wp:term":[{"taxonomy":"category","embeddable":true,"href":"https:\/\/akdenizolaygazetesi.com\/index.php?rest_route=%2Fwp%2Fv2%2Fcategories&post=29903"},{"taxonomy":"post_tag","embeddable":true,"href":"https:\/\/akdenizolaygazetesi.com\/index.php?rest_route=%2Fwp%2Fv2%2Ftags&post=29903"}],"curies":[{"name":"wp","href":"https:\/\/api.w.org\/{rel}","templated":true}]}}