{"id":29906,"date":"2024-02-28T12:59:50","date_gmt":"2024-02-28T09:59:50","guid":{"rendered":"http:\/\/akdenizolaygazetesi.com\/?p=29906"},"modified":"2024-02-28T12:59:50","modified_gmt":"2024-02-28T09:59:50","slug":"tum-yurttaslarimizin-her-zaman-yaninda-olmaya-devam-edecegiz","status":"publish","type":"post","link":"https:\/\/akdenizolaygazetesi.com\/?p=29906","title":{"rendered":"&#8220;T\u00dcM YURTTA\u015eLARIMIZIN HER ZAMAN YANINDA OLMAYA DEVAM EDECE\u011e\u0130Z&#8221;"},"content":{"rendered":"<p>Mersin B\u00fcy\u00fck\u015fehir Belediye Ba\u015fkan\u0131 Vahap Se\u00e7er, B\u00fcy\u00fck\u015fehir&#8217;in Emekli Evi&#8217;nden faydalanan \u00fcyelerden olu\u015fan G\u00f6n\u00fclden Sesler Korosu&#8217;nun &#8216;Eskimeyen \u015eark\u0131lar Konseri&#8217;ne kat\u0131ld\u0131.<\/p>\n<p>Mezitli Belediyesi K\u00fclt\u00fcr Merkezi&#8217;nde d\u00fczenlenen konsere Ba\u015fkan Se\u00e7er&#8217;in yan\u0131 s\u0131ra; Cumhuriyet Halk Partisi (CHP) Gen\u00e7lik Kollar\u0131 Genel Ba\u015fkan Yard\u0131mc\u0131s\u0131 \u0130zzet K\u0131r\u0131lmaz, CHP Mezitli \u0130l\u00e7e Ba\u015fkan\u0131 Ula\u015f Y\u0131lmaz, CHP Mezitli Belediye Ba\u015fkan Aday\u0131 Ahmet Serkan Tuncer, B\u00fcy\u00fck\u015fehir Belediyesi b\u00fcrokratlar\u0131, Emekli Evi \u00fcyeleri ve sanatseverler kat\u0131ld\u0131.<\/p>\n<p>Seslendirilen \u015fark\u0131lar\u0131 \u00e7ok be\u011fendi\u011fini belirtip t\u00fcm koristleri ve saz heyetini tebrik ederek konu\u015fmas\u0131na ba\u015flayan Ba\u015fkan Se\u00e7er, &#8220;Sizler hayatta deneyimli insanlars\u0131n\u0131z. Hayat\u0131n her a\u015famas\u0131nda \u00f6nemli olaylar ya\u015fam\u0131\u015fs\u0131n\u0131z ve bug\u00fcnlere gelmi\u015fsiniz. \u015eu anda bizim gibi olan insanlara ve daha geri ya\u015fta olan insanlara asl\u0131nda \u00f6nderlik ediyorsunuz. Bir arada olmak, sosyalle\u015fmek, yeni dostluklar ve arkada\u015fl\u0131klar kurmak \u00e7ok g\u00fczel&#8221; dedi.<\/p>\n<p>&#8220;T\u00fcm yurtta\u015flar\u0131m\u0131z\u0131n her zaman yan\u0131nda olmaya devam edece\u011fiz&#8221;<\/p>\n<p>Yerel se\u00e7imlerden sonra da toplumun t\u00fcm kesimleri ile bir arada olmaya devam edece\u011fine vurgu yapan Ba\u015fkan Se\u00e7er, &#8220;Se\u00e7imden sonrada buraday\u0131m, bir yere gitti\u011fim yok. 1 Nisandan sonrada buraday\u0131z. O g\u00fcnde, bug\u00fcnde, yar\u0131nda gelecekte de emekli insanlar\u0131m\u0131z\u0131n, sizlerin ve t\u00fcm yurtta\u015flar\u0131m\u0131z\u0131n her zaman yan\u0131nda olmaya devam edece\u011fiz&#8221; diye konu\u015ftu. <\/p>\n<p>Tuncer: &#8220;Gencinin, esnaf\u0131n\u0131n, \u00e7ift\u00e7isinin bildi\u011fim gibi emeklinin de sorunlar\u0131n\u0131 biliyorum&#8221;<\/p>\n<p>CHP Mezitli \u0130l\u00e7e Ba\u015fkan\u0131 Ahmet serkan Tuncer ise Ba\u015fkan Vahap Se\u00e7er&#8217;e sanata, sanat\u00e7\u0131ya ve emekli yurtta\u015flara verdi\u011fi desteklerden \u00f6t\u00fcr\u00fc te\u015fekk\u00fcr etti. Mezitli&#8217;de ya\u015fayan herkesim sorunlar\u0131n\u0131 bildi\u011fini ifade eden Tuncer &#8220;Mezitli&#8217;nin her mahallesinin sorununu bildi\u011fim gibi, gencinin, esnaf\u0131n\u0131n, \u00e7ift\u00e7isinin bildi\u011fim gibi emeklinin de sorunlar\u0131n\u0131 biliyorum. Bu karde\u015finiz bir yola \u00e7\u0131kt\u0131. \u0130nan\u0131n 1 Nisanda belediye ba\u015fkan\u0131 olduktan sonra da sanat\u0131n, sanat\u00e7\u0131n\u0131n ve emeklinin yan\u0131nda olaca\u011f\u0131m. Bunun referans\u0131 Vahap Se\u00e7er Ba\u015fkan\u0131md\u0131r. Sizlere inan\u0131yorum, g\u00fcveniyorum&#8221; s\u00f6zlerine yer verdi.<\/p>\n<p>Birbirinden g\u00fczel eserlerin seslendirildi\u011fi konserde, kat\u0131l\u0131mc\u0131lar unutulmaz bir ak\u015fam ya\u015fad\u0131. Konserde, konu\u015fmalar\u0131n ard\u0131ndan Emekli Evi \u00fcyelerinden Nedret Uygur Ba\u015fkan Se\u00e7er&#8217;e katk\u0131lar\u0131ndan \u00f6t\u00fcr\u00fc \u00e7i\u00e7ek takdim etti.<\/p>\n","protected":false},"excerpt":{"rendered":"<p>Mersin B\u00fcy\u00fck\u015fehir Belediye Ba\u015fkan\u0131 Vahap Se\u00e7er, B\u00fcy\u00fck\u015fehir&#8217;in Emekli Evi&#8217;nden faydalanan \u00fcyelerden olu\u015fan G\u00f6n\u00fclden Sesler Korosu&#8217;nun &#8216;Eskimeyen \u015eark\u0131lar Konseri&#8217;ne kat\u0131ld\u0131. Mezitli Belediyesi K\u00fclt\u00fcr Merkezi&#8217;nde d\u00fczenlenen konsere Ba\u015fkan Se\u00e7er&#8217;in yan\u0131 s\u0131ra; Cumhuriyet &hellip; <a href=\"https:\/\/akdenizolaygazetesi.com\/?p=29906\" class=\"more-link\">Devam\u0131n\u0131 Oku&#8230;<\/a><\/p>\n","protected":false},"author":2,"featured_media":29907,"comment_status":"open","ping_status":"open","sticky":false,"template":"","format":"standard","meta":[],"categories":[3],"tags":[],"_links":{"self":[{"href":"https:\/\/akdenizolaygazetesi.com\/index.php?rest_route=\/wp\/v2\/posts\/29906"}],"collection":[{"href":"https:\/\/akdenizolaygazetesi.com\/index.php?rest_route=\/wp\/v2\/posts"}],"about":[{"href":"https:\/\/akdenizolaygazetesi.com\/index.php?rest_route=\/wp\/v2\/types\/post"}],"author":[{"embeddable":true,"href":"https:\/\/akdenizolaygazetesi.com\/index.php?rest_route=\/wp\/v2\/users\/2"}],"replies":[{"embeddable":true,"href":"https:\/\/akdenizolaygazetesi.com\/index.php?rest_route=%2Fwp%2Fv2%2Fcomments&post=29906"}],"version-history":[{"count":1,"href":"https:\/\/akdenizolaygazetesi.com\/index.php?rest_route=\/wp\/v2\/posts\/29906\/revisions"}],"predecessor-version":[{"id":29908,"href":"https:\/\/akdenizolaygazetesi.com\/index.php?rest_route=\/wp\/v2\/posts\/29906\/revisions\/29908"}],"wp:featuredmedia":[{"embeddable":true,"href":"https:\/\/akdenizolaygazetesi.com\/index.php?rest_route=\/wp\/v2\/media\/29907"}],"wp:attachment":[{"href":"https:\/\/akdenizolaygazetesi.com\/index.php?rest_route=%2Fwp%2Fv2%2Fmedia&parent=29906"}],"wp:term":[{"taxonomy":"category","embeddable":true,"href":"https:\/\/akdenizolaygazetesi.com\/index.php?rest_route=%2Fwp%2Fv2%2Fcategories&post=29906"},{"taxonomy":"post_tag","embeddable":true,"href":"https:\/\/akdenizolaygazetesi.com\/index.php?rest_route=%2Fwp%2Fv2%2Ftags&post=29906"}],"curies":[{"name":"wp","href":"https:\/\/api.w.org\/{rel}","templated":true}]}}