{"id":29915,"date":"2024-02-28T13:10:37","date_gmt":"2024-02-28T10:10:37","guid":{"rendered":"http:\/\/akdenizolaygazetesi.com\/?p=29915"},"modified":"2024-02-28T13:12:47","modified_gmt":"2024-02-28T10:12:47","slug":"caddeyi-ve-binalari-tamamen-yeniledik","status":"publish","type":"post","link":"https:\/\/akdenizolaygazetesi.com\/?p=29915","title":{"rendered":"\u201cCaddeyi ve binalar\u0131 tamamen yeniledik\u201d"},"content":{"rendered":"<p>Ba\u015fkan G\u00fcltak; se\u00e7im kampanyas\u0131 kapsam\u0131nda, \u015eevket S\u00fcmer ile G\u00fcne\u015f Mahallelerini ay\u0131ran 142. Cadde \u00fczerinde, Akdeniz Belediyesi taraf\u0131ndan tamamen yenilenip b\u00f6lge esnaf\u0131 ve vatanda\u015flara kazand\u0131r\u0131lan Pazar Soka\u011f\u0131\u2019n\u0131 gezdi, vatanda\u015flarla bir araya geldi. \u201cHaz\u0131r\u0131z, kararl\u0131y\u0131z. Yine yeniden kad\u0131nlar kazanacak, gen\u00e7ler kazanacak\u201d diyen Ba\u015fkan G\u00fcltak; \u201c\u0130nan\u0131yorum ki halk\u0131m\u0131z\u0131n tevecc\u00fch\u00fc ile tekrar se\u00e7ilerek hizmet, proje ve yat\u0131r\u0131mlara 1 Nisan\u2019da kald\u0131\u011f\u0131m\u0131z yerden devam edece\u011fiz\u201d dedi.<br \/>\nAK Parti Mersin \u0130l Ba\u015fkan\u0131 \u00c2dem Aldemir ile AK Parti Akdeniz \u0130l\u00e7e Ba\u015fkan\u0131 Mehmet Ali Can\u2019\u0131n da e\u015flik etti\u011fi ziyaretlerde Ba\u015fkan G\u00fcltak, her g\u00fcn binlerce vatanda\u015f\u0131n al\u0131\u015fveri\u015f yapmak i\u00e7in u\u011frad\u0131\u011f\u0131, Akdeniz Belediyesince yenilenerek her y\u00f6n\u00fcyle estetik ve modern bir g\u00f6r\u00fcn\u00fcme kavu\u015fturulan pazaryerinde esnaf ve al\u0131\u015fveri\u015fe \u00e7\u0131kan vatanda\u015flarla s\u0131cak ve samimi bir ortamda sohbet etti.<br \/>\n\u201cCaddeyi ve binalar\u0131 tamamen yeniledik\u201d<br \/>\nAkdeniz\u2019i 5 y\u0131lda de\u011fi\u015ftiren hizmetleri anlatan, kad\u0131nlar, gen\u00e7ler i\u00e7in hayata ge\u00e7en k\u00fclt\u00fcr, sanat, e\u011fitim, spor projelerini hat\u0131rlatan Ba\u015fkan G\u00fcltak, de\u011fi\u015fimin s\u00fcrmesi i\u00e7in 31 Mart\u2019ta yap\u0131lacak se\u00e7imlerde vatanda\u015flardan destek istedi. Ba\u015fkan G\u00fcltak, Akdeniz\u2019de dokunmad\u0131k insan b\u0131rakmad\u0131klar\u0131n\u0131n alt\u0131n\u0131 \u00e7izerek; \u201cBug\u00fcn de \u015fehrin kalbinin att\u0131\u011f\u0131 caddelerden biri olan 142. Caddedeyiz. Buras\u0131 Yeni Pazar olarak da biliniyor. Daha \u00f6ncesinde maalesef \u015fu g\u00f6rd\u00fc\u011f\u00fcn\u00fcz cadde yoktu, paslanm\u0131\u015f demirler \u00fczerinde esnaf, seyyar sat\u0131c\u0131lar burada hizmet vermeye \u00e7al\u0131\u015f\u0131yordu. \u00c7evre Bakanl\u0131\u011f\u0131m\u0131zdan ald\u0131\u011f\u0131m\u0131z hibe ile birlikte bu caddeyi ba\u015ftan sona yeniledik. D\u00fckk\u00e2nlar tamamen tek tip oldu. B\u00fct\u00fcn binalar da giydirildi. Kapal\u0131 bir semt pazar\u0131n\u0131 buraya kazand\u0131rd\u0131k\u201d dedi.<br \/>\n\u201cKavgay\u0131 bitirdik, karde\u015flik ve huzuru getirdik\u201d<br \/>\nBa\u015fkan G\u00fcltak; hizmet, proje ve yat\u0131r\u0131mlar\u0131n yeni d\u00f6nemde de s\u00fcrece\u011finin alt\u0131n\u0131 \u00e7izerek s\u00f6zlerini \u015f\u00f6yle s\u00fcrd\u00fcrd\u00fc; \u201cHer \u015feyden \u00f6nemlisi de Akdeniz\u2019de art\u0131 karde\u015flik var, huzur ve bar\u0131\u015f var. Eskiden buralardaki esnaf, kepenklerini kapatmak zorunda kal\u0131yordu, i\u015fyerlerini g\u00fcnlerce a\u00e7am\u0131yorlard\u0131. Ama her t\u00fcrl\u00fc vergi ve sigortalar\u0131n\u0131 \u00f6d\u00fcyorlard\u0131. Oysa bug\u00fcn mahallelerimizde huzur ve karde\u015flik var art\u0131k. Herkes rahatl\u0131kla al\u0131\u015fveri\u015fini yapabiliyor. Hatta gece saatlerinde bile kad\u0131nlar al\u0131\u015fveri\u015fe \u00e7\u0131kabiliyor. \u015eevket S\u00fcmer, G\u00fcne\u015f ve Hal mahallelerinin birle\u015fti\u011fi bir b\u00f6lgeden bahsediyoruz. Bu sokaklarda ayr\u0131ca uyu\u015fturucu sat\u0131c\u0131lar\u0131 da faaliyet g\u00f6steriyordu. \u015eu an uyu\u015fturucu da yok. Yani geldi\u011fimiz g\u00fcnden bug\u00fcne kadar hem uyu\u015fturucunun belini k\u0131rd\u0131k, hem de ter\u00f6rle m\u00fccadele ederek bunlar\u0131 engelledik. Kavga d\u00f6v\u00fc\u015f bitti, art\u0131k insanlar\u0131m\u0131z karde\u015flik, huzur ve g\u00fcven i\u00e7inde ya\u015f\u0131yor.\u201d<br \/>\n\u201cT\u00fcrkiye\u2019nin mozai\u011fi Akdeniz\u2019de herkesin belediye ba\u015fkan\u0131 oldum\u201d<br \/>\n\u201cAkdeniz\u2019de, hi\u00e7bir ay\u0131r\u0131m yapmadan herkesin ve her kesimin belediye ba\u015fkan\u0131 oldum\u201d diyen Ba\u015fkan G\u00fcltak; \u201c2019\u2019dan bu yana kadar K\u00fcrt\u2019\u00fcn\u00fcn, Zaza\u2019s\u0131n\u0131n, Arap\u2019\u0131n\u0131n, Alevi\u2019sinin, S\u00fcnni\u2019sinin ve Y\u00f6r\u00fck\u2019\u00fcn; herkesin belediye ba\u015fkan\u0131 olmay\u0131 ba\u015fard\u0131k. Se\u00e7ildi\u011fimiz g\u00fcnden bu yana kadar hi\u00e7 i\u015f\u00e7i \u00e7\u0131karmad\u0131k. Kad\u0131nlara ve gen\u00e7lere y\u00f6nelik k\u00fclt\u00fcr evleri, meslek kurslar\u0131 ve et\u00fct merkezi gibi bir\u00e7ok proje haz\u0131rlad\u0131k. Kimseyi ayr\u0131\u015ft\u0131rmad\u0131k. T\u00fcm insanlar\u0131m\u0131za ve mahallelerimize hizmet ula\u015ft\u0131rd\u0131k. Bu \u00f6nemliydi, \u00e7\u00fcnk\u00fc Akdeniz mozai\u011fi g\u00fczel bir il\u00e7e. Biz de bu mozai\u011fin, herkesin belediye ba\u015fkan\u0131 olmay\u0131 ba\u015fard\u0131k. Bu nedenle inan\u0131yorum ki 31 Mart\u2019ta da farkl\u0131 siyasi g\u00f6r\u00fc\u015ften insanlar\u0131m\u0131z\u0131n deste\u011fini alarak Akdeniz\u2019de hizmete kald\u0131\u011f\u0131m\u0131z yerden devam edece\u011fiz\u201d \u015feklinde konu\u015ftu.<br \/>\nA\u00e7\u0131klamas\u0131n\u0131n ard\u0131ndan Akdeniz Belediye Ba\u015fkan\u0131 Mustafa G\u00fcltak ve beraberindeki heyet, il\u00e7eye ba\u011fl\u0131 \u015eevket S\u00fcmer Mahallesi\u2019nde, 142. Cadde \u00fczerine kurulan sabit pazara girerek burada \u00e7al\u0131\u015fan esnaf ve al\u0131\u015fveri\u015f yapan vatanda\u015flarla sohbet etti, hal hat\u0131rlar\u0131n\u0131 ve isteklerini sordu. Her zaman oldu\u011fu gibi \u00e7ocuklar\u0131 da unutmayan Ba\u015fkan G\u00fcltak, \u00e7e\u015fitli oyuncak ve hediyelerle onlar\u0131 da sevindirdi.<br \/>\nY\u00f6r\u00fcklerle bulu\u015fma\u2026<br \/>\n\u00d6te yandan Akdeniz Belediye Ba\u015fkan\u0131 G\u00fcltak, g\u00fcn i\u00e7inde Cumhur \u0130ttifak\u0131 Mersin B\u00fcy\u00fck\u015fehir Belediyesi Ba\u015fkan Aday\u0131 Say\u0131n Serdar Soydan ve Toroslar Belediyesi Ba\u015fkan Aday\u0131 Ali \u00d6z ile birlikte, Arslank\u00f6y Mera Birlik Ba\u015fkan\u0131 Hasan Dudakl\u0131\u2019n\u0131n organize etti\u011fi Dudakl\u0131 Y\u00f6r\u00fckleri Bulu\u015fmas\u0131 program\u0131na da kat\u0131ld\u0131.<br \/>\nB\u00fcy\u00fck bir co\u015fkunun ya\u015fand\u0131\u011f\u0131, s\u0131cak ve samimi anlar\u0131n ya\u015fand\u0131\u011f\u0131 bulu\u015fmada Ba\u015fkan G\u00fcltak, g\u00f6sterdikleri s\u0131cak ilgi nedeniyle Y\u00f6r\u00fck vatanda\u015flara te\u015fekk\u00fcr etti, 31 Mart i\u00e7in destek istedi. Ba\u015fkan G\u00fcltak, g\u00fcn i\u00e7inde ayr\u0131ca Halla\u00e7 Narenciye Paketleme Fabrikas\u0131\u2019n\u0131 da ziyaret ederek emek\u00e7ilerle sohbet etti, hem Akdeniz hem de B\u00fcy\u00fck\u015fehir se\u00e7imlerinde destek talep etti.<\/p>\n","protected":false},"excerpt":{"rendered":"<p>Ba\u015fkan G\u00fcltak; se\u00e7im kampanyas\u0131 kapsam\u0131nda, \u015eevket S\u00fcmer ile G\u00fcne\u015f Mahallelerini ay\u0131ran 142. Cadde \u00fczerinde, Akdeniz Belediyesi taraf\u0131ndan tamamen yenilenip b\u00f6lge esnaf\u0131 ve vatanda\u015flara kazand\u0131r\u0131lan Pazar Soka\u011f\u0131\u2019n\u0131 gezdi, vatanda\u015flarla bir araya &hellip; <a href=\"https:\/\/akdenizolaygazetesi.com\/?p=29915\" class=\"more-link\">Devam\u0131n\u0131 Oku&#8230;<\/a><\/p>\n","protected":false},"author":2,"featured_media":29919,"comment_status":"open","ping_status":"open","sticky":false,"template":"","format":"standard","meta":[],"categories":[34,1,2,3],"tags":[],"_links":{"self":[{"href":"https:\/\/akdenizolaygazetesi.com\/index.php?rest_route=\/wp\/v2\/posts\/29915"}],"collection":[{"href":"https:\/\/akdenizolaygazetesi.com\/index.php?rest_route=\/wp\/v2\/posts"}],"about":[{"href":"https:\/\/akdenizolaygazetesi.com\/index.php?rest_route=\/wp\/v2\/types\/post"}],"author":[{"embeddable":true,"href":"https:\/\/akdenizolaygazetesi.com\/index.php?rest_route=\/wp\/v2\/users\/2"}],"replies":[{"embeddable":true,"href":"https:\/\/akdenizolaygazetesi.com\/index.php?rest_route=%2Fwp%2Fv2%2Fcomments&post=29915"}],"version-history":[{"count":2,"href":"https:\/\/akdenizolaygazetesi.com\/index.php?rest_route=\/wp\/v2\/posts\/29915\/revisions"}],"predecessor-version":[{"id":29920,"href":"https:\/\/akdenizolaygazetesi.com\/index.php?rest_route=\/wp\/v2\/posts\/29915\/revisions\/29920"}],"wp:featuredmedia":[{"embeddable":true,"href":"https:\/\/akdenizolaygazetesi.com\/index.php?rest_route=\/wp\/v2\/media\/29919"}],"wp:attachment":[{"href":"https:\/\/akdenizolaygazetesi.com\/index.php?rest_route=%2Fwp%2Fv2%2Fmedia&parent=29915"}],"wp:term":[{"taxonomy":"category","embeddable":true,"href":"https:\/\/akdenizolaygazetesi.com\/index.php?rest_route=%2Fwp%2Fv2%2Fcategories&post=29915"},{"taxonomy":"post_tag","embeddable":true,"href":"https:\/\/akdenizolaygazetesi.com\/index.php?rest_route=%2Fwp%2Fv2%2Ftags&post=29915"}],"curies":[{"name":"wp","href":"https:\/\/api.w.org\/{rel}","templated":true}]}}