{"id":29921,"date":"2024-02-29T12:31:30","date_gmt":"2024-02-29T09:31:30","guid":{"rendered":"http:\/\/akdenizolaygazetesi.com\/?p=29921"},"modified":"2024-02-29T12:31:30","modified_gmt":"2024-02-29T09:31:30","slug":"mezitlideki-emeklilerin-ikinci-adresi-mezitli-emekli-evi","status":"publish","type":"post","link":"https:\/\/akdenizolaygazetesi.com\/?p=29921","title":{"rendered":"MEZ\u0130TL\u0130&#8217;DEK\u0130 EMEKL\u0130LER\u0130N \u0130K\u0130NC\u0130 ADRES\u0130: MEZ\u0130TL\u0130 EMEKL\u0130 EV\u0130"},"content":{"rendered":"<p>Mersin B\u00fcy\u00fck\u015fehir Belediyesi&#8217;nin, sosyal belediyecilik anlay\u0131\u015f\u0131yla ortaya koydu\u011fu projelerden olan &#8216;Emekli Evi&#8217;, k\u0131sa s\u00fcre \u00f6nce Mezitli&#8217;de de faaliyete ge\u00e7ti. Ya\u015f alm\u0131\u015f vatanda\u015flar\u0131n hem aktif kald\u0131\u011f\u0131, hem de sosyalle\u015fti\u011fi Mezitli Emekli Evi&#8217;nde haftan\u0131n 6 g\u00fcn\u00fc \u00e7e\u015fitli etkinlikler d\u00fczenleniyor. Emekliler her Cuma saat 10.00&#8217;da Mezitli Emekli Evi&#8217;nde spor yap\u0131yor.<\/p>\n<p>Sosyal Hizmetler Daire Ba\u015fkanl\u0131\u011f\u0131 b\u00fcnyesinde hizmet veren Mezitli Emekli Evi hafta i\u00e7i saat 9.00-18.00 aras\u0131, Cumartesi g\u00fcn\u00fc ise 9.00-16.00 aras\u0131 kap\u0131lar\u0131n\u0131 a\u00e7\u0131k tutuyor. Deniz manzaras\u0131 konumuyla be\u011feni toplayan Mezitli Emekli Evi&#8217;nde ya\u015f alm\u0131\u015f vatanda\u015flar, d\u00fczenli olarak etkinliklere kat\u0131larak ikinci baharlar\u0131n\u0131 mutlu ge\u00e7iriyor.<\/p>\n<p>Bozkurt: &#8220;Emekli olan herkese, hi\u00e7bir \u00fccret talep etmeden hizmet veriyoruz&#8221;<\/p>\n<p>Mezitli Emekli Evi Sorumlusu Ertu\u011frul Bozkurt, emekliler i\u00e7in haftan\u0131n 6 g\u00fcn\u00fc \u00e7e\u015fitli etkinlikler d\u00fczenlendi\u011fini belirterek, &#8220;Emeklilerimiz sabah geldiklerinde g\u00fcnl\u00fck gazetelerini okuyor ve k\u00fct\u00fcphanemizden faydalanabiliyorlar. Haftan\u0131n belli g\u00fcnlerine yayd\u0131\u011f\u0131m\u0131z sinema, gezi, spor gibi etkinliklerimize kat\u0131l\u0131m sa\u011fl\u0131yorlar. Sa\u011fl\u0131k Dairesi&#8217;ne ba\u011fl\u0131 doktorlar\u0131m\u0131z belli periyotlarla e\u011fitim vererek, sa\u011fl\u0131k taramas\u0131ndan ge\u00e7iriyorlar. Emekli olan herkese, hi\u00e7bir \u00fccret talep etmeden hizmet veriyoruz. Emekli t\u00fcm vatanda\u015flar\u0131m\u0131z\u0131 da Emekli Evlerimize bekliyoruz&#8221; ifadelerini kulland\u0131.<\/p>\n<p>&#8220;Sanki y\u0131llard\u0131r spor yap\u0131yormu\u015fum gibi hissettim&#8221;<\/p>\n<p>Mezitli Emekli Evi \u00fcyelerinden Latife Seyrek, spor etkinli\u011finden \u00e7ok memnun kald\u0131\u011f\u0131n\u0131 belirterek, &#8220;Ba\u015fkan\u0131m\u0131z Vahap Se\u00e7er&#8217;in Mezitli&#8217;de kurdu\u011fu Emekli Evi&#8217;ndeyiz. \u0130lk defa spora ba\u015flad\u0131k. \u00c7ok sevindim. Hocam\u0131z bizi o kadar g\u00fczel y\u00f6nlendirdi ki, sanki y\u0131llard\u0131r spor yap\u0131yormu\u015fum gibi hissettim&#8221; dedi. Emekli Evi&#8217;nde zaman\u0131n\u0131n \u00e7ok g\u00fczel ge\u00e7ti\u011fini anlatan Seyrek, &#8220;\u00c7ay i\u00e7iyor, gazete okuyor, televizyon izliyor ve sohbet ediyoruz. Bir de o kadar temiz, o kadar g\u00fczel ve itinal\u0131 yap\u0131lm\u0131\u015f ki&#8230; \u00c7ok memnunum&#8221; diye konu\u015ftu.  <\/p>\n<p>&#8220;Yeni a\u00e7\u0131lmas\u0131na ra\u011fmen \u015fahane etkinlikler var&#8221;<\/p>\n<p>Sabiha Barut\u00e7u ise Mezitli Emekli Evi&#8217;nde bir\u00e7ok etkinlik yap\u0131ld\u0131\u011f\u0131n\u0131 belirterek, &#8220;Yeni a\u00e7\u0131lmas\u0131na ra\u011fmen, \u015fahane etkinlikler var. Her \u015feyden \u00f6nce manzaram\u0131z \u00e7ok g\u00fczel. Bug\u00fcn spor aktivitesi vard\u0131 ve \u00e7ok be\u011fendim. Zaten buraya geldim geleli, Mersin B\u00fcy\u00fck\u015fehir Belediyesi&#8217;nin \u00e7ok g\u00fczel \u00e7al\u0131\u015ft\u0131\u011f\u0131n\u0131 ve \u00e7ok g\u00fczel hizmetlerde bulundu\u011funu g\u00f6rd\u00fcm. Daha \u00f6nce de Yeni\u015fehir Emekli Evi&#8217;ne gitmi\u015ftim, oras\u0131 da \u00e7ok ho\u015ftu&#8221; dedi. <\/p>\n<p>&#8220;Bu hizmet bize gayet iyi geldi&#8221;<\/p>\n<p>Galip Sertkaya da Mezitli Emekli Evi&#8217;ndeki etkinliklere kat\u0131ld\u0131\u011f\u0131n\u0131 anlatarak, &#8220;Bu hizmet bize gayet iyi geldi. Her g\u00fcn 2-3 saatimizi burada ge\u00e7iriyoruz. Her etkinli\u011fe kat\u0131l\u0131yorum. Ben her sabah y\u00fcr\u00fcyor, \u00f6\u011fleden sonra da belediyemizin sahilde yer alan tenis kortuna gidiyorum. Belediye Ba\u015fkan\u0131m\u0131z\u0131n hizmetleri gayet iyi. \u00c7ok memnunum&#8221; diye konu\u015ftu.   <\/p>\n","protected":false},"excerpt":{"rendered":"<p>Mersin B\u00fcy\u00fck\u015fehir Belediyesi&#8217;nin, sosyal belediyecilik anlay\u0131\u015f\u0131yla ortaya koydu\u011fu projelerden olan &#8216;Emekli Evi&#8217;, k\u0131sa s\u00fcre \u00f6nce Mezitli&#8217;de de faaliyete ge\u00e7ti. Ya\u015f alm\u0131\u015f vatanda\u015flar\u0131n hem aktif kald\u0131\u011f\u0131, hem de sosyalle\u015fti\u011fi Mezitli Emekli &hellip; <a href=\"https:\/\/akdenizolaygazetesi.com\/?p=29921\" class=\"more-link\">Devam\u0131n\u0131 Oku&#8230;<\/a><\/p>\n","protected":false},"author":2,"featured_media":29922,"comment_status":"open","ping_status":"open","sticky":false,"template":"","format":"standard","meta":[],"categories":[3,9,10],"tags":[],"_links":{"self":[{"href":"https:\/\/akdenizolaygazetesi.com\/index.php?rest_route=\/wp\/v2\/posts\/29921"}],"collection":[{"href":"https:\/\/akdenizolaygazetesi.com\/index.php?rest_route=\/wp\/v2\/posts"}],"about":[{"href":"https:\/\/akdenizolaygazetesi.com\/index.php?rest_route=\/wp\/v2\/types\/post"}],"author":[{"embeddable":true,"href":"https:\/\/akdenizolaygazetesi.com\/index.php?rest_route=\/wp\/v2\/users\/2"}],"replies":[{"embeddable":true,"href":"https:\/\/akdenizolaygazetesi.com\/index.php?rest_route=%2Fwp%2Fv2%2Fcomments&post=29921"}],"version-history":[{"count":1,"href":"https:\/\/akdenizolaygazetesi.com\/index.php?rest_route=\/wp\/v2\/posts\/29921\/revisions"}],"predecessor-version":[{"id":29923,"href":"https:\/\/akdenizolaygazetesi.com\/index.php?rest_route=\/wp\/v2\/posts\/29921\/revisions\/29923"}],"wp:featuredmedia":[{"embeddable":true,"href":"https:\/\/akdenizolaygazetesi.com\/index.php?rest_route=\/wp\/v2\/media\/29922"}],"wp:attachment":[{"href":"https:\/\/akdenizolaygazetesi.com\/index.php?rest_route=%2Fwp%2Fv2%2Fmedia&parent=29921"}],"wp:term":[{"taxonomy":"category","embeddable":true,"href":"https:\/\/akdenizolaygazetesi.com\/index.php?rest_route=%2Fwp%2Fv2%2Fcategories&post=29921"},{"taxonomy":"post_tag","embeddable":true,"href":"https:\/\/akdenizolaygazetesi.com\/index.php?rest_route=%2Fwp%2Fv2%2Ftags&post=29921"}],"curies":[{"name":"wp","href":"https:\/\/api.w.org\/{rel}","templated":true}]}}