{"id":29998,"date":"2024-03-06T12:42:25","date_gmt":"2024-03-06T09:42:25","guid":{"rendered":"http:\/\/akdenizolaygazetesi.com\/?p=29998"},"modified":"2024-03-06T12:42:25","modified_gmt":"2024-03-06T09:42:25","slug":"baskan-ozyigit-unicef-yetkilileri-projemizi-yerinde-incelemek-istediklerini-soylediler","status":"publish","type":"post","link":"https:\/\/akdenizolaygazetesi.com\/?p=29998","title":{"rendered":"Ba\u015fkan \u00d6zyi\u011fit, \u201cUNICEF yetkilileri projemizi yerinde incelemek istediklerini s\u00f6ylediler.\u201d"},"content":{"rendered":"<p>Yeni\u015fehir Belediye Ba\u015fkan\u0131 ve Cumhuriyet Halk Partisi(CHP) Yeni\u015fehir Belediye Ba\u015fkan Aday\u0131 Abdullah \u00d6zyi\u011fit, Bah\u00e7elievler, \u0130n\u00f6n\u00fc ve Akkent mahallelerinde Yeni\u015fehirlilerle bir araya geldi. Ba\u015fkan \u00d6zyi\u011fit\u2019e mahalle bulu\u015fmalar\u0131nda yo\u011fun ilgi g\u00f6steren vatanda\u015flar deste\u011fini yineledi. Ba\u015fkan \u00d6zyi\u011fit, \u201cYeni\u015fehir halk\u00e7\u0131 belediyecilikle g\u00fcvenli limanda olmaya devam edecek. 5 y\u0131ld\u0131r ortak ak\u0131lla, ortak \u00e7abayla hep birlikte \u00e7ok \u015fey ba\u015fard\u0131k. Birer par\u00e7as\u0131 oldu\u011fumuz kentimiz i\u00e7in sorumlulukla \u00e7al\u0131\u015fmalar\u0131m\u0131z\u0131 s\u00fcrd\u00fcrece\u011fiz.\u201d dedi.<br \/>\nYeni\u015fehir Belediye Ba\u015fkan\u0131 Abdullah \u00d6zyi\u011fit, mahalle ziyaretlerine devam ediyor. Halkla bulu\u015fmalar\u0131nda 5 y\u0131lda hayata ge\u00e7irdikleri \u00e7al\u0131\u015fmalar\u0131 ve yeni d\u00f6nem projelerini Yeni\u015fehirlilerle payla\u015fan Ba\u015fkan \u00d6zyi\u011fit, vatanda\u015flar\u0131n da g\u00f6r\u00fc\u015flerini al\u0131yor.<br \/>\n\u201cYeni\u015fehir halk\u0131 g\u00f6r\u00fcyor, inan\u0131yor, g\u00fcveniyor.\u201d<br \/>\n \u201cStratejik plan\u0131n\u0131 halk\u0131n do\u011frudan kat\u0131l\u0131m\u0131yla haz\u0131rlayan T\u00fcrkiye\u2019deki ilk belediye olduk.\u201d diyen Ba\u015fkan \u00d6zyi\u011fit, \u201cBug\u00fcn birlikteyiz, birlikte olmaya da devam edece\u011fiz. Hat\u0131rlay\u0131n, 2019 y\u0131l\u0131nda se\u00e7ilir se\u00e7ilmez 32 mahallemizin tamam\u0131nda toplant\u0131lar d\u00fczenledik.  Sizleri dinledik. Bu kent i\u00e7in herkesin s\u00f6yleyecek bir s\u00f6z\u00fc vard\u0131r dedik. Mahallelerimizin eksikliklerini, kentimizin ihtiya\u00e7lar\u0131n\u0131 konu\u015ftuk.  Siz s\u00f6ylediniz, biz not ettik. 5 bin 70 talep ald\u0131k. Ve ard\u0131ndan vakit kaybetmeden harekete ge\u00e7tik.  5 y\u0131ll\u0131k stratejik plan\u0131m\u0131z\u0131 halk\u0131m\u0131z\u0131n \u00f6nerileri \u0131\u015f\u0131\u011f\u0131nda yapt\u0131k.  Stratejik plan\u0131n\u0131 halk\u0131n do\u011frudan kat\u0131l\u0131m\u0131yla haz\u0131rlayan T\u00fcrkiye\u2019deki ilk belediye olduk. \u0130kinci d\u00f6nemimizde bunu yine yapaca\u011f\u0131z, halk\u0131m\u0131zla birlikte yol y\u00fcr\u00fcyece\u011fiz. Plan ve projelerimizi bilimin rehberli\u011finde haz\u0131rlayarak uygulad\u0131k. Yeni\u015fehir halk\u0131 g\u00f6r\u00fcyor, inan\u0131yor, g\u00fcveniyor. Ayn\u0131 anlay\u0131\u015fla Yeni\u015fehir i\u00e7in \u00e7al\u0131\u015fmaya devam edece\u011fiz.\u201d \u0130fadelerini kulland\u0131.<br \/>\nKurduklar\u0131 K\u0130GEM ve spor okullar\u0131nda binlerce vatanda\u015fa e\u011fitimler verdiklerini hat\u0131rlatan Ba\u015fkan Abdullah \u00d6zyi\u011fit, \u201cYa\u015fam\u0131n her alan\u0131nda, herkes i\u00e7in sa\u011fl\u0131kl\u0131 hareket dedik. Spor okullar\u0131 kurduk. Yoktu, \u015fimdi var. 7 bin 500 \u00e7ocuk ve gencimize e\u011fitim verdik.  \u00c7ocuklar\u0131m\u0131z\u0131 k\u00f6t\u00fc al\u0131\u015fkanl\u0131klardan, internet ba\u011f\u0131ml\u0131l\u0131\u011f\u0131ndan uzak tutmaya \u00e7al\u0131\u015ft\u0131k. Yeni\u015fehirli \u00e7ocuklar, gelece\u011fin y\u0131ld\u0131zlar\u0131, gelece\u011fin sporcular\u0131 olacak. Biz onlara inan\u0131yoruz. Onlar\u0131 destekliyoruz.  K\u0130GEM\u2019i kurduk. 7\u2019den 77\u2019ye 6 bin 500 Yeni\u015fehirliye 21 farkl\u0131 bran\u015fta sanat e\u011fitimi verdik.  7 ya\u015f\u0131nda bale e\u011fitimi alan da var. 40 ya\u015f\u0131nda resim kursuna gelen de var.\u201d \u015feklinde konu\u015ftu.<br \/>\n\u201cUNICEF yetkilileri projemizi yerinde incelemek istediklerini s\u00f6ylediler.\u201d<br \/>\nErken \u00c7ocukluk Geli\u015fimi Projesi ile Yeni\u015fehir\u2019den bir \u00e7oban ate\u015fi yakt\u0131klar\u0131n\u0131 ifade eden Ba\u015fkan \u00d6zyi\u011fit, Birle\u015fmi\u015f Milletler \u00c7ocuklara Yard\u0131m Fonu(UNICEF)\u2019nun projelerini yerinde incelemek istediklerini hat\u0131rlatt\u0131. \u00d6zyi\u011fit, \u201c\u00c7ocuklar\u0131m\u0131z bizim hassas noktam\u0131z. Onlar bizim gelece\u011fimiz. \u00c7ocuklar\u0131m\u0131z\u0131n geli\u015fimlerini desteklemek ve ebeveynleri e\u011fitmek amac\u0131yla 2019 y\u0131l\u0131nda hayata ge\u00e7irdi\u011fimiz Erken \u00c7ocukluk Geli\u015fimi Projesi ile T\u00fcrkiye\u2019de bir ilke imza att\u0131k.  Bu alanda proje geli\u015ftiren T\u00fcrkiye\u2019deki ilk kurum olduk.  \u0130\u015f birli\u011fi yapt\u0131\u011f\u0131m\u0131z Marmara \u00dcniversitesinden Prof. Dr. Ozana Ural, \u2018Bu projenin meyvelerini belki 20 y\u0131l sonra g\u00f6receksiniz. Yani kendi se\u00e7im d\u00f6nemi d\u0131\u015f\u0131na yat\u0131r\u0131m yapan ilk ba\u015fkans\u0131n\u0131z\u2019  dedi.\u2018Se\u00e7imler i\u00e7in de\u011fil, gelecek nesiller i\u00e7in \u00e7al\u0131\u015f\u0131yoruz,\u2019 dedik.  Yeni\u015fehir\u2019den bir \u00e7oban ate\u015fi yakt\u0131k. Yolumuza devam ettik.  Projemiz kapsam\u0131nda 2 BETEM in\u015fa ederek, hizmete a\u00e7t\u0131k. Bunlar da T\u00fcrkiye\u2019de ilk.  Cumhurba\u015fkanl\u0131\u011f\u0131 Strateji ve B\u00fct\u00e7e Ba\u015fkanl\u0131\u011f\u0131ndan davet ald\u0131k. Projemizi anlatt\u0131k.  UNICEF yetkilileri projemizi yerinde incelemek istediklerini s\u00f6ylediler.  Umuyoruz ki t\u00fcm T\u00fcrkiye\u2019de uygulanacak, m\u00fcfredata girecek.  \u0130\u015fte bizim Belediyecilik anlay\u0131\u015f\u0131m\u0131z bu.  \u00d6rnek olan, \u00f6n a\u00e7an i\u015fler yapmak.\u201d \u015feklinde konu\u015ftu.<br \/>\nYeni\u015fehir\u2019e \u00fc\u00e7 k\u00fct\u00fcphane kazand\u0131rd\u0131klar\u0131n\u0131 ve Mersin\u2019in en b\u00fcy\u00fck k\u00fct\u00fcphanesini de in\u015fa edeceklerini s\u00f6yleyen Ba\u015fkan \u00d6zyi\u011fit, \u201cGeli\u015fim de\u011ferlendirme uygulamalar\u0131 yapt\u0131k.  Geli\u015fimsel problemleri olan \u00e7ocuklar\u0131m\u0131z\u0131 belirliyoruz.  Biliyorsunuz erken te\u015fhis, erken tedavi hayat kurtar\u0131yor.  Bebek K\u00fct\u00fcphanesi a\u00e7t\u0131k, T\u00fcrkiye\u2019de bir ilk oldu.  \u00dclk\u00fc Ongun K\u00fct\u00fcphanesi a\u00e7t\u0131k.  Nuri Ulusu K\u00fct\u00fcphanesi a\u00e7t\u0131k.  \u00c7ocuklar\u0131m\u0131z faydalan\u0131yor, ders \u00e7al\u0131\u015f\u0131yorlar.  Hepsi de t\u0131kl\u0131m t\u0131kl\u0131m. \u0130htiya\u00e7 vard\u0131, yapt\u0131k.  Yapmaya devam edece\u011fiz.  \u015eimdi de Mersin\u2019in en b\u00fcy\u00fck k\u00fct\u00fcphanesini yap\u0131yoruz. GMK Bulvar\u0131 \u00fczerinde, Mersin\u2019in en yo\u011fun, en g\u00fczel b\u00f6lgesinde. Orada bir de \u00e7ocuk k\u00fct\u00fcphanesi olacak. Kentimize hay\u0131rl\u0131 olmas\u0131n\u0131 diliyorum.\u201d dedi.<\/p>\n","protected":false},"excerpt":{"rendered":"<p>Yeni\u015fehir Belediye Ba\u015fkan\u0131 ve Cumhuriyet Halk Partisi(CHP) Yeni\u015fehir Belediye Ba\u015fkan Aday\u0131 Abdullah \u00d6zyi\u011fit, Bah\u00e7elievler, \u0130n\u00f6n\u00fc ve Akkent mahallelerinde Yeni\u015fehirlilerle bir araya geldi. Ba\u015fkan \u00d6zyi\u011fit\u2019e mahalle bulu\u015fmalar\u0131nda yo\u011fun ilgi g\u00f6steren vatanda\u015flar &hellip; <a href=\"https:\/\/akdenizolaygazetesi.com\/?p=29998\" class=\"more-link\">Devam\u0131n\u0131 Oku&#8230;<\/a><\/p>\n","protected":false},"author":2,"featured_media":29999,"comment_status":"open","ping_status":"open","sticky":false,"template":"","format":"standard","meta":[],"categories":[1,2,3],"tags":[],"_links":{"self":[{"href":"https:\/\/akdenizolaygazetesi.com\/index.php?rest_route=\/wp\/v2\/posts\/29998"}],"collection":[{"href":"https:\/\/akdenizolaygazetesi.com\/index.php?rest_route=\/wp\/v2\/posts"}],"about":[{"href":"https:\/\/akdenizolaygazetesi.com\/index.php?rest_route=\/wp\/v2\/types\/post"}],"author":[{"embeddable":true,"href":"https:\/\/akdenizolaygazetesi.com\/index.php?rest_route=\/wp\/v2\/users\/2"}],"replies":[{"embeddable":true,"href":"https:\/\/akdenizolaygazetesi.com\/index.php?rest_route=%2Fwp%2Fv2%2Fcomments&post=29998"}],"version-history":[{"count":1,"href":"https:\/\/akdenizolaygazetesi.com\/index.php?rest_route=\/wp\/v2\/posts\/29998\/revisions"}],"predecessor-version":[{"id":30000,"href":"https:\/\/akdenizolaygazetesi.com\/index.php?rest_route=\/wp\/v2\/posts\/29998\/revisions\/30000"}],"wp:featuredmedia":[{"embeddable":true,"href":"https:\/\/akdenizolaygazetesi.com\/index.php?rest_route=\/wp\/v2\/media\/29999"}],"wp:attachment":[{"href":"https:\/\/akdenizolaygazetesi.com\/index.php?rest_route=%2Fwp%2Fv2%2Fmedia&parent=29998"}],"wp:term":[{"taxonomy":"category","embeddable":true,"href":"https:\/\/akdenizolaygazetesi.com\/index.php?rest_route=%2Fwp%2Fv2%2Fcategories&post=29998"},{"taxonomy":"post_tag","embeddable":true,"href":"https:\/\/akdenizolaygazetesi.com\/index.php?rest_route=%2Fwp%2Fv2%2Ftags&post=29998"}],"curies":[{"name":"wp","href":"https:\/\/api.w.org\/{rel}","templated":true}]}}