{"id":30001,"date":"2024-03-11T12:38:57","date_gmt":"2024-03-11T09:38:57","guid":{"rendered":"http:\/\/akdenizolaygazetesi.com\/?p=30001"},"modified":"2024-03-11T12:38:57","modified_gmt":"2024-03-11T09:38:57","slug":"baskan-secer-mezitli-cemevi-acilisina-katildi","status":"publish","type":"post","link":"https:\/\/akdenizolaygazetesi.com\/?p=30001","title":{"rendered":"BA\u015eKAN SE\u00c7ER, MEZ\u0130TL\u0130 CEMEV\u0130 A\u00c7ILI\u015eI&#8217;NA KATILDI"},"content":{"rendered":"<p>Mersin B\u00fcy\u00fck\u015fehir Belediye Ba\u015fkan\u0131 ve Cumhuriyet Halk Partisi (CHP) Mersin B\u00fcy\u00fck\u015fehir Belediye Ba\u015fkan Aday\u0131 Vahap Se\u00e7er, Alevi K\u00fclt\u00fcr Dernekleri Mezitli Cemevi&#8217;nin a\u00e7\u0131l\u0131\u015f\u0131na kat\u0131ld\u0131.<\/p>\n<p>Alevi K\u00fclt\u00fcr Dernekleri Mezitli \u015eubesi Semah Ekibi&#8217;nin semah d\u00f6nmesiyle ba\u015flayan program, konu\u015fmalarla devam etti.<\/p>\n<p>Ba\u015fkan Se\u00e7er: &#8220;Bir bebek hassasiyeti ile demokrasiyi korumak laz\u0131m&#8221;<\/p>\n<p>Mersin&#8217;in T\u00fcrkiye&#8217;nin bir yans\u0131mas\u0131 niteli\u011finde oldu\u011funu kaydeden Ba\u015fkan Vahap Se\u00e7er, &#8220;\u00d6zellikle siyasilerinin bu kentin sosyolojik, k\u00fclt\u00fcrel, demografik ger\u00e7e\u011fi ile hareket etmesi laz\u0131m. Hem s\u00f6ylemlerinde hem belediye ba\u015fkan\u0131 ise y\u00f6netim anlay\u0131\u015flar\u0131nda buna \u00f6zen g\u00f6stermeleri laz\u0131m. 5 y\u0131ll\u0131k hizmet s\u00fcrem boyunca hep buna \u00f6zen g\u00f6sterdim. Anamur&#8217;dan Tarsus&#8217;a kadar insanlar\u0131n ne siyasi farkl\u0131l\u0131klar\u0131n\u0131, ne etnik yap\u0131lar\u0131n\u0131, ne mezheplerini,  ne me\u015freplerini g\u00f6zettik. Hep bu felsefeyle hareket ettik&#8221; dedi.  <\/p>\n<p>Bir insan\u0131n kimli\u011finin, k\u00fclt\u00fcr\u00fcn\u00fcn onun onuru oldu\u011funu kaydeden Se\u00e7er, &#8220;Anadolu topraklar\u0131 \u00e7ok kadim topraklard\u0131r, bir\u00e7ok farkl\u0131l\u0131klar var. Gazi Mustafa Kemal Atat\u00fcrk&#8217;\u00fcn kapsay\u0131c\u0131, kucaklay\u0131c\u0131, bir \u00e7at\u0131 alt\u0131nda 72 milleti bir araya getirerek, bize laik, demokratik, sosyal, hukuk T\u00fcrkiye Cumhuriyeti&#8217;ni kurdu\u011fu tarihten bug\u00fcne kadar, T\u00fcrkiye siyasal anlamda zaman zaman \u00e7ok karma\u015f\u0131k d\u00f6nemler, stabil yap\u0131lar ve sorunlar ya\u015fad\u0131. T\u00fcrkiye demokrasi tarihine bak\u0131n hep b\u00f6yle olmu\u015ftur. Demokrasinin alt\u0131n\u0131 da bir\u00e7ok kavramla ta\u00e7land\u0131rabiliriz, 10 senede 50 senede 100 senede yeti\u015fecek olgunla\u015facak bir kavram de\u011fildir. Bir bebek hassasiyeti ile demokrasiyi korumak laz\u0131m. Onu b\u00fcy\u00fctmek, geli\u015ftirmek, olgunla\u015ft\u0131rmak laz\u0131m&#8221; s\u00f6zlerine yer verdi.<\/p>\n<p>Cemevlerinin ibadethane stat\u00fcs\u00fc almas\u0131n\u0131n Parlamento g\u00fcndemine \u00f6nceki d\u00f6nemlerde s\u0131k s\u0131k geldi\u011fini kaydeden Se\u00e7er, &#8220;Dikkat ediyorum, yakla\u015f\u0131k son 5-10 y\u0131ld\u0131r bunlar da konu\u015fulmuyor. Hat\u0131rlay\u0131n bu konuda Alevi \u00f6nderlerinin de oldu\u011fu komisyonlar olu\u015fturulmu\u015ftu. Bir s\u00fcre\u00e7 ve bir emek harcanm\u0131\u015ft\u0131 ama sonuca eri\u015filememi\u015fti. Ben biliyorum T\u00fcrkiye Parlamentosu, T\u00fcrkiye&#8217;nin bu ger\u00e7e\u011fi \u00e7er\u00e7evesinde Alevi canlar\u0131n hakl\u0131 taleplerini de olgunlukla de\u011ferlendirilecek ve ekseriyetle bu konuda yasal d\u00fczenlemeleri yapacakt\u0131r. Buna inan\u0131yorum&#8221; dedi.<\/p>\n<p>&#8220;Sizleri seviyorum, say\u0131yorum. Cemevimiz hay\u0131rl\u0131 u\u011furlu olsun&#8221;<\/p>\n<p>Belediye Ba\u015fkan\u0131 olarak her inan\u00e7 grubundan vatanda\u015f\u0131n taleplerini yerine getirmeye \u00e7al\u0131\u015ft\u0131klar\u0131n\u0131 kaydeden Se\u00e7er, &#8220;Yapt\u0131\u011f\u0131m\u0131z hizmet sizlerin bize \u00f6dedikleri vergiden ald\u0131\u011f\u0131m\u0131z kaynaklarla harcamalar\u0131m\u0131z\u0131 yapt\u0131\u011f\u0131m\u0131z hizmetlerdir. Kim gelirse gelsin, kim olursa olsun herhangi bir ayr\u0131ma maruz b\u0131rakmadan onlar\u0131n taleplerini yerine getirmeye \u00e7al\u0131\u015f\u0131r\u0131z&#8221; ifadelerine yer verdi.<\/p>\n<p>Vatanda\u015f\u0131n vergilerinden gelen \u00f6denekleri vatanda\u015fa hizmet olarak aktarmaya devam edeceklerini kaydeden Se\u00e7er, &#8220;Bundan hi\u00e7 kimsenin endi\u015fesi olmas\u0131n. Yeter ki talepler makul olsun. Herkes her \u015feyi hak ediyor. Mersinimiz h\u0131zla geli\u015fiyor ama Mersinimizde beraber ya\u015fama arzusu da geli\u015fiyor. O anlay\u0131\u015fla olgunla\u015f\u0131yor. Bunu memnuniyetle takip ediyorum. Bu k\u00fclt\u00fcrel zenginlik asl\u0131nda Mersin&#8217;e yarar getirecek bir dinamizmi, bir potansiyeli a\u00e7\u0131\u011fa \u00e7\u0131kar\u0131yor. Bunu da unutmamak laz\u0131m. Sizleri seviyorum, say\u0131yorum. Cemevimiz hay\u0131rl\u0131 u\u011furlu olsun&#8221; diyerek konu\u015fmas\u0131na son verdi.<\/p>\n<p>Ko\u00e7: &#8220;Halk\u0131m\u0131z yap\u0131lan yard\u0131m ve destekleri g\u00f6r\u00fcyor, hi\u00e7bir zaman da unutmaz&#8221;<\/p>\n<p>Alevi K\u00fclt\u00fcr Dernekleri Mezitli \u015eube Ba\u015fkan\u0131 Ferdi Ko\u00e7 da, Mezitli&#8217;de Cemevi&#8217;nin 2009 y\u0131l\u0131ndan bu yana faaliyet g\u00f6sterdi\u011fini ve b\u00f6lgede Alevilerin hem k\u00fclt\u00fcrel hem inan\u00e7 anlam\u0131nda \u00f6nemli ihtiya\u00e7lar\u0131na kar\u015f\u0131l\u0131k verdi\u011fini dile getirdi. Cemevi&#8217;ne yap\u0131lan desteklerden bahseden Ko\u00e7, &#8220;Gerek B\u00fcy\u00fck\u015fehir Belediye Ba\u015fkan\u0131m\u0131z\u0131n gerekse il\u00e7e belediye ba\u015fkanlar\u0131m\u0131z\u0131n buraya sunduklar\u0131 katk\u0131lar var. Bu katk\u0131lar\u0131n, \u00f6zellikle de bir inanca yap\u0131lan yard\u0131mlar\u0131n bo\u015fa gitmedi\u011fini g\u00f6r\u00fcyoruz. Halk\u0131m\u0131z da bunu g\u00f6r\u00fcyor ve hi\u00e7bir zaman da bunu unutmayacakt\u0131r&#8221; dedi.  <\/p>\n<p>Alevilerin ya\u015fad\u0131\u011f\u0131 zorluklar oldu\u011funu da dile getiren Ko\u00e7, \u00f6rg\u00fctl\u00fc olman\u0131n \u00f6nemine de\u011finerek; &#8220;Aleviler, kendi sorunlar\u0131n\u0131 \u00e7\u00f6zebilmek i\u00e7in \u00f6rg\u00fctl\u00fc olmak zorundad\u0131r. Aleviler kendi sorunlar\u0131n\u0131 ve inan\u00e7 sorunlar\u0131n\u0131 \u00e7\u00f6zebilmeleri i\u00e7in her noktada bir araya gelip, ger\u00e7ekten bu var olan hakl\u0131l\u0131\u011f\u0131n kar\u015f\u0131s\u0131nda direnmeleri gerekti\u011fine inan\u0131yor. Sadece inan\u00e7 meselesinde de\u011fil, siyasal, sosyal, ekonomik her anlamda kendi varl\u0131\u011f\u0131n\u0131, kendi iradelerini, kendi g\u00fcc\u00fcn\u00fc ortaya koymalar\u0131 gerekiyor&#8221; ifadelerini kulland\u0131.<\/p>\n<p>Konu\u015fmalar\u0131n ard\u0131ndan Cemevi&#8217;nin a\u00e7\u0131l\u0131\u015f\u0131 ger\u00e7ekle\u015ftirildi. Program, Grup Abdal konseriyle sona erdi.<\/p>\n","protected":false},"excerpt":{"rendered":"<p>Mersin B\u00fcy\u00fck\u015fehir Belediye Ba\u015fkan\u0131 ve Cumhuriyet Halk Partisi (CHP) Mersin B\u00fcy\u00fck\u015fehir Belediye Ba\u015fkan Aday\u0131 Vahap Se\u00e7er, Alevi K\u00fclt\u00fcr Dernekleri Mezitli Cemevi&#8217;nin a\u00e7\u0131l\u0131\u015f\u0131na kat\u0131ld\u0131. Alevi K\u00fclt\u00fcr Dernekleri Mezitli \u015eubesi Semah Ekibi&#8217;nin &hellip; <a href=\"https:\/\/akdenizolaygazetesi.com\/?p=30001\" class=\"more-link\">Devam\u0131n\u0131 Oku&#8230;<\/a><\/p>\n","protected":false},"author":2,"featured_media":30002,"comment_status":"open","ping_status":"open","sticky":false,"template":"","format":"standard","meta":[],"categories":[3],"tags":[],"_links":{"self":[{"href":"https:\/\/akdenizolaygazetesi.com\/index.php?rest_route=\/wp\/v2\/posts\/30001"}],"collection":[{"href":"https:\/\/akdenizolaygazetesi.com\/index.php?rest_route=\/wp\/v2\/posts"}],"about":[{"href":"https:\/\/akdenizolaygazetesi.com\/index.php?rest_route=\/wp\/v2\/types\/post"}],"author":[{"embeddable":true,"href":"https:\/\/akdenizolaygazetesi.com\/index.php?rest_route=\/wp\/v2\/users\/2"}],"replies":[{"embeddable":true,"href":"https:\/\/akdenizolaygazetesi.com\/index.php?rest_route=%2Fwp%2Fv2%2Fcomments&post=30001"}],"version-history":[{"count":1,"href":"https:\/\/akdenizolaygazetesi.com\/index.php?rest_route=\/wp\/v2\/posts\/30001\/revisions"}],"predecessor-version":[{"id":30003,"href":"https:\/\/akdenizolaygazetesi.com\/index.php?rest_route=\/wp\/v2\/posts\/30001\/revisions\/30003"}],"wp:featuredmedia":[{"embeddable":true,"href":"https:\/\/akdenizolaygazetesi.com\/index.php?rest_route=\/wp\/v2\/media\/30002"}],"wp:attachment":[{"href":"https:\/\/akdenizolaygazetesi.com\/index.php?rest_route=%2Fwp%2Fv2%2Fmedia&parent=30001"}],"wp:term":[{"taxonomy":"category","embeddable":true,"href":"https:\/\/akdenizolaygazetesi.com\/index.php?rest_route=%2Fwp%2Fv2%2Fcategories&post=30001"},{"taxonomy":"post_tag","embeddable":true,"href":"https:\/\/akdenizolaygazetesi.com\/index.php?rest_route=%2Fwp%2Fv2%2Ftags&post=30001"}],"curies":[{"name":"wp","href":"https:\/\/api.w.org\/{rel}","templated":true}]}}