{"id":30039,"date":"2024-03-13T12:36:12","date_gmt":"2024-03-13T09:36:12","guid":{"rendered":"http:\/\/akdenizolaygazetesi.com\/?p=30039"},"modified":"2024-03-13T12:36:12","modified_gmt":"2024-03-13T09:36:12","slug":"%e2%80%8bmersinde-makine-ikmal-egitimleri-tamamlandi","status":"publish","type":"post","link":"https:\/\/akdenizolaygazetesi.com\/?p=30039","title":{"rendered":"\u200bMersin\u2019de Makine \u0130kmal E\u011fitimleri Tamamland\u0131"},"content":{"rendered":"<p>Mersin Orman B\u00f6lge M\u00fcd\u00fcrl\u00fc\u011f\u00fc, Makine \u0130kmal \u015eube M\u00fcd\u00fcrl\u00fc\u011f\u00fcnce 2024 Y\u0131l\u0131 E\u011fitimleri 9 Orman \u0130\u015fletme M\u00fcd\u00fcrl\u00fc\u011f\u00fcnde tamamland\u0131. <\/p>\n<p>E\u011fitim Makine ve \u0130kmal \u015eube M\u00fcd\u00fcr\u00fc Kaz\u0131m Karadeniz ba\u015fkanl\u0131\u011f\u0131nda, Makine M\u00fchendisi B\u00fclent Demirci, Anamur, Bozyaz\u0131, \u00c7aml\u0131yayla, Erdemli, G\u00fclnar, Mut, Silifke, Tarsus, ve Mersin \u0130\u015fletme M\u00fcd\u00fcrl\u00fckleri, \u0130\u015fletme M\u00fcd\u00fcr Yard\u0131mc\u0131lar\u0131, \u0130\u015fletme \u015eefleri, Emlak \u015eefleri, Ta\u015f\u0131nmaz Kay\u0131t Kontrol Yetkilileri, Teknik Elemanlar, Orman Muhafaza Memurlar\u0131, \u0130\u015fletme M\u00fcd\u00fcrl\u00fcklerindeki Makine \u0130kmal Servis Memurlar\u0131, Operat\u00f6rler ve Hizmet Vas\u0131talar\u0131 \u015eof\u00f6rleri kat\u0131l\u0131m sa\u011flad\u0131. <\/p>\n<p>B\u00f6lge M\u00fcd\u00fcrl\u00fc\u011f\u00fcm\u00fcz, 2024 y\u0131l\u0131 E\u011fitim Program\u0131 kapsam\u0131nda yap\u0131lacak olan yeni orman yollar\u0131, bak\u0131m onar\u0131m, \u00fcst yap\u0131, trakt\u00f6r yollar\u0131, yang\u0131n emniyet yollar\u0131 yap\u0131m\u0131, yol planlamas\u0131 ve et\u00fct aplikasyon i\u015fleri ile sanat yap\u0131lar\u0131, yeni bina in\u015faat i\u015fleri ve onar\u0131m i\u015fleri ile i\u015f \u00fcretim, koruma makineleri ile hizmet vas\u0131talar\u0131n\u0131n g\u00fcnl\u00fck bak\u0131mlar\u0131, periyodik bak\u0131mlar\u0131, onar\u0131mlar\u0131 ve kullan\u0131mlar\u0131 hakk\u0131nda bilgiler aktar\u0131larak hizmet i\u00e7i e\u011fitim tamamlanm\u0131\u015ft\u0131r. \u00a0<\/p>\n","protected":false},"excerpt":{"rendered":"<p>Mersin Orman B\u00f6lge M\u00fcd\u00fcrl\u00fc\u011f\u00fc, Makine \u0130kmal \u015eube M\u00fcd\u00fcrl\u00fc\u011f\u00fcnce 2024 Y\u0131l\u0131 E\u011fitimleri 9 Orman \u0130\u015fletme M\u00fcd\u00fcrl\u00fc\u011f\u00fcnde tamamland\u0131. E\u011fitim Makine ve \u0130kmal \u015eube M\u00fcd\u00fcr\u00fc Kaz\u0131m Karadeniz ba\u015fkanl\u0131\u011f\u0131nda, Makine M\u00fchendisi B\u00fclent Demirci, Anamur, &hellip; <a href=\"https:\/\/akdenizolaygazetesi.com\/?p=30039\" class=\"more-link\">Devam\u0131n\u0131 Oku&#8230;<\/a><\/p>\n","protected":false},"author":2,"featured_media":30040,"comment_status":"open","ping_status":"open","sticky":false,"template":"","format":"standard","meta":[],"categories":[3],"tags":[],"_links":{"self":[{"href":"https:\/\/akdenizolaygazetesi.com\/index.php?rest_route=\/wp\/v2\/posts\/30039"}],"collection":[{"href":"https:\/\/akdenizolaygazetesi.com\/index.php?rest_route=\/wp\/v2\/posts"}],"about":[{"href":"https:\/\/akdenizolaygazetesi.com\/index.php?rest_route=\/wp\/v2\/types\/post"}],"author":[{"embeddable":true,"href":"https:\/\/akdenizolaygazetesi.com\/index.php?rest_route=\/wp\/v2\/users\/2"}],"replies":[{"embeddable":true,"href":"https:\/\/akdenizolaygazetesi.com\/index.php?rest_route=%2Fwp%2Fv2%2Fcomments&post=30039"}],"version-history":[{"count":1,"href":"https:\/\/akdenizolaygazetesi.com\/index.php?rest_route=\/wp\/v2\/posts\/30039\/revisions"}],"predecessor-version":[{"id":30041,"href":"https:\/\/akdenizolaygazetesi.com\/index.php?rest_route=\/wp\/v2\/posts\/30039\/revisions\/30041"}],"wp:featuredmedia":[{"embeddable":true,"href":"https:\/\/akdenizolaygazetesi.com\/index.php?rest_route=\/wp\/v2\/media\/30040"}],"wp:attachment":[{"href":"https:\/\/akdenizolaygazetesi.com\/index.php?rest_route=%2Fwp%2Fv2%2Fmedia&parent=30039"}],"wp:term":[{"taxonomy":"category","embeddable":true,"href":"https:\/\/akdenizolaygazetesi.com\/index.php?rest_route=%2Fwp%2Fv2%2Fcategories&post=30039"},{"taxonomy":"post_tag","embeddable":true,"href":"https:\/\/akdenizolaygazetesi.com\/index.php?rest_route=%2Fwp%2Fv2%2Ftags&post=30039"}],"curies":[{"name":"wp","href":"https:\/\/api.w.org\/{rel}","templated":true}]}}