{"id":3005,"date":"2020-11-04T18:23:29","date_gmt":"2020-11-04T15:23:29","guid":{"rendered":"http:\/\/mersinekonomipolitikagazetesi.com\/?p=3005"},"modified":"2020-11-04T18:23:29","modified_gmt":"2020-11-04T15:23:29","slug":"yurek-burkan-dava","status":"publish","type":"post","link":"https:\/\/akdenizolaygazetesi.com\/?p=3005","title":{"rendered":"Y\u00dcREK  BURKAN DAVA"},"content":{"rendered":"<p>2 k\u0131z\u0131n\u0131 kazada kaybeden annenin mahkemedeki s\u00f6zleri y\u00fcrek s\u0131zlatt\u0131.  Anne \u00d6zlem \u00c7akmak\u00e7\u0131, &#8220;Siz hi\u00e7 2 evlad\u0131n\u0131z\u0131 birden kaybettiniz mi hakim bey? Benim hayat\u0131m kayd\u0131. Geceleri \u00fcst\u00fcn\u00fc \u00f6rtmeye k\u0131yamad\u0131\u011f\u0131m yavrular\u0131m yok art\u0131k. Ben ya\u015fam\u0131yorum sadece nefes al\u0131yorum.&#8221; dedi.<\/p>\n<p>Mersin&#8217;de 6 ya\u015f\u0131ndaki Ekin ve 9 ya\u015f\u0131ndaki Evrim \u00c7akmak\u00e7\u0131 karde\u015flerin \u00f6l\u00fcm\u00fc, teyzeleri \u0130lknur Emine Yal\u00e7\u0131n&#8217;\u0131n yaralanmas\u0131yla sonu\u00e7lanan trafik kazas\u0131na ili\u015fkin davan\u0131n ilk duru\u015fmas\u0131 g\u00f6r\u00fcld\u00fc.\u00a0<br \/>\nMersin 5. A\u011f\u0131r Ceza Mahkemesi&#8217;ndeki davaya tutuklu yarg\u0131lanan ara\u00e7 s\u00fcr\u00fcc\u00fcs\u00fc Ramazan Topal (69) ve avukatlar\u0131 ile kazada hayat\u0131n\u0131 kaybeden Ekin ve Evrim \u00c7akmak\u00e7\u0131&#8217;n\u0131n yak\u0131nlar\u0131 ve avukatlar\u0131 kat\u0131ld\u0131. Mahkemede savunma yapan san\u0131k Ramazan Topal, &#8220;Bu olay aileden sonra en \u00e7ok beni \u00fczd\u00fc. Allah yavrular\u0131m\u0131z\u0131n mekanlar\u0131n\u0131 cennet eylesin. 69 ya\u015f\u0131nday\u0131m. Bu ya\u015f\u0131ma kadar hi\u00e7bir su\u00e7a bula\u015fmad\u0131m. Olay, beni ve ailemi \u00e7ok \u00fczd\u00fc&#8221; dedi.\u00a0<\/p>\n<p>&#8220;B\u00f6lgede \u0131\u015f\u0131kland\u0131rma yok, kar\u015f\u0131dan gelen arac\u0131n far\u0131 g\u00f6z\u00fcm\u00fc ald\u0131&#8221;<br \/>\n\u00a0<br \/>\nDuru\u015fmadaki ifadesinde, olay g\u00fcn\u00fc ailesiyle yaylaya gitmek \u00fczere yola \u00e7\u0131kt\u0131klar\u0131n\u0131 aktaran Topal, &#8220;Annem, e\u015fim, k\u0131z\u0131m ve torunum arabam\u0131za binmi\u015f, yaylaya gidiyorduk. Kazan\u0131n ger\u00e7ekle\u015fti\u011fi yerde insanlar\u0131n 2&#8217;\u015fer 3&#8217;er ki\u015filik halde kar\u015f\u0131ya y\u00fcr\u00fcd\u00fc\u011f\u00fcn\u00fc g\u00f6rd\u00fcm. O b\u00f6lgede \u0131\u015f\u0131kland\u0131rma yok. Keskin bir viraj var. Bende refleksten dolay\u0131 viraj\u0131 i\u00e7ten ald\u0131m. O s\u0131rada kar\u015f\u0131dan gelen arac\u0131n \u0131\u015f\u0131\u011f\u0131 g\u00f6z\u00fcm\u00fc ald\u0131. K\u0131z\u0131m, &#8216;baba dikkat&#8217; dedi. Fakat ben ses geldikten sonra sa\u011fa \u00e7ekip durdum. Yaral\u0131lar\u0131n yan\u0131na gittim. &#8216;Ambulans \u00e7a\u011f\u0131r\u0131n&#8217; diye ba\u011f\u0131rd\u0131m. Arabada 5 ki\u015fi oldu\u011fumuz i\u00e7in ve y\u00fck\u00fcm\u00fczde oldu\u011fu i\u00e7in suratli de\u011fildim. Ortalama 45-50 kilometre h\u0131zla ilerliyordum. Ben b\u00f6lge \u0131\u015f\u0131kland\u0131rma olmamas\u0131 ve yaya ge\u00e7idinin o b\u00f6lgede olmamas\u0131 gerek\u00e7esiyle karayollar\u0131ndan \u015fikayet\u00e7iyim&#8221; diye konu\u015ftu.\u00a0<\/p>\n<p>San\u0131ktan \u015fikayet\u00e7i oldu\u011funu belirten anne \u00d6zlem \u00c7akmak\u00e7\u0131&#8217;n\u0131n s\u00f6zleri ise y\u00fcrekleri s\u0131zlatt\u0131. \u00c7akmak\u00e7\u0131, &#8220;Siz hi\u00e7 2 evlad\u0131n\u0131z\u0131 birden kaybettiniz mi hakim bey? Benim hayat\u0131m kayd\u0131. Geceleri \u00fcst\u00fcn\u00fc \u00f6rtmeye k\u0131yamad\u0131\u011f\u0131m yavrular\u0131m yok art\u0131k. Ben ya\u015fam\u0131yorum sadece nefes al\u0131yorum. \u015eikayet\u00e7iyim&#8221; ifadelerini kulland\u0131. Kaza g\u00fcn\u00fc k\u00fc\u00e7\u00fck k\u0131zlar\u0131n yan\u0131nda olan ve kazada a\u011f\u0131r yaralanan teyzeleri \u0130lknur Yal\u00e7\u0131n, &#8220;Ben olayda yaraland\u0131\u011f\u0131m i\u00e7in travma ya\u015fad\u0131m ve olay\u0131 unuttum. Ancak bana anlat\u0131lanlar kadar\u0131yla arac\u0131n \u00e7ok h\u0131zl\u0131 geldi\u011fini biliyorum. Biz yaya ge\u00e7idini kullanarak kar\u015f\u0131ya ge\u00e7ecektik. Can\u0131mdan \u00e7ok sevdiklerimin can\u0131na k\u0131yd\u0131. \u015eikayet\u00e7iyim&#8221; \u015feklinde konu\u015ftu.\u00a0<br \/>\nBaba Ali \u00c7akmak\u00e7\u0131 da san\u0131\u011f\u0131n ifadelerini samimi bulmad\u0131\u011f\u0131n\u0131 belirterek, &#8220;Yolda e\u011fer bir kusur var ise sizin de h\u0131z\u0131n\u0131z\u0131 ona g\u00f6re ayarlaman\u0131z gerekir. Ben bunu direk cinayet olarak g\u00f6r\u00fcyorum&#8221; diye konu\u015ftu.\u00a0<\/p>\n<p>&#8220;Olayda kas\u0131t yoktur&#8221;<br \/>\n\u00a0<br \/>\nSan\u0131\u011f\u0131n avukat\u0131, &#8220;Bu olaylar\u0131n tekrarlanmamas\u0131 i\u00e7in bizim ger\u00e7e\u011fi g\u00f6rmemiz laz\u0131m. Bu olayda kas\u0131t yoktur. Kaza yerinde yaya yolu yok, ayd\u0131nlatma yok, tehlikeli e\u011fim ve tehlikeli viraj var. B\u00f6lgede h\u0131z s\u0131n\u0131r\u0131 110 kilometre. S\u0131rf bir yaya ge\u00e7idi var diye oras\u0131 yaya ge\u00e7idi olmaz. Konumu \u00e7ok sak\u0131ncal\u0131 bir yerde. Zaten inceledi\u011fimizde projede de yok, sonradan yap\u0131lm\u0131\u015f. &#8216;Tek ba\u015f\u0131na \u015fof\u00f6r su\u00e7ludur&#8217; dersek, gelecek y\u0131llarda meydana gelecek kazalardan da sorumlu oluruz. Bu sebepten dolay\u0131 san\u0131\u011f\u0131n delilleri karatma ihtimali olmad\u0131\u011f\u0131 i\u00e7in tahliyesini talep ediyoruz&#8221; dedi.\u00a0<br \/>\n\u00c7akmak\u00e7\u0131 ailesinin avukatlar\u0131 ise olay\u0131n \u00e7ok vahim bir olay oldu\u011funu belirterek, &#8220;San\u0131k olayda ne frene basm\u0131\u015f, ne korna \u00e7alm\u0131\u015f ne de manevra yapm\u0131\u015ft\u0131r. Bu sebeplerden dolay\u0131 biz ke\u015fif ve h\u0131z tespiti istiyoruz. Tutukluluk halinin de devam\u0131n\u0131 istiyoruz&#8221; ifadelerini kulland\u0131.\u00a0<br \/>\nMahkeme heyeti, ke\u015fif yap\u0131lmas\u0131, h\u0131z tespiti ve usul tespiti i\u00e7in \u0130stanbul Adli T\u0131p Kurumuna incelemeye g\u00f6nderilmesi, san\u0131\u011f\u0131n tutukluluk halinin devam\u0131na karar vererek duru\u015fmay\u0131 31 Ocak tarihine erteledi.\u00a0<\/p>\n<p>&#8220;Trafik cinayetleri art\u0131k kimsenin kaderi olmas\u0131n&#8221;\u00a0<\/p>\n<p>Mahkeme \u00e7\u0131k\u0131\u015f\u0131nda gazetecilere a\u00e7\u0131klamalarda bulunan anne \u00c7akmak\u00e7\u0131, &#8220;\u00c7ok \u00fczg\u00fcn\u00fcm. Ne diyece\u011fimi bilmiyorum. Bir trafik kazas\u0131 demiyorum, bu bir trafik cinayeti. Trafik kurallar\u0131na uymayan birileri y\u00fcz\u00fcnden \u00e7ocuklar\u0131m\u0131 kaybettim. Yani bu ac\u0131n\u0131n tarifi yok. Sesimizi herkesin duymas\u0131n\u0131 istiyorum ve adalet istiyorum. Herkesin bu ac\u0131y\u0131 anlamas\u0131n\u0131 istiyorum. Ben 2 \u00e7ocu\u011fumu bir gecede kaybettim. Trafik cinayetleri art\u0131k kimsenin kaderi olmas\u0131n&#8221; dedi. Baba \u00c7akmak\u00e7\u0131 ise \u015fu ifadeleri kulland\u0131: &#8220;Bu olay tamamen bir trafik cinayetidir. Ba\u015fka \u00e7ocuklar\u0131n \u00f6lmemesi i\u00e7in m\u00fctalaaya uygun bir karar\u0131n \u00e7\u0131kaca\u011f\u0131na inan\u0131yorum.&#8221;\u00a0<\/p>\n<p>Olay an\u0131\u00a0<\/p>\n<p>Mersin&#8217;in Merkez Toroslar il\u00e7esi G\u00f6zne Yolu Sarn\u0131\u00e7 mevkiinde kuzenleri Emine Yal\u00e7\u0131n ile birlikte otomobilden inen Evrim (9) ve Ekin \u00c7akmak\u00e7\u0131 (6) adl\u0131 k\u0131z karde\u015fler, kar\u015f\u0131ya ge\u00e7mek i\u00e7in yola \u00e7\u0131kt\u0131klar\u0131 s\u0131rada, s\u00fcratle gelen Ramazan Topal y\u00f6netimindeki otomobilin \u00e7arpmas\u0131 sonucu hayat\u0131n\u0131 kaybetmi\u015f, kazada Emine Yal\u00e7\u0131n da a\u011f\u0131r yaralanm\u0131\u015ft\u0131. \u00a0<\/p>\n","protected":false},"excerpt":{"rendered":"<p>2 k\u0131z\u0131n\u0131 kazada kaybeden annenin mahkemedeki s\u00f6zleri y\u00fcrek s\u0131zlatt\u0131. Anne \u00d6zlem \u00c7akmak\u00e7\u0131, &#8220;Siz hi\u00e7 2 evlad\u0131n\u0131z\u0131 birden kaybettiniz mi hakim bey? Benim hayat\u0131m kayd\u0131. Geceleri \u00fcst\u00fcn\u00fc \u00f6rtmeye k\u0131yamad\u0131\u011f\u0131m yavrular\u0131m yok &hellip; <a href=\"https:\/\/akdenizolaygazetesi.com\/?p=3005\" class=\"more-link\">Devam\u0131n\u0131 Oku&#8230;<\/a><\/p>\n","protected":false},"author":1,"featured_media":0,"comment_status":"open","ping_status":"open","sticky":false,"template":"","format":"standard","meta":[],"categories":[],"tags":[],"_links":{"self":[{"href":"https:\/\/akdenizolaygazetesi.com\/index.php?rest_route=\/wp\/v2\/posts\/3005"}],"collection":[{"href":"https:\/\/akdenizolaygazetesi.com\/index.php?rest_route=\/wp\/v2\/posts"}],"about":[{"href":"https:\/\/akdenizolaygazetesi.com\/index.php?rest_route=\/wp\/v2\/types\/post"}],"author":[{"embeddable":true,"href":"https:\/\/akdenizolaygazetesi.com\/index.php?rest_route=\/wp\/v2\/users\/1"}],"replies":[{"embeddable":true,"href":"https:\/\/akdenizolaygazetesi.com\/index.php?rest_route=%2Fwp%2Fv2%2Fcomments&post=3005"}],"version-history":[{"count":0,"href":"https:\/\/akdenizolaygazetesi.com\/index.php?rest_route=\/wp\/v2\/posts\/3005\/revisions"}],"wp:attachment":[{"href":"https:\/\/akdenizolaygazetesi.com\/index.php?rest_route=%2Fwp%2Fv2%2Fmedia&parent=3005"}],"wp:term":[{"taxonomy":"category","embeddable":true,"href":"https:\/\/akdenizolaygazetesi.com\/index.php?rest_route=%2Fwp%2Fv2%2Fcategories&post=3005"},{"taxonomy":"post_tag","embeddable":true,"href":"https:\/\/akdenizolaygazetesi.com\/index.php?rest_route=%2Fwp%2Fv2%2Ftags&post=3005"}],"curies":[{"name":"wp","href":"https:\/\/api.w.org\/{rel}","templated":true}]}}