{"id":30093,"date":"2024-03-19T12:50:08","date_gmt":"2024-03-19T09:50:08","guid":{"rendered":"http:\/\/akdenizolaygazetesi.com\/?p=30093"},"modified":"2024-03-19T12:50:08","modified_gmt":"2024-03-19T09:50:08","slug":"buyuksehirin-sosyal-konut-projesi-sayesinde-vatandas-kira-oder-gibi-ev-sahibi-olabilecek","status":"publish","type":"post","link":"https:\/\/akdenizolaygazetesi.com\/?p=30093","title":{"rendered":"B\u00dcY\u00dcK\u015eEH\u0130R&#8217;\u0130N &#8216;SOSYAL KONUT PROJES\u0130&#8217; SAYES\u0130NDE VATANDA\u015e K\u0130RA \u00d6DER G\u0130B\u0130 EV SAH\u0130B\u0130 OLAB\u0130LECEK"},"content":{"rendered":"<p>Mersin B\u00fcy\u00fck\u015fehir Belediye Ba\u015fkan\u0131 ve Cumhuriyet Halk Partisi (CHP) Mersin B\u00fcy\u00fck\u015fehir Belediye Ba\u015fkan Aday\u0131 Vahap Se\u00e7er, Mersin \u0130\u015f D\u00fcnyas\u0131 Kul\u00fcb\u00fc ile iftarda bir araya geldi.<\/p>\n<p>Ba\u015fkan Se\u00e7er&#8217;e, CHP Mersin Milletvekili G\u00fclcan K\u0131\u015f da e\u015flik etti. Mersin B\u00fcy\u00fck\u015fehir Belediyesi&#8217;nin hizmetlerinin yer ald\u0131\u011f\u0131 video g\u00f6steriminin ard\u0131ndan Ba\u015fkan Se\u00e7er konu\u015ftu.<\/p>\n<p>Se\u00e7er: &#8220;Bizim i\u00e7in esas olan halk\u0131n memnuniyetidir&#8221;<\/p>\n<p>G\u00f6revde oldu\u011fu 5 y\u0131ll\u0131k s\u00fcre i\u00e7erisinde hem yeni projeleri hayata ge\u00e7irdiklerini hem rutin belediyecilik hizmetlerini tahkim ettiklerini s\u00f6yleyen Ba\u015fkan Se\u00e7er, y\u00f6netim anlay\u0131\u015f\u0131n\u0131n halk\u0131n memnuniyeti odakl\u0131 oldu\u011funu s\u00f6yledi. Belediyecilikte 2 temel unsur oldu\u011funa dikkat \u00e7eken Se\u00e7er, &#8220;\u0130lk olarak sa\u011flam bir finans aya\u011f\u0131n\u0131z ikinci olarak ise insan kayna\u011f\u0131 aya\u011f\u0131n\u0131z olacak. Bu iki sa\u011flam basan aya\u011f\u0131n\u0131z olmazsa kurumda bir s\u0131k\u0131nt\u0131 olur. Belediyecilik; \u00f6zel bir kurumu y\u00f6netmekten bir tak\u0131m farkl\u0131l\u0131klar g\u00f6sterir ama \u00f6z\u00fcnde birdir. Nihayetinde t\u00fcccar de\u011filim ama yat\u0131r\u0131m, al\u0131m, sat\u0131\u015f yap\u0131yorum, para harc\u0131yorum. \u00c7\u00fcnk\u00fc kamu g\u00f6revi yap\u0131yorum. \u00d6yle kararlar al\u0131r\u0131z ki kamu yarar\u0131n\u0131 g\u00f6zetti\u011fimiz anda biz i\u015fin maliyet unsurunu kar-zarar analizini yapmay\u0131z. Bizim i\u00e7in esas olan halk\u0131n memnuniyetidir. Yapt\u0131\u011f\u0131m\u0131z sosyal destekler bunun en g\u00fczel g\u00f6stergesi&#8221; dedi.<\/p>\n<p>&#8220;Tar\u0131m, sosyal politikalar, kad\u0131n ve sa\u011fl\u0131k alanlar\u0131nda politikalar\u0131m\u0131z zenginle\u015ferek s\u00fcrecek&#8221;<\/p>\n<p>B\u00f6yle bir yap\u0131 i\u00e7erisinde 5 y\u0131ld\u0131r Mersinlilerin bug\u00fcne kadar al\u0131\u015f\u0131k olmad\u0131\u011f\u0131 bir belediye ba\u015fkanl\u0131\u011f\u0131 yapt\u0131\u011f\u0131n\u0131 dile getiren Se\u00e7er, ba\u015far\u0131n\u0131n analizini ise toplumun yapaca\u011f\u0131n\u0131 s\u00f6yledi. G\u00f6reve geldiklerinde devrald\u0131klar\u0131 borcu, ge\u00e7en 5 y\u0131lda artan d\u00f6viz kuruna ra\u011fmen b\u00fcy\u00fck oranda azaltt\u0131klar\u0131n\u0131 hat\u0131rlatan Se\u00e7er, Mersin B\u00fcy\u00fck\u015fehir Belediye&#8217;sin mali disiplini sa\u011flam\u0131\u015f, ne yapt\u0131\u011f\u0131n\u0131 bilen ve i\u015flerini kaliteli yapan bir belediye oldu\u011funu vurgulad\u0131. \u0130kinci 5 y\u0131lda \u00e7ok daha rahat ilerleyeceklerini ve tar\u0131m, sosyal politikalar, kad\u0131n ve sa\u011fl\u0131k alanlar\u0131nda ger\u00e7ekle\u015ftirdikleri politikalar\u0131n zenginle\u015ferek devam edece\u011fini belirten Se\u00e7er, &#8220;\u00c7evre temizli\u011finden temiz i\u00e7me suyuna, sinekle m\u00fccadeleye, ye\u015fil bir Mersin&#8217;e ve park alanlar\u0131m\u0131z\u0131n daha g\u00fczel olmas\u0131na kadar rutin i\u015flerimiz de artarak devam edecek. \u0130kinci 5 y\u0131lda hizmetlerimize devam edece\u011fiz&#8221; dedi. 2019 y\u0131l\u0131nda g\u00f6reve gelmeden \u00f6nce hayata ge\u00e7irme s\u00f6z\u00fc verdikleri hizmet ve projeleri 5 y\u0131l boyunca bir bir hayata ge\u00e7irdiklerini aktaran Se\u00e7er, &#8220;Y\u00fczde 90&#8217;a yakla\u015fan bir proje ger\u00e7ekle\u015fme oran\u0131m\u0131z var. Bizim y\u0131ll\u0131k yat\u0131r\u0131m program\u0131 ger\u00e7ekle\u015fme oranlar\u0131m\u0131z da ona yak\u0131n&#8221; diye konu\u015ftu.<\/p>\n<p>Tarsus Tramvay\u0131&#8217;n\u0131n onay\u0131 geldi<\/p>\n<p>\u0130kinci 5 y\u0131lda en \u00f6nemli projelerinden birinin rayl\u0131 sistemler oldu\u011funu vurgulayan Se\u00e7er, &#8220;Bizim ana gayemiz Mersin metrosunu bitirmek. \u0130kinci d\u00f6nemimizde bitecek, hi\u00e7bir engel yok. 12 kilometre de Tarsus Tramvay\u0131 var. Altyap\u0131 Genel M\u00fcd\u00fcrl\u00fc\u011f\u00fc&#8217;nden proje onay\u0131n\u0131 bug\u00fcn ald\u0131k. Emin olun \u00e7ok de\u011ferli, \u00e7ok \u00f6nemli \u00e7al\u0131\u015fmalar yapt\u0131k. \u0130kinci 5 y\u0131lda Mersin&#8217;in rayl\u0131 sistemle tan\u0131\u015fmas\u0131yla beraber ne kadar b\u00fcy\u00fck emek verdi\u011fimizi, ne kadar de\u011ferli \u00e7al\u0131\u015fma yapt\u0131\u011f\u0131m\u0131z\u0131 g\u00f6receksiniz&#8221; diyerek, en k\u0131sa s\u00fcrede in\u015faat\u0131n\u0131 ba\u015flat\u0131p bitireceklerini kaydetti.<\/p>\n<p>B\u00fcy\u00fck\u015fehir&#8217;in &#8216;Sosyal Konut Projesi&#8217; sayesinde vatanda\u015f kira \u00f6der gibi ev sahibi olabilecek<\/p>\n<p>\u00d6nem verdikleri en \u00f6nemli projelerden di\u011ferinin ise Sosyal Konut oldu\u011funu vurgulayan Se\u00e7er, &#8220;Sosyal belediyecilikte, sosyal devlet anlay\u0131\u015f\u0131nda \u00f6ne \u00e7\u0131kan \u00fclkelerde olan belediye evleri modelini getirece\u011fiz. Toplu sosyal konut yap\u0131p bunu uygun \u015fartlarda vatanda\u015flar\u0131m\u0131za kazand\u0131rmak istiyoruz. Kira \u00f6der gibi m\u00fclkiyetini als\u0131nlar. Bu konuyu \u00e7ok \u00f6nemsiyoruz. Mutlaka \u00f6n\u00fcm\u00fczdeki 5 y\u0131l \u00fczerine titreyece\u011fimiz, \u00e7al\u0131\u015faca\u011f\u0131m\u0131z ve ba\u015faraca\u011f\u0131m\u0131z en \u00f6nemli projelerden bir tanesi bu&#8221; diye konu\u015ftu.<\/p>\n<p>&#8220;Ye\u015fil alanlar\u0131m\u0131z m\u00fcmk\u00fcn olduk\u00e7a arts\u0131n istiyoruz&#8221;<\/p>\n<p>B\u00fcy\u00fck\u015fehir&#8217;in sorumluluk alan\u0131ndaki imar \u00e7al\u0131\u015fmalar\u0131n\u0131 tamamlad\u0131klar\u0131n\u0131 belirten Se\u00e7er, \u00e7al\u0131\u015fmalar sonucunda M\u00fcft\u00fc Deresi&#8217;nin iki yan\u0131nda 500 d\u00f6n\u00fcm alan \u00e7\u0131kard\u0131klar\u0131n\u0131 ve bu alanlar\u0131 da park alan\u0131 olarak i\u015faretlediklerini s\u00f6yledi. S\u00f6z konusu alan\u0131 M\u00fcft\u00fc Deresi Ya\u015fam Vadisi olarak yapacaklar\u0131n\u0131 aktaran Se\u00e7er, &#8220;Mersinimize; 500 d\u00f6n\u00fcml\u00fck, i\u00e7inde farkl\u0131 fonksiyonlar y\u00fckledi\u011fimiz muazzam bir park kazand\u0131raca\u011f\u0131z. Ye\u015fil alanlar\u0131m\u0131z m\u00fcmk\u00fcn olduk\u00e7a arts\u0131n istiyoruz&#8221; dedi. 68&#8217;ler Bar\u0131\u015f Orman\u0131&#8217;n\u0131 da yenilediklerini ve Mersin&#8217;e kazand\u0131rd\u0131klar\u0131n\u0131 hat\u0131rlatan Se\u00e7er, &#8220;5 y\u0131l \u00f6nceki halini bilenler biliyor. Bir de \u015fimdi gidin g\u00f6r\u00fcn. Oraya da \u00e7ok b\u00fcy\u00fck emek ettik. \u00c7ok say\u0131da insan orada sabah sporunu yap\u0131yor. \u00c7ok g\u00fczel bir park haline geldi&#8221; diye konu\u015ftu.<\/p>\n<p>&#8220;Kentin d\u00f6n\u00fc\u015f\u00fcme ihtiyac\u0131 var&#8221;<\/p>\n<p>Mersin&#8217;in bir veri bankas\u0131na sahip olmad\u0131\u011f\u0131na dikkat \u00e7eken Se\u00e7er, kenti olas\u0131 afetlere haz\u0131rlamak ad\u0131na Diren\u00e7li Kent Mersin projesini hayata ge\u00e7ireceklerini s\u00f6yledi. Bu kapsamda Afet \u0130\u015fleri Dairesi Ba\u015fkanl\u0131\u011f\u0131&#8217;n\u0131 kurduklar\u0131n\u0131 aktaran Se\u00e7er, \u015fehrin bina stok envanterini \u00e7\u0131kartacaklar\u0131n\u0131 ifade etti. Se\u00e7er, &#8220;Zamana ihtiya\u00e7 var ama bu kentin de d\u00f6n\u00fc\u015f\u00fcme ihtiyac\u0131 var. B\u00fcy\u00fck\u015fehir Belediyesi&#8217;nin yetkisinde, Mersin bu konuyu y\u0131llara sarih \u00e7al\u0131\u015f\u0131p devam etsin ve \u00e7\u00f6zs\u00fcn. Bu d\u00f6n\u00fc\u015f\u00fcmler 3-5 y\u0131lda olacak i\u015fler de\u011fil. Sosyal konut meselemiz de asl\u0131nda bununla ilintili. Yerinde, yani kentsel d\u00f6n\u00fc\u015f\u00fcm yapars\u0131n\u0131z, risk ta\u015f\u0131yan binalar\u0131 d\u00f6n\u00fc\u015ft\u00fcr\u00fcrs\u00fcn\u00fcz, yeni sosyal konutlar yapars\u0131n\u0131z, insanlara oradan yer verirsiniz. Yerleri bo\u015faltmalar\u0131n\u0131 sa\u011flars\u0131n\u0131z. Bu \u00e7al\u0131\u015fmay\u0131 bir \u015fekilde bir yerden ba\u015flat\u0131p devam ettirmek zorundas\u0131n\u0131z. Yoksa kentimiz bug\u00fcn de\u011fil ama ileride mutlaka \u00e7ok ciddi ac\u0131larla kar\u015f\u0131la\u015fabilir diye d\u00fc\u015f\u00fcn\u00fcyorum&#8221; dedi.<\/p>\n<p>Konu\u015fmas\u0131n\u0131n ard\u0131ndan i\u015f d\u00fcnyas\u0131ndan kat\u0131l\u0131mc\u0131lar\u0131n sorular\u0131na tek tek yan\u0131t veren Se\u00e7er, yenilenebilir enerji konusunda iyi bir yol kat ettiklerini belirtti. Se\u00e7er, 2019 y\u0131l\u0131nda y\u00fczde 1,5 yenilenebilir enerji miktarlar\u0131n\u0131 2024 itibariyle y\u00fczde 21&#8217;e \u00e7\u0131kard\u0131klar\u0131n\u0131 ve y\u0131lsonu bu oran\u0131n y\u00fczde 46 olaca\u011f\u0131n\u0131 kaydetti.<\/p>\n<p>Kent genelinde ger\u00e7ekle\u015ftirdikleri ve devam eden yol \u00e7al\u0131\u015fmalar\u0131 hakk\u0131nda da kat\u0131l\u0131mc\u0131lar\u0131 bilgilendiren Se\u00e7er, yollar\u0131n asfalt kalitesinin de iyi oldu\u011funa dikkat \u00e7ekti. Gelecek d\u00f6nem yap\u0131lacak \u00e7al\u0131\u015fmalar\u0131 da aktaran Se\u00e7er, sadece merkezde de\u011fil, ihtiya\u00e7 olan her yerde yol \u00e7al\u0131\u015fmalar\u0131n\u0131 s\u00fcrd\u00fcreceklerini kaydetti.<\/p>\n<p>B\u00fcy\u00fck\u015fehir&#8217;in Ta\u015f Bina&#8217;daki birimlerinin yeni binaya ta\u015f\u0131nd\u0131\u011f\u0131n\u0131 s\u00f6yleyen Se\u00e7er, Ta\u015f Bina&#8217;y\u0131 Kent M\u00fczesi yap\u0131p Mersinlilere sunacaklar\u0131n\u0131 belirtti. Tarihi Kent Merkezi Projesi hakk\u0131nda bilgi veren Se\u00e7er, K\u0131rm\u0131z\u0131 Lacivert ve \u00d6zel \u0130dare \u0130\u015fhan\u0131&#8217;n\u0131 bo\u015faltt\u0131klar\u0131n\u0131, oray\u0131 y\u0131k\u0131p kent meydan\u0131 yapacaklar\u0131n\u0131 s\u00f6yledi. Yeni belediye binas\u0131n\u0131 g\u00f6rmek isteyen herkesin ziyaret edebilece\u011fini s\u00f6yleyen Se\u00e7er, bina Marinavista iken i\u00e7erisinde bulunan sinema salonlar\u0131n\u0131 y\u0131kmad\u0131klar\u0131n\u0131, o salonlarda \u00e7ocuklar\u0131n gelip tiyatro izleyebilece\u011fini belirtti.<\/p>\n<p>&#8220;Akdeniz&#8217;de 3 bin 500 hektar imara yer a\u00e7t\u0131k&#8221;<\/p>\n<p>Meslek gruplar\u0131na y\u00f6nelik k\u00fc\u00e7\u00fck sanayi sitelerinin olu\u015fturulmas\u0131 i\u00e7in B\u00fcy\u00fck\u015fehir Belediyesi olarak kataliz\u00f6r g\u00f6revi g\u00f6rd\u00fcklerinin alt\u0131n\u0131 \u00e7izen Se\u00e7er, Akdeniz il\u00e7esinde 3 bin 500 hektar araziyi imara a\u00e7t\u0131klar\u0131n\u0131 belirterek &#8220;\u00c7al\u0131\u015fana, \u00fcretene herkes kap\u0131s\u0131n\u0131 a\u00e7ar. Ben de hepsi k\u00fcmelensinler, bir arada olsunlar istiyorum. Akdeniz&#8217;de 3 bin 500 hektar imara yer a\u00e7t\u0131k. Sanayi, depolama, lojistik alanlar\u0131. Bu \u00e7al\u0131\u015fma, o k\u00f6p\u00fck fiyatlar\u0131 a\u015fa\u011f\u0131 \u00e7ekecek. Bu ciddi bir arzd\u0131r. G\u00f6receksiniz, 3-5 ay sonra istemedi\u011finiz kadar arazi edinebileceksiniz&#8221; dedi. Huzurkent Mahallesi&#8217;nde \u00e7al\u0131\u015fmalar\u0131 devam eden 181 t\u0131r park\u0131 kapasiteye sahip modern bir h\u00fcviyete sahip Lojistik Merkezi hakk\u0131nda da konu\u015fan Se\u00e7er, \u00e7al\u0131\u015fmalar\u0131n k\u0131sa s\u00fcrede tamamlanaca\u011f\u0131n\u0131 ve nakliyeci esnaf\u0131n\u0131n hizmetine sunulaca\u011f\u0131n\u0131 belirtti.<\/p>\n<p>Se\u00e7er, turizm alan\u0131nda hayata ge\u00e7irdikleri projeleri anlatt\u0131<\/p>\n<p>Kentin tan\u0131nmas\u0131 ve canlanmas\u0131 i\u00e7in turizm alan\u0131nda hayata ge\u00e7irdikleri \u00e7al\u0131\u015fmalardan s\u00f6z eden Se\u00e7er, Silifke Gazi \u00c7iftli\u011fi, Dar\u0131sekisi \u00d6rnek K\u00f6y\u00fc&#8217;n\u00fcn bug\u00fcne kadar \u00e7evre illerden de olmak \u00fczere binlerce ziyaret\u00e7iyi a\u011f\u0131rlad\u0131\u011f\u0131n\u0131 belirtti. Gelecek d\u00f6nem hayata ge\u00e7ireceklerini Y\u00f6r\u00fck Ya\u015fam Obas\u0131 Projesi&#8217;ni anlatan Se\u00e7er, proje sayesinde Y\u00f6r\u00fck ya\u015fam\u0131n\u0131n tan\u0131n\u0131rl\u0131\u011f\u0131n\u0131n artmas\u0131n\u0131 sa\u011flayacaklar\u0131n\u0131 vurgulad\u0131. Eshab-\u0131 Kehf projesini bitirdiklerini ve Soli Pompeipolis H\u00f6y\u00fc\u011f\u00fc Arkeopark \u00e7al\u0131\u015fmas\u0131n\u0131 da devam ettirdiklerini aktaran Se\u00e7er, bu t\u00fcr projelerin kente insan \u00e7ekmek i\u00e7in olduk\u00e7a \u00f6nemli oldu\u011funa dikkat \u00e7ekti. Se\u00e7er ayr\u0131ca Yumuktepe Projesi hakk\u0131nda da kat\u0131l\u0131mc\u0131lara bilgiler verirken, yapt\u0131klar\u0131 \u00e7al\u0131\u015fmalardan s\u00f6z etti.<\/p>\n<p>&#8220;Kentimizin neresi neye uygunsa oray\u0131 \u00f6ne \u00e7\u0131karmak laz\u0131m&#8221;<\/p>\n<p>Turizm alan\u0131nda \u00e7ok \u00f6nemli ve ciddi \u00e7al\u0131\u015fmalara imza att\u0131klar\u0131n\u0131 s\u00f6yleyen Se\u00e7er, Tarsus Tarihi Kent Merkezi, Karamanc\u0131lar Kona\u011f\u0131 Restorasyonu, Kilikya Yolu Projesi gibi \u00e7al\u0131\u015fmalar ile kent turizminin canland\u0131r\u0131lmas\u0131na katk\u0131 sa\u011flayacak hizmetleri hayata ge\u00e7irdiklerini kaydetti. Mersin&#8217;de \u00f6ne \u00e7\u0131kar\u0131lmas\u0131 gereken b\u00f6lgeleri ayr\u0131m yapmaks\u0131z\u0131n \u00fczerine \u00e7al\u0131\u015ft\u0131klar\u0131n\u0131 kaydeden Se\u00e7er, &#8220;Kentimizin neresi neye uygunsa oray\u0131 \u00f6ne \u00e7\u0131karmak laz\u0131m. Tarsus&#8217;taki tarih T\u00fcrkiye&#8217;nin hi\u00e7bir yerinde yok. D\u00fcnyan\u0131n say\u0131l\u0131 yerlerinde var. Neden Tarsus&#8217;u \u00f6ne \u00e7\u0131karmayal\u0131m, bir hazine. Tarsus festivalini \u00e7ok \u00f6nemsiyoruz, Gelecek y\u0131l daha da zengin olacak&#8221; dedi. Se\u00e7er a\u00e7\u0131l\u0131\u015f\u0131 29 Ekim 2023&#8217;te ger\u00e7ekle\u015ftirilen Mercan 100. Y\u0131l \u0130klim ve \u00c7evre Bilim Merkezi&#8217;nin de \u015fimdiye kadar \u00e7evre illerden gelen \u00f6\u011frencilerle birlikte 55 bin \u00f6\u011frenciyi a\u011f\u0131rlayarak turizme katk\u0131 sundu\u011funa dikkat \u00e7ekti.<\/p>\n<p>&#8220;Mersin&#8217;e dair umutlar\u0131m \u00e7ok fazla&#8221;<\/p>\n<p>Mersin&#8217;de daha bir \u00e7ok g\u00fczel hizmetlerin hayata ge\u00e7irilece\u011fini dile getiren Se\u00e7er, kente dair umutlar\u0131n\u0131n \u00e7ok fazla oldu\u011funu belirterek &#8220;Mersin&#8217;e dair umutlar\u0131m \u00e7ok fazla. \u00c7ok geli\u015fecek bir kent. Mersin&#8217;in durumunun da iyi oldu\u011funu d\u00fc\u015f\u00fcn\u00fcyorum. Bunu her b\u00f6lgeye giden bir insan olarak s\u00f6yl\u00fcyorum. Ben her yere huzurla gitti\u011fime g\u00f6re iyi bir durum var. Bu \u00f6nemlidir. Ben B\u00fcy\u00fck\u015fehir Belediye Ba\u015fkan\u0131y\u0131m; ald\u0131\u011f\u0131m kararlarda herkesi memnun etmem m\u00fcmk\u00fcn de\u011fil. \u0130nsanlar\u0131 \u00fczm\u00fc\u015f de olabiliyorsunuz, kendi bak\u0131\u015f a\u00e7\u0131s\u0131yla. Oysa biz toplumsal bak\u0131\u015f a\u00e7\u0131s\u0131n\u0131 \u00f6ncelememiz laz\u0131m. Ki\u015fisel oldu\u011fu zaman o sizi seviyor ama toplumda size beddua ediyor, onu yapmamaya gayret ederiz. Ona ra\u011fmen gidiyoruz. Demek ki bir huzur var&#8221; ifadelerini kulland\u0131.<\/p>\n<p>&#8220;5 y\u0131l boyunca STK&#8217;lar ile y\u00fcr\u00fcd\u00fck, do\u011fru kararlar ald\u0131k, rahat ettik&#8221;<\/p>\n<p>Kentteki bu olumlu havan\u0131n olu\u015fmas\u0131nda sadece B\u00fcy\u00fck\u015fehir Belediye Ba\u015fkan\u0131 olarak kendisinin de\u011fil, siyaset\u00e7isinden b\u00fcrokrat\u0131na, i\u015f insanlar\u0131ndan STK&#8217;lara kadar toplumun t\u00fcm payda\u015flar\u0131n\u0131n katk\u0131s\u0131 oldu\u011funu da s\u00f6zlerine ekleyen Se\u00e7er \u015funlar\u0131 s\u00f6yledi:<\/p>\n<p>&#8220;As\u0131l \u00f6nemli STK&#8217;lar. 5 y\u0131l boyunca STK&#8217;lar ile y\u00fcr\u00fcd\u00fck, do\u011fru kararlar ald\u0131k, rahat ettik. Bir\u00e7ok konuda toplum kar\u015f\u0131s\u0131nda yan\u0131m\u0131zda onlar\u0131 buldu\u011fumuz i\u00e7in sert ele\u015ftirilerle \u00e7ok rahat m\u00fccadele edebildik. Hatta sert ele\u015ftiri almad\u0131k bile. \u00c7\u00fcnk\u00fc ald\u0131\u011f\u0131m\u0131z kararlarda ilgili bir sivil toplum deste\u011fi vard\u0131 yan\u0131m\u0131zda. \u00c7\u00fcnk\u00fc onlar\u0131n g\u00f6r\u00fc\u015fleri de bizim i\u00e7in \u00f6nemliydi. Bu da bizi rahatlatt\u0131. \u0130kinci d\u00f6nemde bunu daha da sa\u011flamla\u015ft\u0131rarak devam edece\u011fiz. \u00c7\u00fcnk\u00fc bizim de i\u015fimiz kolayla\u015f\u0131yor. Hem vicdanen rahat ediyorsunuz, hem kararlar\u0131 do\u011fru al\u0131yorsunuz.&#8221;<\/p>\n<p>Moderat\u00f6r G\u00f6rkem Aksoy ise, Mersin \u0130\u015f D\u00fcnyas\u0131 Kul\u00fcb\u00fc&#8217;n\u00fcn \u00e7e\u015fitli sekt\u00f6r ve mesleklerden olu\u015fan, \u015firket, y\u00f6netici ve i\u015f insanlar\u0131n\u0131n sahipli\u011finde ortak bir platform oldu\u011funu belirtti. Aksoy, &#8220;Mersin \u0130\u015f D\u00fcnyas\u0131 Kul\u00fcb\u00fc; \u00f6zg\u00fcr, tarafs\u0131z, \u00f6zg\u00fcn, sayg\u0131l\u0131, medeniyet ve dostluk \u00e7er\u00e7evesinde y\u00fcksek standartlar ama\u00e7 edinen, katma de\u011ferlerin, \u00f6nerilerin, d\u00fc\u015f\u00fcncelerin bulu\u015fmalar\u0131n\u0131 sa\u011flayan bir i\u015f birli\u011fi ortam\u0131 ve k\u00fcrs\u00fcs\u00fcd\u00fcr&#8221; dedi.<\/p>\n<p>Konu\u015fmalar\u0131n ard\u0131ndan kat\u0131l\u0131mc\u0131lar, \u00e7al\u0131\u015fmalar\u0131ndan dolay\u0131 da Se\u00e7er&#8217;e ba\u015far\u0131 dileklerinde bulunarak, hayata ge\u00e7irdi\u011fi \u00e7al\u0131\u015fmalar i\u00e7in de tebrik ettiler. \u0130lk 5 y\u0131lda yapt\u0131klar\u0131 \u00e7al\u0131\u015fmalar i\u00e7in memnuniyetlerini dile getiren kat\u0131l\u0131mc\u0131lar, Se\u00e7er&#8217;in ikinci 5 y\u0131l\u0131nda da kente g\u00fczel hizmetler yapacaklar\u0131n\u0131 kaydettiler. Program; toplu foto\u011fraf \u00e7ekimi ile sona erdi.<\/p>\n","protected":false},"excerpt":{"rendered":"<p>Mersin B\u00fcy\u00fck\u015fehir Belediye Ba\u015fkan\u0131 ve Cumhuriyet Halk Partisi (CHP) Mersin B\u00fcy\u00fck\u015fehir Belediye Ba\u015fkan Aday\u0131 Vahap Se\u00e7er, Mersin \u0130\u015f D\u00fcnyas\u0131 Kul\u00fcb\u00fc ile iftarda bir araya geldi. Ba\u015fkan Se\u00e7er&#8217;e, CHP Mersin Milletvekili &hellip; <a href=\"https:\/\/akdenizolaygazetesi.com\/?p=30093\" class=\"more-link\">Devam\u0131n\u0131 Oku&#8230;<\/a><\/p>\n","protected":false},"author":2,"featured_media":30094,"comment_status":"open","ping_status":"open","sticky":false,"template":"","format":"standard","meta":[],"categories":[8,2,3,6],"tags":[],"_links":{"self":[{"href":"https:\/\/akdenizolaygazetesi.com\/index.php?rest_route=\/wp\/v2\/posts\/30093"}],"collection":[{"href":"https:\/\/akdenizolaygazetesi.com\/index.php?rest_route=\/wp\/v2\/posts"}],"about":[{"href":"https:\/\/akdenizolaygazetesi.com\/index.php?rest_route=\/wp\/v2\/types\/post"}],"author":[{"embeddable":true,"href":"https:\/\/akdenizolaygazetesi.com\/index.php?rest_route=\/wp\/v2\/users\/2"}],"replies":[{"embeddable":true,"href":"https:\/\/akdenizolaygazetesi.com\/index.php?rest_route=%2Fwp%2Fv2%2Fcomments&post=30093"}],"version-history":[{"count":1,"href":"https:\/\/akdenizolaygazetesi.com\/index.php?rest_route=\/wp\/v2\/posts\/30093\/revisions"}],"predecessor-version":[{"id":30095,"href":"https:\/\/akdenizolaygazetesi.com\/index.php?rest_route=\/wp\/v2\/posts\/30093\/revisions\/30095"}],"wp:featuredmedia":[{"embeddable":true,"href":"https:\/\/akdenizolaygazetesi.com\/index.php?rest_route=\/wp\/v2\/media\/30094"}],"wp:attachment":[{"href":"https:\/\/akdenizolaygazetesi.com\/index.php?rest_route=%2Fwp%2Fv2%2Fmedia&parent=30093"}],"wp:term":[{"taxonomy":"category","embeddable":true,"href":"https:\/\/akdenizolaygazetesi.com\/index.php?rest_route=%2Fwp%2Fv2%2Fcategories&post=30093"},{"taxonomy":"post_tag","embeddable":true,"href":"https:\/\/akdenizolaygazetesi.com\/index.php?rest_route=%2Fwp%2Fv2%2Ftags&post=30093"}],"curies":[{"name":"wp","href":"https:\/\/api.w.org\/{rel}","templated":true}]}}