{"id":30197,"date":"2024-03-29T12:36:40","date_gmt":"2024-03-29T09:36:40","guid":{"rendered":"http:\/\/akdenizolaygazetesi.com\/?p=30197"},"modified":"2024-03-29T12:36:40","modified_gmt":"2024-03-29T09:36:40","slug":"hizmet-ittifaki-catisi-altinda-bulusacagiz-ve-hizmetlerimiz-devam-edecek","status":"publish","type":"post","link":"https:\/\/akdenizolaygazetesi.com\/?p=30197","title":{"rendered":"&#8221; &#8216;H\u0130ZMET \u0130TT\u0130FAKI&#8217; \u00c7ATISI ALTINDA BULU\u015eACA\u011eIZ VE H\u0130ZMETLER\u0130M\u0130Z DEVAM EDECEK&#8221;"},"content":{"rendered":"<p>Mersin B\u00fcy\u00fck\u015fehir Belediye Ba\u015fkan\u0131 ve Cumhuriyet Halk Partisi (CHP) Mersin B\u00fcy\u00fck\u015fehir Belediye Ba\u015fkan Aday\u0131 Vahap Se\u00e7er; Kanal 33, \u0130\u00e7el TV &#038; FM, Sun TV &#038; FM, Nil RTV, HRT, TV A, Koza TV, Radyo Metropol, Kent Radyo, Mix FM, Radyo \u00dclk\u00fc, Radyo \u00c7etin, Mersin FM, Y\u00f6r\u00fck FM, Radyo Mer ortak yay\u0131n\u0131nda Ahmet \u00d6zdemir&#8217;in konu\u011fu oldu.<\/p>\n<p>&#8220;Belediyemiz g\u00fc\u00e7l\u00fc, Mersin g\u00fc\u00e7l\u00fc&#8221;<\/p>\n<p>Programda Gazeteci Ahmet \u00d6zdemir&#8217;in sorular\u0131n\u0131 yan\u0131tlayan Ba\u015fkan Se\u00e7er, 2019&#8217;da g\u00f6reve gelmeden \u00f6nce Mersin halk\u0131na kendisini ve hayata ge\u00e7irece\u011fi hizmetleri anlatarak oy istedi\u011fini hat\u0131rlatan Se\u00e7er, 2024 yerel se\u00e7imlerinde durumunun farkl\u0131 oldu\u011funu s\u00f6yleyerek, bu se\u00e7imde vatanda\u015f\u0131n ger\u00e7ekle\u015fen hizmete bakaca\u011f\u0131n\u0131 ve o \u015fekilde oy kullanaca\u011f\u0131n\u0131 aktard\u0131. 5 y\u0131ll\u0131k g\u00f6rev s\u00fcresi boyunca ya\u015fan\u0131lan pandemi, afet, ekonomik kriz ve siyasi gerginliklere kar\u015f\u0131n iyi bir y\u00f6netim sergilediklerine dikkat \u00e7eken Se\u00e7er, devrald\u0131klar\u0131 belediyeyi her a\u00e7\u0131dan \u00e7ok daha iyi noktalara ta\u015f\u0131d\u0131klar\u0131n\u0131 kaydetti. 2019&#8217;da kar\u015f\u0131la\u015ft\u0131klar\u0131 mali tablodan geriye eser kalmad\u0131\u011f\u0131n\u0131 s\u00f6yleyen Se\u00e7er, &#8220;Belediyemiz g\u00fc\u00e7l\u00fc, Mersin g\u00fc\u00e7l\u00fc&#8221; dedi.<\/p>\n<p>&#8220;Bu kenti sahiplenen Mersin B\u00fcy\u00fck\u015fehir Belediyesi var&#8221;<\/p>\n<p>Program \u00f6ncesi ger\u00e7ekle\u015ftirdi\u011fi otob\u00fcsle \u015fehir turunu anlatan Se\u00e7er, &#8220;Se\u00e7im otob\u00fcs\u00fcm\u00fczle Toroslar&#8217;\u0131 ve Akdeniz&#8217;de gezdim. Tur s\u0131ras\u0131nda yollara ve yollar\u0131n d\u00fczenine bakt\u0131m, kaliteyi g\u00f6rd\u00fcm. Tertemiz yollar yapm\u0131\u015f\u0131z, kald\u0131r\u0131mlar\u0131, ref\u00fcjleri d\u00fczene koymu\u015fuz. Her yer p\u0131r\u0131l p\u0131r\u0131l, \u00e7al\u0131\u015fanlar\u0131m\u0131z\u0131n eline sa\u011fl\u0131k&#8221; dedi. Kentte art\u0131k bir dirlik ve d\u00fczen oldu\u011funu vurgulayan Se\u00e7er, &#8220;Kenti sahiplenen bir kurum var. 11 bin \u00e7al\u0131\u015fan\u0131yla, kendini vakfetmi\u015f bir ba\u015fkan\u0131yla Mersin B\u00fcy\u00fck\u015fehir Belediyesi var. Bu kenti sahipleniyor. Kaledran&#8217;dan Yenice&#8217;ye kadar, \u00c7aml\u0131yayla&#8217;dan Mut&#8217;un Sertavul&#8217;una kadar bu kenti sahipleniyor, &#8216;Bu kent bizim&#8217; diyor&#8221; ifadelerine yer verdi.<\/p>\n<p>1 Nisan&#8217;dan sonra da g\u00f6revinin ba\u015f\u0131nda olaca\u011f\u0131n\u0131 kaydeden Se\u00e7er, &#8220;Vatanda\u015flar\u0131m\u0131z\u0131n deste\u011fi ile 1 Nisan&#8217;dan sonra da g\u00f6revimize devam edece\u011fiz. 1 Nisan sabah\u0131 vatanda\u015flar\u0131m\u0131z huzurla uyanacak ve i\u015fine gitmeye devam edecek&#8221; diye konu\u015ftu.<\/p>\n<p>&#8220;Ben, herkesin ve her kesimin belediye ba\u015fkan\u0131y\u0131m&#8221;<\/p>\n<p>\u00d6zdemir&#8217;in sosyal belediyecilik anlam\u0131nda T\u00fcrkiye&#8217;ye \u00f6rnek olabilecek dokunu\u015flar yapt\u0131\u011f\u0131n\u0131 s\u00f6ylemesi \u00fczerine Se\u00e7er, demokrasinin temelinde yatan unsurun \u00e7e\u015fitlilikleri koruyabilmek oldu\u011funu aktararak, \u00fclke \u00e7ap\u0131nda \u00f6zellikle son y\u0131llarda \u00f6tekile\u015ftirmenin ve kutupla\u015ft\u0131rman\u0131n hat safhalara \u00e7\u0131kt\u0131\u011f\u0131n\u0131 ifade etti. Belediye Ba\u015fkanl\u0131\u011f\u0131 g\u00f6revini y\u00fcr\u00fctecek ki\u015finin etnik, mezhepsel, parti ve ideolojik kimli\u011fine bakmaks\u0131z\u0131n her yurtta\u015f\u0131 kucaklamas\u0131 gerekti\u011finin alt\u0131n\u0131 \u00e7izen Se\u00e7er, &#8220;Bir y\u00f6neticinin veya belediye ba\u015fkan\u0131n\u0131n partizanl\u0131k, ayr\u0131mc\u0131l\u0131k, insanlar\u0131 \u00f6tekile\u015ftirme, kutupla\u015ft\u0131rma yapmamas\u0131 gerekir. Ben herkesin belediye ba\u015fkan\u0131y\u0131m. Biz hizmetlerimizde her zaman bu anlay\u0131\u015f\u0131 \u00f6ne \u00e7\u0131kard\u0131k&#8221; dedi. Anamur&#8217;dan \u00c7aml\u0131yayla&#8217;ya kadar vatanda\u015flara adil ve e\u015fit bir anlay\u0131\u015fla hizmet g\u00f6t\u00fcrd\u00fcklerini s\u00f6zlerine ekleyen Se\u00e7er, yap\u0131lan her hizmetin vatanda\u015flar aras\u0131nda ayr\u0131m g\u00f6zetmeksizin herkese ula\u015ft\u0131r\u0131ld\u0131\u011f\u0131n\u0131 ve her kesimin bu hizmetlerden yararland\u0131\u011f\u0131n\u0131 ifade etti.<\/p>\n<p>31 Mart&#8217;ta yap\u0131lacak yerel se\u00e7imlerde hizmetlerinden memnun olan vatanda\u015flar\u0131n deste\u011fini bekledi\u011fini s\u00f6yleyen Se\u00e7er, genel se\u00e7imlerde ideolojik tutumlar\u0131n bask\u0131n gelebilece\u011fini ancak yerel se\u00e7imlerde vatanda\u015flar\u0131n yap\u0131lan hizmetleri g\u00f6z \u00f6n\u00fcnde bulundurarak sand\u0131\u011fa gitmesi gerekti\u011fi \u00e7a\u011fr\u0131s\u0131nda bulundu.<\/p>\n<p>&#8220;Gelir d\u00fczeyi d\u00fc\u015f\u00fck mahallelere \u00c7ocuk Geli\u015fim Merkezleri a\u00e7maya devam edece\u011fiz&#8221;<\/p>\n<p>Mersin&#8217;in her il\u00e7esine \u00c7ocuk Geli\u015fim Merkezi a\u00e7mak i\u00e7in \u00e7al\u0131\u015fmalar\u0131 s\u00fcrd\u00fcklerini kaydeden Se\u00e7er, Anamur&#8217;da Tarsus&#8217;a kadar her il\u00e7eye bu merkezlerden a\u00e7acaklar\u0131n\u0131 duyurdu. &#8216;Mezitli \u00c7ocuk K\u00f6y\u00fc&#8217;n\u00fcn temelini att\u0131klar\u0131n\u0131 da hat\u0131rlatan Se\u00e7er, e\u011fitim merkezlerini \u00f6nemsediklerini vurgulad\u0131. B\u00fcy\u00fck\u015fehir&#8217;in kurs merkezlerine giden 7 bin 200 \u00f6\u011frenci oldu\u011funu hat\u0131rlatan Se\u00e7er, &#8220;Onlar\u0131n \u00fcniversiteye giri\u015f bedellerini de annelerinin, babalar\u0131n\u0131n \u00f6dedi\u011fi vergiden kar\u015f\u0131l\u0131yoruz. \u00c7ocuklar\u0131m\u0131z daha iyi \u00fcniversitelere gitsin, Mersin&#8217;i daha iyi temsil edecek makamlarda \u00e7al\u0131\u015fs\u0131n. Mersin marka kent olsun&#8221; diyerek, d\u00fcnyaya \u00f6rnek olacak bireyler yeti\u015ftirmenin kenti ileriye ta\u015f\u0131yaca\u011f\u0131n\u0131 belirtti.<\/p>\n<p>Sadece paras\u0131 olan kentlerin marka kent olmad\u0131\u011f\u0131n\u0131 vurgulayan Se\u00e7er, &#8220;\u0130nsana yat\u0131r\u0131m en iyi yat\u0131r\u0131md\u0131r. \u00c7ocuk ya\u015fta e\u011fitim onun i\u00e7in \u00f6nemli. Belediye her \u015feye bakar, tabi ki baks\u0131n, bakacak da, bak\u0131yoruz da. Vatanda\u015flar\u0131m\u0131z bizden her \u015feyi istiyor. &#8216;Biz yeti\u015ftiremiyoruz param\u0131z ve imkan\u0131m\u0131z yok&#8217; demiyoruz. Biz g\u00fc\u00e7l\u00fc bir belediyeyiz. Biz Mersin&#8217;iz \u00fcretiyoruz ve \u00e7al\u0131\u015f\u0131yoruz&#8221; dedi.<\/p>\n<p>&#8220;Mersin&#8217;de rayl\u0131 sistemler d\u00f6nemi ba\u015flam\u0131\u015ft\u0131r ve tamamlanacakt\u0131r&#8221;<\/p>\n<p>5 y\u0131ll\u0131k hizmet d\u00f6nemlerini \u00f6zetleyen Se\u00e7er, n\u00fcfus art\u0131\u015f\u0131n\u0131n sonucunu g\u00f6rerek hem altyap\u0131 hem de trafi\u011fi rahatlatma ve yol konusunda b\u00fcy\u00fck at\u0131l\u0131mlar yapt\u0131klar\u0131n\u0131n alt\u0131n\u0131 \u00e7izdi. K\u00f6pr\u00fcl\u00fc kav\u015faklar yapt\u0131klar\u0131n\u0131, Metro&#8217;nun temeli at\u0131p, s\u0131k\u0131nt\u0131lar\u0131n\u0131 a\u015ft\u0131klar\u0131n\u0131 ifade eden Se\u00e7er, Metro Projesi&#8217;ne ili\u015fkin detaylar\u0131 payla\u015farak, &#8220;Finansman konusunda hukuki altyap\u0131 tamam, izinleri al\u0131nd\u0131 ve art\u0131k \u015fu anda g\u00f6r\u00fc\u015fmelerin de olumlu gitti\u011fini s\u00f6yleyebilirim. Yak\u0131n zamanda iyi bir miktarda bir finansman temini ile in\u015faat\u0131nda h\u0131zlanaca\u011f\u0131z. Bir vizyon ortaya koyduk ve Mersin&#8217;de rayl\u0131 sistemler d\u00f6nemi ba\u015flam\u0131\u015ft\u0131r ve tamamlanacakt\u0131r&#8221; ifadelerini kulland\u0131.<\/p>\n<p>&#8220;Bizim anlay\u0131\u015f\u0131m\u0131z sosyal belediyecili\u011fin olmas\u0131 gerekti\u011fi gibi bir belediyecilik anlay\u0131\u015f\u0131d\u0131r&#8221;<\/p>\n<p>Hizmet yaparken halk\u00e7\u0131 bir anlay\u0131\u015f \u00e7er\u00e7evesinde hizmetler yapt\u0131klar\u0131n\u0131 da belirten Se\u00e7er, &#8220;Yoksa 1 TL&#8217;ye otob\u00fcs, sahilde halka a\u00e7\u0131k belediye kafeleri, 10 TL&#8217;ye de yemek olmazd\u0131. Bu kadar sosyal ve tar\u0131m politikalar\u0131 olmazd\u0131. Bu halk\u00e7\u0131 bir anlay\u0131\u015ft\u0131r ve sosyal belediyecili\u011fin olmas\u0131 gerekti\u011fi gibi bir belediyecilik anlay\u0131\u015f\u0131d\u0131r&#8221; diye konu\u015ftu.<\/p>\n<p>&#8220;Vatanda\u015f ma\u011fduriyetini ortadan kald\u0131rmak i\u00e7in bize ait olmayan yollara da giriyoruz&#8221;<\/p>\n<p>T\u00fcm il\u00e7elerde kaliteli yollar yapt\u0131klar\u0131n\u0131 ve yapmaya da devam ettiklerinin alt\u0131n\u0131 \u00e7izen Se\u00e7er, &#8220;Se\u00e7ime gidiyoruz, 3 g\u00fcn kald\u0131 ama akl\u0131m\u0131z i\u015fimizde, sand\u0131kta de\u011fil. Elbette ki se\u00e7ime gidiyoruz ve o sorumlulu\u011fu da biliyoruz. O \u00e7al\u0131\u015fmalar\u0131 da bir yandan y\u00fcr\u00fct\u00fcyoruz ama i\u015fimizi de bir kenara b\u0131rakm\u0131yoruz&#8221; diye konu\u015ftu. Se\u00e7er, Mersin&#8217;in demografik yap\u0131s\u0131ndan dolay\u0131 B\u00fcy\u00fck\u015fehir&#8217;in g\u00f6rev alan\u0131nda olmamas\u0131na ra\u011fmen bir\u00e7ok b\u00f6lgede vatanda\u015flar\u0131n ma\u011fduriyetini gidermek ad\u0131na \u00e7al\u0131\u015fmalar ger\u00e7ekle\u015ftirdiklerini de s\u00f6yledi.<\/p>\n<p>&#8220;Sosyal politikalar kapsam\u0131nda sunulan hizmetler ikinci 5 y\u0131lda tahkim edilecek&#8221;<\/p>\n<p>\u0130kinci 5 y\u0131ll\u0131k g\u00f6rev s\u00fcresinde sosyal politikalar kapsam\u0131nda sunulan hizmetlerinde tahkim edilece\u011fi bilgisini payla\u015fan Se\u00e7er, e\u011fitimden sa\u011fl\u0131k bak\u0131m desteklerine kadar; kad\u0131na, \u00e7ocu\u011fa, ihtiya\u00e7 sahiplerine yap\u0131lan desteklerin \u00f6nemine de\u011findi. Se\u00e7er, &#8220;Alzheimer Merkezi&#8217;ni hizmete alaca\u011f\u0131z. Hasta yak\u0131nlar\u0131n\u0131n m\u00fcracaat\u0131 ba\u015flad\u0131. Yine Engelsiz Ya\u015fam Park\u0131, Engelsiz Ya\u015fam Merkezi, Mola Evlerimiz, Otizm Merkezi gibi \u00e7al\u0131\u015fmalar\u0131m\u0131z var ve bu \u00e7al\u0131\u015fmalarda vatanda\u015flar\u0131m\u0131z\u0131n \u00e7ok memnuniyeti var. Otizm Merkezi 72 aya kadar \u00e7ocuklar\u0131m\u0131z\u0131n al\u0131nd\u0131\u011f\u0131 bir merkez. Orada \u00e7ocuklar\u0131m\u0131za bir terapi uygulan\u0131yor, e\u011fitim veriliyor. Bunlar\u0131 art\u0131raca\u011f\u0131z&#8221; dedi.<\/p>\n<p>&#8220;Gen\u00e7lere s\u00f6z\u00fcmd\u00fcr; sahilde 2. bir k\u00fct\u00fcphaneyi \u00e7ok yak\u0131nda hizmetinize sunaca\u011f\u0131z&#8221;<\/p>\n<p>Mersinlilerin \u00e7ok be\u011fendi\u011fi projelerden olan yeni nesil k\u00fct\u00fcphane okuma salonlar\u0131n\u0131n say\u0131s\u0131n\u0131n da yeni d\u00f6nemde artaca\u011f\u0131n\u0131 aktaran Se\u00e7er, gen\u00e7lere seslenerek, &#8220;\u015eu anda aktif olan 12 tane okuma salonumuz var. Gen\u00e7lere s\u00f6z\u00fcmd\u00fcr; sahilde ikinci bir k\u00fct\u00fcphaneyi \u00e7ok yak\u0131nda sizlerin hizmetinize sunaca\u011f\u0131z&#8221; ifadelerini kulland\u0131.<\/p>\n<p>&#8220;Belediye vatanda\u015fa bakmak i\u00e7in var&#8221;<\/p>\n<p>Sosyal politikalarda limitin olmayaca\u011f\u0131n\u0131 s\u00f6yleyen Se\u00e7er, hasta yurtta\u015flara B\u00fcy\u00fck\u015fehir taraf\u0131ndan sunulan hizmetlerin \u00f6neminden bahsetti. Se\u00e7er, &#8220;Kimsesi olmayan, bak\u0131ma muhta\u00e7 insanlar i\u00e7in bunlar son derece \u00f6nemli. Vatanda\u015fa belediye bakacak. Belediye onun i\u00e7in var. Belediye onun i\u00e7in ucuz yemek sat\u0131\u015f\u0131 yap\u0131yor. Onun i\u00e7in bizde kay\u0131tl\u0131 hastalar\u0131m\u0131z, ya\u015fl\u0131lar\u0131m\u0131z var, her g\u00fcn \u00fccretsiz olarak s\u0131cak yemek gidiyor. Belediye bu i\u015flerden geri durmayacak&#8221; s\u00f6zlerine yer verdi.<\/p>\n<p>&#8220;Mersin g\u00fclen ve mutlu bir kent olsun&#8221;<\/p>\n<p>K\u00fclt\u00fcr-sanat ve spor alan\u0131nda hayata ge\u00e7irdikleri faaliyetleri anlatan Se\u00e7er, &#8220;G\u00f6reve geldi\u011fimde Mersin&#8217;in her taraf\u0131ndan g\u00fcl\u00fcc\u00fckler y\u00fckselsin, m\u00fczik sesleri gelsin, Mersin g\u00fclen ve mutlu bir kent olsun istedim. Bu lafla de\u011fil uygulamayla olur&#8221; dedi. Gen\u00e7lik Festivali, Uluslararas\u0131 Tarsus Festivali, Kilikya Ultra Maratonu, Tarsus Maratonu, Uluslararas\u0131 Mersin Maratonu, Tour Of Mersin, Tarsus Kleopatra Bisiklet Festivali gibi bir\u00e7ok organizasyona ev sahipli\u011fi yapt\u0131klar\u0131n\u0131 anlatan Se\u00e7er, bu t\u00fcr organizasyonlar\u0131n hem kente canl\u0131l\u0131k getirmesi hem de kentin, tarihi ve k\u00fclt\u00fcrel a\u00e7\u0131dan tan\u0131nmas\u0131 i\u00e7in son derece \u00f6nemli oldu\u011funu kaydetti.<\/p>\n<p>&#8220;Vatanda\u015flar\u0131m\u0131z bizlere inans\u0131n ve g\u00fcvensin&#8221;<\/p>\n<p>&#8220;Mersin Belediyesi ne yaparsa en kalitesini yapar&#8221; diyen Se\u00e7er, yol yap\u0131mdan sosyal yard\u0131ma, e\u011fitime destekten tar\u0131msal deste\u011fe kadar hayata ge\u00e7irdikleri her proje ve hizmeti kaliteli \u015fekilde yapt\u0131klar\u0131n\u0131 belirtti. Belediye denilince akla rant gelmemesi gerekti\u011fini s\u00f6yleyen Se\u00e7er, &#8220;Belediye rant\u0131 yarat\u0131r ama rant\u0131 adaletli da\u011f\u0131t\u0131r. \u0130mar d\u00fczenlemesinde her kalem oynatmak bir rantt\u0131r ama pay\u0131 \u00f6nce halk\u0131n rant\u0131na ay\u0131racaks\u0131n. 86 milyonun hakk\u0131 vard\u0131r. Kamu hakk\u0131 budur. Mersin B\u00fcy\u00fck\u015fehir Belediyesi bunlar\u0131 adaletli bir \u015fekilde yapm\u0131\u015ft\u0131r. Vatanda\u015flar\u0131m\u0131z bizlere inans\u0131n ve g\u00fcvensin. 5 y\u0131l\u0131m\u0131z\u0131 tamamen bu anlay\u0131\u015fla ge\u00e7irdik&#8221; dedi.<\/p>\n<p>&#8220;Gelecek d\u00f6nem at\u0131k su, kanalizasyon ve alt yap\u0131 problemlerinin k\u00f6k\u00fcn\u00fc kaz\u0131yaca\u011f\u0131z&#8221;<\/p>\n<p>Vatanda\u015flar\u0131n\u0131n kent genelinde daha sa\u011fl\u0131kl\u0131 ve huzurlu ya\u015fayabilmesi i\u00e7in \u00e7al\u0131\u015ft\u0131klar\u0131n\u0131 s\u00f6yleyen Se\u00e7er, \u00f6n\u00fcm\u00fczdeki d\u00f6nemde hayata ge\u00e7irecekleri projelerin \u015fimdiden haz\u0131r oldu\u011funu ve onaylar\u0131n\u0131n al\u0131nd\u0131\u011f\u0131n\u0131 belirtti. 70 milyon avrosu hibe olmak \u00fczere toplam 156 milyon avro finansman sa\u011flad\u0131klar\u0131n\u0131 da s\u00f6zlerine ekleyen Se\u00e7er, Mersin&#8217;in bir\u00e7ok yerinde ikinci 5 y\u0131ll\u0131k g\u00f6rev s\u00fcresi boyunca hayata ge\u00e7irecekleri bir dizi i\u00e7me suyu ve ar\u0131tma tesisinin detaylar\u0131n\u0131 payla\u015farak, &#8220;Mersin&#8217;de alt yap\u0131, i\u00e7me suyu, at\u0131k su ve kanalizasyon \u00e7al\u0131\u015fmalar\u0131na h\u0131z verece\u011fiz. Gelecek 5 y\u0131l i\u00e7erisinde problemleri k\u00f6k\u00fcnden kaz\u0131yaca\u011f\u0131z&#8221; dedi.<\/p>\n<p>Se\u00e7er, ikinci 5 y\u0131ldaki maj\u00f6r projelerini anlatt\u0131<\/p>\n<p>Gelecek d\u00f6nem uygulamaya koyacaklar\u0131 maj\u00f6r ve fark yaratacak projeleri de s\u0131ralayan Se\u00e7er, &#8220;Rayl\u0131 sistemlerde \u00e7ok b\u00fcy\u00fck a\u015fama kaydedece\u011fiz. Metro&#8217;nun \u00e7ok k\u0131sa s\u00fcrede in\u015faat\u0131 ba\u015flayacak ve etap etap da istasyonlar\u0131 a\u00e7aca\u011f\u0131z, b\u00fct\u00fcn konsantrasyonumuzu verece\u011fiz. Tarsus Tramvay\u0131, \u00dcniversite Tramvay\u0131&#8217;n\u0131n da ba\u015flang\u0131c\u0131n\u0131 yapaca\u011f\u0131z&#8221; dedi.<\/p>\n<p>\u0130kinci 5 y\u0131ll\u0131k d\u00f6nemlerinde hayata ge\u00e7irmeyi planlad\u0131klar\u0131 ve \u00e7ok \u00f6nemsedikleri &#8216;Sosyal Konut Projesi&#8217;ne ili\u015fkin de konu\u015fan Se\u00e7er, kiral\u0131k ve sat\u0131\u015f ama\u00e7l\u0131 sosyal konutlar in\u015fa edeceklerini ifade etti. Se\u00e7er, bu konutlar\u0131 orta alt ve alt gelir gruplar\u0131 i\u00e7in yapacaklar\u0131ndan s\u00f6z ederek, &#8220;Kiralar y\u00fcksek, n\u00fcfus art\u0131yor, l\u00fcks konut var ama sosyal konut az. Belediye olarak biz de ta\u015f\u0131n alt\u0131na elimizi koyaca\u011f\u0131z&#8221; diye konu\u015ftu.<\/p>\n<p>Sosyal Konut Projesi&#8217;nin yan\u0131nda Afete Dayan\u0131kl\u0131 ve Haz\u0131rl\u0131kl\u0131 Kent Projeksiyonu&#8217;nu da beraber g\u00f6t\u00fcreceklerine de\u011finen Se\u00e7er, &#8220;Afet \u0130\u015fleri Dairesi Ba\u015fkanl\u0131\u011f\u0131&#8217;n\u0131 kurduk. Yap\u0131 stoklar\u0131, kalitesiz binalar, \u00e7arp\u0131k kentle\u015fme b\u00f6lgelerinin d\u00f6n\u00fc\u015ft\u00fcr\u00fclmesi konusunda \u00e7al\u0131\u015f\u0131yoruz. \u00c7ok ge\u00e7 kal\u0131nm\u0131\u015f ve bizden \u00f6nce de bu i\u015flere el at\u0131lmam\u0131\u015f, &#8216;afet b\u00f6lgesi de\u011filiz&#8217; denilmi\u015f. Asl\u0131nda afet b\u00f6lgesiyiz&#8221; diye konu\u015ftu. Se\u00e7er, &#8216;Afet Kamp\u00fcs\u00fc&#8217; kurarak, Mersin&#8217;i sosyal konutlarla beraber afete haz\u0131rl\u0131kl\u0131 bir kent haline getireceklerini vurgulad\u0131.<\/p>\n<p>Se\u00e7er, hayata ge\u00e7irecek olduklar\u0131 &#8216;M\u00fcft\u00fc Deresi Ya\u015fam Vadisi Projesi&#8217;nden de bahsederek 500 d\u00f6n\u00fcm alanda rekreasyon ve etkinlik alanlar\u0131n oldu\u011fu \u00e7ok g\u00fczel bir alan yapacaklar\u0131n\u0131 ifade etti. Se\u00e7er, &#8220;Baz\u0131 aktiviteler yapabilme, gondolla gezme gibi imkanlar da olu\u015fturaca\u011f\u0131z. Bunun d\u00fcnyada ve \u00fclkemizde \u00f6rnekleri var. Onlardan da faydalanarak \u00e7ok g\u00fczel bir park yapaca\u011f\u0131z&#8221; diye duyurdu.<\/p>\n<p>&#8220;Sosyal politikalardan k\u00fclt\u00fcr-sanat politikalar\u0131na kadar b\u00fct\u00fcn \u00e7al\u0131\u015fmalar\u0131m\u0131z devam edecek&#8221;<\/p>\n<p>Tarsuslular i\u00e7in Tarsus Tramvay\u0131&#8217;n\u0131n yan\u0131nda Tarsus \u015eelale Otel&#8217;in yerine &#8216;Spor ve Turizm Kompleksi&#8217; yapacaklar\u0131n\u0131 ifade eden Se\u00e7er, &#8220;Geri d\u00f6n\u00fc\u015f\u00fcn\u00fc olumlu ald\u0131\u011f\u0131m\u0131z b\u00fct\u00fcn \u00e7al\u0131\u015fmalar daha da iyi olarak devam edecek. Sosyal politikalardan tar\u0131m, k\u00fclt\u00fcr-sanat ve spor politikalar\u0131na kadar; yap\u0131sal sorunlar\u0131 \u00e7\u00f6z\u00fcc\u00fc bir\u00e7ok yol, sanat yap\u0131lar\u0131 ya da farkl\u0131 alanlarda yat\u0131r\u0131mlar ve k\u00f6pr\u00fcl\u00fc kav\u015faklar gibi \u00e7al\u0131\u015fmalar\u0131n hepsi devam edecek&#8221; dedi.<\/p>\n<p>Tar\u0131msal GES Projesi&#8217;ni de anlatan Se\u00e7er, bu projeyi de \u00e7ok \u00f6nemsediklerinden s\u00f6z ederek, &#8216;K\u00f6y\u00fcm\u00fcz At\u00f6lye Projesi&#8217; ile de tar\u0131msal alandaki \u00e7al\u0131\u015fmalar\u0131n s\u00fcrece\u011fini ifade etti.<\/p>\n<p>&#8221; &#8216;Hizmet \u0130ttifak\u0131&#8217; \u00e7at\u0131s\u0131 alt\u0131nda bulu\u015faca\u011f\u0131z ve hizmetlerimiz devam edecek&#8221;<\/p>\n<p>31 Mart g\u00fcn\u00fc i\u00e7in Mersinli yurtta\u015flara seslenen Se\u00e7er, &#8220;T\u00fcm yurtta\u015flar\u0131m\u0131n sand\u0131k ba\u015f\u0131na gitmelerini istiyorum. Bunu; halk iradesinin sand\u0131\u011fa yans\u0131mas\u0131 ve tecelli etmesi i\u00e7in istiyorum. Bir iste\u011fim de milletimin iradesinin sand\u0131\u011fa yans\u0131d\u0131\u011f\u0131 gibi \u00e7\u0131kmas\u0131d\u0131r. E\u011fer bir \u015faibe kar\u0131\u015f\u0131rsa, bir haks\u0131zl\u0131k olursa bu T\u00fcrkiye demokrasisine, T\u00fcrkiye&#8217;ye yap\u0131lm\u0131\u015f en b\u00fcy\u00fck k\u00f6t\u00fcl\u00fck olacakt\u0131r. Herkes vatanda\u015fl\u0131k g\u00f6revini harfiyen yerine getirmelidir&#8221; dedi. 31 Mart&#8217;ta Mersin&#8217;in kazanaca\u011f\u0131na i\u015faret eden Se\u00e7er, &#8220;Biliyorum ki vatanda\u015flar\u0131m\u0131n deste\u011fini se\u00e7imlerde \u00e7ok yo\u011fun bir \u015fekilde yan\u0131mda bulaca\u011f\u0131m. Hizmet \u0130ttifak\u0131 \u00e7at\u0131s\u0131 alt\u0131nda bulu\u015faca\u011f\u0131z ve hizmetlerimiz devam edecek&#8221; diyerek konu\u015fmas\u0131n\u0131 sona erdirdi. <\/p>\n","protected":false},"excerpt":{"rendered":"<p>Mersin B\u00fcy\u00fck\u015fehir Belediye Ba\u015fkan\u0131 ve Cumhuriyet Halk Partisi (CHP) Mersin B\u00fcy\u00fck\u015fehir Belediye Ba\u015fkan Aday\u0131 Vahap Se\u00e7er; Kanal 33, \u0130\u00e7el TV &#038; FM, Sun TV &#038; FM, Nil RTV, HRT, TV &hellip; <a href=\"https:\/\/akdenizolaygazetesi.com\/?p=30197\" class=\"more-link\">Devam\u0131n\u0131 Oku&#8230;<\/a><\/p>\n","protected":false},"author":2,"featured_media":30198,"comment_status":"open","ping_status":"open","sticky":false,"template":"","format":"standard","meta":[],"categories":[34,1,2,3,5],"tags":[],"_links":{"self":[{"href":"https:\/\/akdenizolaygazetesi.com\/index.php?rest_route=\/wp\/v2\/posts\/30197"}],"collection":[{"href":"https:\/\/akdenizolaygazetesi.com\/index.php?rest_route=\/wp\/v2\/posts"}],"about":[{"href":"https:\/\/akdenizolaygazetesi.com\/index.php?rest_route=\/wp\/v2\/types\/post"}],"author":[{"embeddable":true,"href":"https:\/\/akdenizolaygazetesi.com\/index.php?rest_route=\/wp\/v2\/users\/2"}],"replies":[{"embeddable":true,"href":"https:\/\/akdenizolaygazetesi.com\/index.php?rest_route=%2Fwp%2Fv2%2Fcomments&post=30197"}],"version-history":[{"count":1,"href":"https:\/\/akdenizolaygazetesi.com\/index.php?rest_route=\/wp\/v2\/posts\/30197\/revisions"}],"predecessor-version":[{"id":30199,"href":"https:\/\/akdenizolaygazetesi.com\/index.php?rest_route=\/wp\/v2\/posts\/30197\/revisions\/30199"}],"wp:featuredmedia":[{"embeddable":true,"href":"https:\/\/akdenizolaygazetesi.com\/index.php?rest_route=\/wp\/v2\/media\/30198"}],"wp:attachment":[{"href":"https:\/\/akdenizolaygazetesi.com\/index.php?rest_route=%2Fwp%2Fv2%2Fmedia&parent=30197"}],"wp:term":[{"taxonomy":"category","embeddable":true,"href":"https:\/\/akdenizolaygazetesi.com\/index.php?rest_route=%2Fwp%2Fv2%2Fcategories&post=30197"},{"taxonomy":"post_tag","embeddable":true,"href":"https:\/\/akdenizolaygazetesi.com\/index.php?rest_route=%2Fwp%2Fv2%2Ftags&post=30197"}],"curies":[{"name":"wp","href":"https:\/\/api.w.org\/{rel}","templated":true}]}}