{"id":30203,"date":"2024-03-29T12:44:35","date_gmt":"2024-03-29T09:44:35","guid":{"rendered":"http:\/\/akdenizolaygazetesi.com\/?p=30203"},"modified":"2024-03-29T12:44:35","modified_gmt":"2024-03-29T09:44:35","slug":"baskan-ozyigit-yenisehirlileri-oy-kullanmaya-davet-etti","status":"publish","type":"post","link":"https:\/\/akdenizolaygazetesi.com\/?p=30203","title":{"rendered":"Ba\u015fkan \u00d6zyi\u011fit, Yeni\u015fehirlileri oy kullanmaya davet etti"},"content":{"rendered":"<p>Mersin Yeni\u015fehir Belediye Ba\u015fkan\u0131 Abdullah \u00d6zyi\u011fit, 31 Mart Pazar g\u00fcn\u00fc yap\u0131lacak yerel se\u00e7imlere ili\u015fkin a\u00e7\u0131klama yaparak, vatanda\u015flar\u0131 oy kullanmaya davet etti.<br \/>\nBa\u015fkan \u00d6zyi\u011fit, yapt\u0131\u011f\u0131 a\u00e7\u0131klamada \u015fu ifadeleri kulland\u0131:<br \/>\n\u201cSevgili Yeni\u015fehirliler,<br \/>\n31 Mart&#8217;ta sand\u0131klara giderek oy kullanmak, vatanda\u015fl\u0131k g\u00f6revimiz ve en temel demokratik hakk\u0131m\u0131zd\u0131r.<br \/>\nOyumuzu kullanarak, demokratik s\u00fcrece aktif bir \u015fekilde kat\u0131labilir, \u015fehrimizin ve \u00fclkemizin gelece\u011fine do\u011frudan etki edebiliriz.  Unutmayal\u0131m ki bir oy, gelece\u011fimizin in\u015fas\u0131nda kilit rol oynar. Bu nedenle, sand\u0131\u011fa giderek tercihlerimizi belirlemek, kendi ya\u015fam\u0131m\u0131z\u0131 ve toplumumuzu \u015fekillendirmede b\u00fcy\u00fck \u00f6neme sahiptir.<br \/>\nHer birimizin farkl\u0131 ihtiya\u00e7lar\u0131, beklentileri veya hayalleri olabilir. Ancak bu farkl\u0131l\u0131klar\u0131n birle\u015fti\u011fi nokta, demokratik s\u00fcrece kat\u0131larak ortak bir gelecek in\u015fa etme iste\u011fimizdir. Bu iste\u011fimizi ger\u00e7ekle\u015ftirmek i\u00e7in sand\u0131klara giderek oy kullanmal\u0131, sesimizi duyurmal\u0131 ve gelece\u011fimizi y\u00f6n vermeliyiz. Bu duygularla, Yeni\u015fehirli hem\u015fehrilerimi 31 Mart yerel se\u00e7imlerinde sand\u0131klara gitmeye ve oy kullanmaya davet ediyorum. Kat\u0131l\u0131m\u0131n\u0131z, demokrasimizin g\u00fc\u00e7lenmesine, \u015fehrimizin geli\u015fmesine ve ya\u015fam kalitemizin artmas\u0131na b\u00fcy\u00fck katk\u0131 sa\u011flayacak.<br \/>\nSayg\u0131lar\u0131mla.\u201d<\/p>\n","protected":false},"excerpt":{"rendered":"<p>Mersin Yeni\u015fehir Belediye Ba\u015fkan\u0131 Abdullah \u00d6zyi\u011fit, 31 Mart Pazar g\u00fcn\u00fc yap\u0131lacak yerel se\u00e7imlere ili\u015fkin a\u00e7\u0131klama yaparak, vatanda\u015flar\u0131 oy kullanmaya davet etti. Ba\u015fkan \u00d6zyi\u011fit, yapt\u0131\u011f\u0131 a\u00e7\u0131klamada \u015fu ifadeleri kulland\u0131: \u201cSevgili Yeni\u015fehirliler, &hellip; <a href=\"https:\/\/akdenizolaygazetesi.com\/?p=30203\" class=\"more-link\">Devam\u0131n\u0131 Oku&#8230;<\/a><\/p>\n","protected":false},"author":2,"featured_media":30204,"comment_status":"open","ping_status":"open","sticky":false,"template":"","format":"standard","meta":[],"categories":[3],"tags":[],"_links":{"self":[{"href":"https:\/\/akdenizolaygazetesi.com\/index.php?rest_route=\/wp\/v2\/posts\/30203"}],"collection":[{"href":"https:\/\/akdenizolaygazetesi.com\/index.php?rest_route=\/wp\/v2\/posts"}],"about":[{"href":"https:\/\/akdenizolaygazetesi.com\/index.php?rest_route=\/wp\/v2\/types\/post"}],"author":[{"embeddable":true,"href":"https:\/\/akdenizolaygazetesi.com\/index.php?rest_route=\/wp\/v2\/users\/2"}],"replies":[{"embeddable":true,"href":"https:\/\/akdenizolaygazetesi.com\/index.php?rest_route=%2Fwp%2Fv2%2Fcomments&post=30203"}],"version-history":[{"count":1,"href":"https:\/\/akdenizolaygazetesi.com\/index.php?rest_route=\/wp\/v2\/posts\/30203\/revisions"}],"predecessor-version":[{"id":30205,"href":"https:\/\/akdenizolaygazetesi.com\/index.php?rest_route=\/wp\/v2\/posts\/30203\/revisions\/30205"}],"wp:featuredmedia":[{"embeddable":true,"href":"https:\/\/akdenizolaygazetesi.com\/index.php?rest_route=\/wp\/v2\/media\/30204"}],"wp:attachment":[{"href":"https:\/\/akdenizolaygazetesi.com\/index.php?rest_route=%2Fwp%2Fv2%2Fmedia&parent=30203"}],"wp:term":[{"taxonomy":"category","embeddable":true,"href":"https:\/\/akdenizolaygazetesi.com\/index.php?rest_route=%2Fwp%2Fv2%2Fcategories&post=30203"},{"taxonomy":"post_tag","embeddable":true,"href":"https:\/\/akdenizolaygazetesi.com\/index.php?rest_route=%2Fwp%2Fv2%2Ftags&post=30203"}],"curies":[{"name":"wp","href":"https:\/\/api.w.org\/{rel}","templated":true}]}}