{"id":3024,"date":"2020-11-04T18:23:29","date_gmt":"2020-11-04T15:23:29","guid":{"rendered":"http:\/\/mersinekonomipolitikagazetesi.com\/?p=3024"},"modified":"2020-11-04T18:23:29","modified_gmt":"2020-11-04T15:23:29","slug":"meude-samuray-mutfaginin-hikayesi","status":"publish","type":"post","link":"https:\/\/akdenizolaygazetesi.com\/?p=3024","title":{"rendered":"ME\u00dc\u2019de \u2018Samuray Mutfa\u011f\u0131n\u0131n Hikayesi\u2019"},"content":{"rendered":"<p>ME\u00dc \u0130leti\u015fim Fak\u00fcltesi, Mersin T\u00fcrk Japon Dostluk Derne\u011fi ve Japonya B\u00fcy\u00fckel\u00e7ili\u011fi i\u015fbirli\u011fi ile Japon Filmleri G\u00f6sterimi \u00dcniversitemizde ger\u00e7ekle\u015ftirildi.<br \/>\nME\u00dc Prof. Dr. U\u011fur Oral K\u00fclt\u00fcr Merkezi\u2019nde ger\u00e7ekle\u015ftirilen etkinlikte, ilk olarak Bushi No Kondate (Samuray Mutfa\u011f\u0131n\u0131n Hikayesi) isimli filmi g\u00f6sterime sunuldu.<\/p>\n<p>Film sonras\u0131nda T\u00fcrk Japon ili\u015fkilerinin anlat\u0131ld\u0131\u011f\u0131 bir konferans d\u00fczenlendi. Konferansa; Japonya Ankara B\u00fcy\u00fckel\u00e7isi Akio Miyajima, ME\u00dc Rekt\u00f6r Yard\u0131mc\u0131s\u0131 Prof. Dr. Ali Kaya, ME\u00dc \u0130leti\u015fim Fak\u00fcltesi Dekan\u0131 Prof. Senem Duruel Erk\u0131l\u0131\u00e7, Mersin T\u00fcrk Japon Dostluk Derne\u011fi Ba\u015fkan\u0131 S\u00fcleyman Cengiz ve dernek \u00fcyeleriyle, \u00e7ok say\u0131da akademisyen ve \u00f6\u011frenci kat\u0131ld\u0131.<\/p>\n<p>Etkinli\u011fin a\u00e7\u0131l\u0131\u015f\u0131nda konu\u015fan ME\u00dc Rekt\u00f6r Yard\u0131mc\u0131s\u0131 Prof. Dr. Ali Kaya, \u2018\u2019T\u00fcrk-Japon dostlu\u011funun tarihsel k\u00f6keni \u00e7ok eskilere dayan\u0131yor. Bir facia ile ba\u015flam\u0131\u015f olsa da, sa\u011flam temeller \u00fczerine kurularak bug\u00fcnk\u00fc d\u00fczeye ula\u015fm\u0131\u015ft\u0131r. 2003 y\u0131l\u0131nda Japonya\u2019da T\u00fcrk Y\u0131l\u0131 ilan edilmi\u015fti ve \u00fclkemizde 2010 y\u0131l\u0131n\u0131 Japon Y\u0131l\u0131 olarak ilan etmi\u015fti. Bug\u00fcnk\u00fc etkinlikle de, bu dostlu\u011fun daha da per\u00e7inle\u015fece\u011fini d\u00fc\u015f\u00fcn\u00fcyor, etkinlikte eme\u011fi ge\u00e7en herkese \u00dcniversitemiz ad\u0131na te\u015fekk\u00fcrlerimi sunuyorum.\u2019\u2019 ifadelerini kulland\u0131.<\/p>\n<p>ME\u00dc \u0130leti\u015fim Fak\u00fcltesi Dekan\u0131 Prof. Senem Duruel Erk\u0131l\u0131\u00e7 ise, Japon sinemas\u0131n\u0131n ve d\u00fcnya sinemas\u0131n\u0131n b\u00fcy\u00fck ustas\u0131 Akira Kurosawa an\u0131lar\u0131n\u0131 yazd\u0131\u011f\u0131 &#8220;Kurba\u011fa Ya\u011f\u0131 Sat\u0131c\u0131s\u0131&#8221; adl\u0131 kitab\u0131ndan \u00f6rnek vererek ba\u015flad\u0131\u011f\u0131 konu\u015fmas\u0131nda sinemac\u0131lar\u0131n, filmleri ile toplumu iyile\u015ftirdiklerini belirtti. Prof. Senem Duruel Erk\u0131l\u0131\u00e7, Japonya Ankara B\u00fcy\u00fckel\u00e7isi Akio Miyajima&#8217;ya ve etkinli\u011fin d\u00fczenlenmesine katk\u0131 sa\u011flayan Mersin T\u00fcrk Japon Dostluk Derne\u011fi&#8217;ne te\u015fekk\u00fcr etti. \u00a0<br \/>\nKonferansta T\u00fcrk \u2013 Japon ili\u015fkilerini kat\u0131l\u0131mc\u0131lara aktaran ve birbirine uzak iki co\u011frafya olsa da T\u00fcrkiye ve Japonya\u2019n\u0131n tek y\u00fcrek oldu\u011funu vurgulayan B\u00fcy\u00fckel\u00e7i Akio Miyajima; \u2018\u20192017 y\u0131l\u0131ndan itibaren atand\u0131\u011f\u0131m Japonya Ankara B\u00fcy\u00fckel\u00e7ili\u011fi\u2019nde Mersin\u2019e ikinci geli\u015fim. Mersin ile karde\u015f \u015fehir olan Kushimoto\u2019nun isminin verildi\u011fi soka\u011f\u0131, Ertu\u011frul An\u0131t\u0131n\u0131 ziyaret ettim. Sadece Mersin\u2019de de\u011fil, bir \u00e7ok \u015fehri de ziyaret etmeye devam ediyorum.\u2019\u2019 dedi.<br \/>\nT\u00fcrk ve Japon dostlu\u011funun \u00f6rneklerinin tarih boyunca bir \u00e7ok olayda kar\u015f\u0131m\u0131za \u00e7\u0131kt\u0131\u011f\u0131n\u0131 belirten B\u00fcy\u00fckel\u00e7i Miyajima, \u2018\u2019Ertu\u011frul facias\u0131, 1985 y\u0131l\u0131nda Tahran\u2019daki Japon vatanda\u015flar\u0131n\u0131n kurtar\u0131lmas\u0131 operasyonu, 1999 D\u00fczce depremi, 2011\u2019de Japonya\u2019daki T\u00f6hoku depremi, yine 2011 y\u0131l\u0131ndaki Van depremi gibi \u00fcz\u00fcc\u00fc olaylarda iki \u00fclke hep bir aradayd\u0131. Sadece yard\u0131m anlam\u0131nda de\u011fil, ekonomik olarak da \u00e7ok g\u00fc\u00e7l\u00fc ili\u015fkilere sahibiz. Bir\u00e7ok Japon firmas\u0131 T\u00fcrkiye\u2019nin potansiyeli ve g\u00fcc\u00fcne g\u00fcvenerek yat\u0131r\u0131mlar\u0131n\u0131 artt\u0131rmaktad\u0131r. T\u00fcm bu ili\u015fkilerin daha da iyiye gidece\u011fine inan\u0131yorum.\u2019\u2019 ifadelerini kulland\u0131.<\/p>\n<p>Japon ve T\u00fcrk film ve dizilerinin her iki \u00fclkede de yay\u0131nland\u0131\u011f\u0131n\u0131 bunun iki \u00fclkenin ileti\u015fiminin kuvvetlenmesinde \u00f6nemli katk\u0131lar sa\u011flad\u0131\u011f\u0131n\u0131 belirten B\u00fcy\u00fckel\u00e7i Miyajima, &#8220;Japon Filmleri G\u00f6sterimi ve di\u011fer etkinlikleri d\u00fczenleyen Mersin \u00dcniversitesi \u0130leti\u015fim Fak\u00fcltesi\u2019ne, Mersin T\u00fcrk Japon Dostluk Derne\u011fi\u2019ne \u00e7ok te\u015fekk\u00fcr ediyor, herkesi \u00fclkemizi ziyaret etmeye davet ediyorum.\u201d dedi.<\/p>\n<p>Mersin T\u00fcrk Japon Dostlu\u011fu Derne\u011fi Ba\u015fkan\u0131 S\u00fcleyman Cengiz ise, \u00a0\u201c\u00c7eyrek as\u0131rd\u0131r, T\u00fcrk ve Japon ili\u015fkilerinin geli\u015fmesini sa\u011flamak i\u00e7in \u00e7al\u0131\u015f\u0131yoruz. Bug\u00fcnk\u00fc etkinlik de bunun bir par\u00e7as\u0131. Umar\u0131m filmler ve konferans herkeste farkl\u0131 ufuklar a\u00e7acakt\u0131r. Bu ba\u011flamda etkinlikte eme\u011fi ge\u00e7en herkese te\u015fekk\u00fcr ediyor, daha g\u00fczel etkinliklerde bulu\u015fmay\u0131 temenni ediyorum.\u201d ifadelerini kulland\u0131.<\/p>\n","protected":false},"excerpt":{"rendered":"<p>ME\u00dc \u0130leti\u015fim Fak\u00fcltesi, Mersin T\u00fcrk Japon Dostluk Derne\u011fi ve Japonya B\u00fcy\u00fckel\u00e7ili\u011fi i\u015fbirli\u011fi ile Japon Filmleri G\u00f6sterimi \u00dcniversitemizde ger\u00e7ekle\u015ftirildi. ME\u00dc Prof. Dr. U\u011fur Oral K\u00fclt\u00fcr Merkezi\u2019nde ger\u00e7ekle\u015ftirilen etkinlikte, ilk olarak Bushi &hellip; <a href=\"https:\/\/akdenizolaygazetesi.com\/?p=3024\" class=\"more-link\">Devam\u0131n\u0131 Oku&#8230;<\/a><\/p>\n","protected":false},"author":1,"featured_media":0,"comment_status":"open","ping_status":"open","sticky":false,"template":"","format":"standard","meta":[],"categories":[],"tags":[],"_links":{"self":[{"href":"https:\/\/akdenizolaygazetesi.com\/index.php?rest_route=\/wp\/v2\/posts\/3024"}],"collection":[{"href":"https:\/\/akdenizolaygazetesi.com\/index.php?rest_route=\/wp\/v2\/posts"}],"about":[{"href":"https:\/\/akdenizolaygazetesi.com\/index.php?rest_route=\/wp\/v2\/types\/post"}],"author":[{"embeddable":true,"href":"https:\/\/akdenizolaygazetesi.com\/index.php?rest_route=\/wp\/v2\/users\/1"}],"replies":[{"embeddable":true,"href":"https:\/\/akdenizolaygazetesi.com\/index.php?rest_route=%2Fwp%2Fv2%2Fcomments&post=3024"}],"version-history":[{"count":0,"href":"https:\/\/akdenizolaygazetesi.com\/index.php?rest_route=\/wp\/v2\/posts\/3024\/revisions"}],"wp:attachment":[{"href":"https:\/\/akdenizolaygazetesi.com\/index.php?rest_route=%2Fwp%2Fv2%2Fmedia&parent=3024"}],"wp:term":[{"taxonomy":"category","embeddable":true,"href":"https:\/\/akdenizolaygazetesi.com\/index.php?rest_route=%2Fwp%2Fv2%2Fcategories&post=3024"},{"taxonomy":"post_tag","embeddable":true,"href":"https:\/\/akdenizolaygazetesi.com\/index.php?rest_route=%2Fwp%2Fv2%2Ftags&post=3024"}],"curies":[{"name":"wp","href":"https:\/\/api.w.org\/{rel}","templated":true}]}}