{"id":3025,"date":"2020-11-04T18:23:30","date_gmt":"2020-11-04T15:23:30","guid":{"rendered":"http:\/\/mersinekonomipolitikagazetesi.com\/?p=3025"},"modified":"2020-11-04T18:23:30","modified_gmt":"2020-11-04T15:23:30","slug":"yalan-haberle-mucadele-icin-seferberlik-baslatilmali","status":"publish","type":"post","link":"https:\/\/akdenizolaygazetesi.com\/?p=3025","title":{"rendered":"&#8220;Yalan haberle m\u00fccadele i\u00e7in seferberlik ba\u015flat\u0131lmal\u0131&#8221;"},"content":{"rendered":"<p>Mersin\u2019de T\u00fcrkiye Karde\u015flik Birli\u011fi (T\u00dcRKAB) taraf\u0131ndan d\u00fczenlenen &#8220;Medya ve Alg\u0131 Y\u00f6netimi&#8221; paneline kat\u0131lan Uluslararas\u0131 Medya Enformasyon Derne\u011fi (UMED) Ba\u015fkan\u0131 Aslan De\u011firmenci, medyan\u0131n d\u00fcnyan\u0131n aynas\u0131 olmas\u0131 gerekti\u011fini ifade etti.\u00a0<br \/>\nMedya \u00fczerinden yap\u0131lan alg\u0131 operasyonlar\u0131n\u0131n en tehlikeli sava\u015flardan biri oldu\u011funu vurgulayan De\u011firmenci, emperyalizm ve onun kontrol\u00fcndeki ter\u00f6r \u00f6rg\u00fctlerinin medyay\u0131 \u00e7\u0131karlar\u0131 do\u011frultusunda silah olarak kulland\u0131klar\u0131n\u0131 ifade etti.\u00a0<br \/>\nBat\u0131\u2019n\u0131n medyay\u0131 ayna olarak de\u011fil, aksine ger\u00e7ekleri perdelemek i\u00e7in kulland\u0131\u011f\u0131na dikkat \u00e7eken De\u011firmenci, &#8220;Fransa\u2019da y\u00fcksek vergiler ve zorla\u015fan ya\u015fam \u015fartlar\u0131n\u0131 protesto eden Sar\u0131 Yelekliler&#8217;e kar\u015f\u0131 kullan\u0131lan orant\u0131s\u0131z g\u00fcc\u00fc g\u00f6r\u00fcyorsunuz. Fakat Bat\u0131 medyas\u0131 olaylar kar\u015f\u0131s\u0131nda \u00fc\u00e7 maymunu oynuyor. S\u00f6z konusu medya hem polisin \u015fiddet eylemlerini yok say\u0131yor hem de haklar\u0131n\u0131 aramak i\u00e7in soka\u011fa \u00e7\u0131kanlar\u0131n taleplerine yer vermiyor. Ancak konu T\u00fcrkiye oldu\u011funda an\u0131nda psikolojik harekete ge\u00e7iyorlar. \u00d6rnek Gezi olaylar\u0131. Gezi olaylar\u0131nda 24 saat canl\u0131 yay\u0131n yapan Bat\u0131 medyas\u0131 Paris\u2019te yak\u0131lan isyan ate\u015fini g\u00f6rmezden geliyor&#8221; dedi.\u00a0<br \/>\nK\u00fcresel \u015febekelerin kontrol\u00fcnde olan medya organlar\u0131n\u0131n alg\u0131larla oynayarak, toplumun masum insanlardan nefret etmesini, zalimleri ise sevmesini dayatt\u0131\u011f\u0131n\u0131 belirten De\u011firmenci, &#8220;En basit \u00f6rne\u011fi Suriyeli m\u00fclteciler. Irk\u00e7\u0131l\u0131\u011f\u0131 besleyen yalan haberlerle bir tak\u0131m \u00e7evreler d\u00fc\u011fmeye bas\u0131yor. Yalan haber dakikada sosyal medya \u00fczerinden milyonlara ula\u015f\u0131yor. Evlerinden, yurtlar\u0131ndan ayr\u0131lmak zorunda kalan karde\u015flerimize kar\u015f\u0131 bir anda \u00f6n yarg\u0131lar olu\u015fuyor, mazlum kimlikleri yok say\u0131larak \u00f6tekile\u015ftiriliyorlar. Ayn\u0131 \u00e7evreler bak\u0131yorsunuz M\u0131s\u0131r\u2019da darbeci Sisi\u2019nin, Suriye\u2019de katliamc\u0131 Esad\u2019\u0131n yan\u0131n da duruyor. Hatta Suudi veliaht Prensi Selman\u2019\u0131n, Zayed ailesinin propagandas\u0131n\u0131 yapmaktan geri durmuyorlar&#8221; \u015feklinde konu\u015ftu.\u00a0<br \/>\nYalan haber ve internet ortam\u0131ndaki yanl\u0131\u015f bilgiyle m\u00fccadele noktas\u0131nda \u00fcst d\u00fczey ad\u0131mlar at\u0131lmas\u0131 gerekti\u011fini de vurgulayan De\u011firmenci, gazeteci, aktivist, akademisyen, sivil toplum \u00f6rg\u00fctleri temsilcileri ve sosyal medya uzmanlar\u0131ndan olu\u015fturulacak bir platformla yeni bir strateji belirlenmesi gerekti\u011fini ifade etti. Bilgi ak\u0131\u015f\u0131 ve yanl\u0131\u015f bilgilendirmenin ola\u011fan\u00fcst\u00fc boyutlara ula\u015ft\u0131\u011f\u0131 bir d\u00f6nemde herkesin sorumluluk almas\u0131, seferberlik ba\u015flat\u0131lmas\u0131 gerekti\u011fine dikkat \u00e7eken De\u011firmenci, &#8220;Medya organlar\u0131, yalan haberden uzak durmal\u0131; \u0131rk\u00e7\u0131, mezhep\u00e7i, k\u0131\u015fk\u0131rt\u0131c\u0131, kin ve nefret i\u00e7eren bir dil yerine sa\u011fduyuyu \u00f6ne \u00e7\u0131karan, birle\u015ftirici bir dil kullanmal\u0131d\u0131r. \u0130\u00e7eri\u011fi bo\u015falt\u0131lm\u0131\u015f, ger\u00e7ekten uzakla\u015ft\u0131r\u0131lm\u0131\u015f, dezenformasyona u\u011fram\u0131\u015f bilgiler medya arac\u0131l\u0131\u011f\u0131yla kitlelere ula\u015ft\u0131r\u0131lmamal\u0131d\u0131r. \u00d6te yandan bir bilgiyi ve foto\u011fraf\u0131 teyit ettiremiyorsak, do\u011frulatam\u0131yorsak sosyal medyada payla\u015fmaktan uzak durmal\u0131y\u0131z&#8221; dedi.<\/p>\n","protected":false},"excerpt":{"rendered":"<p>Mersin\u2019de T\u00fcrkiye Karde\u015flik Birli\u011fi (T\u00dcRKAB) taraf\u0131ndan d\u00fczenlenen &#8220;Medya ve Alg\u0131 Y\u00f6netimi&#8221; paneline kat\u0131lan Uluslararas\u0131 Medya Enformasyon Derne\u011fi (UMED) Ba\u015fkan\u0131 Aslan De\u011firmenci, medyan\u0131n d\u00fcnyan\u0131n aynas\u0131 olmas\u0131 gerekti\u011fini ifade etti.\u00a0 Medya \u00fczerinden &hellip; <a href=\"https:\/\/akdenizolaygazetesi.com\/?p=3025\" class=\"more-link\">Devam\u0131n\u0131 Oku&#8230;<\/a><\/p>\n","protected":false},"author":1,"featured_media":0,"comment_status":"open","ping_status":"open","sticky":false,"template":"","format":"standard","meta":[],"categories":[],"tags":[],"_links":{"self":[{"href":"https:\/\/akdenizolaygazetesi.com\/index.php?rest_route=\/wp\/v2\/posts\/3025"}],"collection":[{"href":"https:\/\/akdenizolaygazetesi.com\/index.php?rest_route=\/wp\/v2\/posts"}],"about":[{"href":"https:\/\/akdenizolaygazetesi.com\/index.php?rest_route=\/wp\/v2\/types\/post"}],"author":[{"embeddable":true,"href":"https:\/\/akdenizolaygazetesi.com\/index.php?rest_route=\/wp\/v2\/users\/1"}],"replies":[{"embeddable":true,"href":"https:\/\/akdenizolaygazetesi.com\/index.php?rest_route=%2Fwp%2Fv2%2Fcomments&post=3025"}],"version-history":[{"count":0,"href":"https:\/\/akdenizolaygazetesi.com\/index.php?rest_route=\/wp\/v2\/posts\/3025\/revisions"}],"wp:attachment":[{"href":"https:\/\/akdenizolaygazetesi.com\/index.php?rest_route=%2Fwp%2Fv2%2Fmedia&parent=3025"}],"wp:term":[{"taxonomy":"category","embeddable":true,"href":"https:\/\/akdenizolaygazetesi.com\/index.php?rest_route=%2Fwp%2Fv2%2Fcategories&post=3025"},{"taxonomy":"post_tag","embeddable":true,"href":"https:\/\/akdenizolaygazetesi.com\/index.php?rest_route=%2Fwp%2Fv2%2Ftags&post=3025"}],"curies":[{"name":"wp","href":"https:\/\/api.w.org\/{rel}","templated":true}]}}