{"id":30269,"date":"2024-04-18T12:50:22","date_gmt":"2024-04-18T09:50:22","guid":{"rendered":"http:\/\/akdenizolaygazetesi.com\/?p=30269"},"modified":"2024-04-18T12:50:22","modified_gmt":"2024-04-18T09:50:22","slug":"otobus-seferleri-artirildi-yeni-hat-acildi","status":"publish","type":"post","link":"https:\/\/akdenizolaygazetesi.com\/?p=30269","title":{"rendered":"OTOB\u00dcS SEFERLER\u0130 ARTIRILDI, YEN\u0130 HAT A\u00c7ILDI"},"content":{"rendered":"<p>Mersin ve Adana aras\u0131nda faaliyet g\u00f6steren tren seferlerinin 22 Nisan itibariyle 2 y\u0131l s\u00fcreyle durdurulmas\u0131 karar\u0131n\u0131n ard\u0131ndan yurtta\u015flar ma\u011fdur olmas\u0131n diye harekete ge\u00e7en Mersin B\u00fcy\u00fck\u015fehir Belediyesi, art\u0131r\u0131lan seferler ve yeni a\u00e7\u0131lan hatlarla \u00f6nlem ald\u0131.<\/p>\n<p>T\u00fcrkiye Cumhuriyeti Devlet Demiryollar\u0131 (TCDD), y\u00fcksek standartl\u0131 demiryolu hatt\u0131 in\u015faat\u0131 \u00e7al\u0131\u015fmalar\u0131 sebebiyle Adana &#8211; Mersin aras\u0131 tren seferlerini 2 y\u0131l s\u00fcreyle iptal edildi. TCDD 6. B\u00f6lge M\u00fcd\u00fcrl\u00fc\u011f\u00fc&#8217;n\u00fcn (Adana) 15 Nisan Pazartesi g\u00fcn\u00fc tren seferleri iptalini resmi yaz\u0131yla bildirdi\u011fi andan itibaren harekete ge\u00e7en Mersin B\u00fcy\u00fck\u015fehir Belediyesi, k\u0131sa s\u00fcrede \u00f6nlemleri ald\u0131.<\/p>\n<p>22 Nisan&#8217;dan itibaren uygulamaya konulacak sefer iptallerinin ard\u0131ndan ula\u015f\u0131m\u0131n\u0131 tren ile sa\u011flayan yurtta\u015flar\u0131 d\u00fc\u015f\u00fcnen Ula\u015f\u0131m Dairesi Ba\u015fkanl\u0131\u011f\u0131 harekete ge\u00e7ti. Mersin-Yenice aras\u0131nda faaliyet g\u00f6steren 141 No&#8217;lu hatt\u0131n ve Tarsus-Yenice aras\u0131nda faaliyet g\u00f6steren 264 No&#8217;lu hatt\u0131n sefer say\u0131s\u0131n\u0131 artt\u0131rd\u0131. Ayn\u0131 zamanda \u00fcniversite \u00f6\u011frencilerini de unutmayan B\u00fcy\u00fck\u015fehir, Tarsus Atat\u00fcrk Caddesi&#8217;nden ba\u015flayan ve Tarsus \u00dcniversitesi ile \u00c7a\u011f \u00dcniversitesi&#8217;nce kadar ula\u015f\u0131m sa\u011flayan 263 No&#8217;lu hatt\u0131 da ilk kez 22 Nisan&#8217;da sefere ba\u015flatacak.<\/p>\n<p>Tren seferlerinin durmas\u0131 Mersinlileri durdurmayacak<\/p>\n<p>Devlet Demiryollar\u0131&#8217;n\u0131n 2 y\u0131l s\u00fcreyle kapatt\u0131\u011f\u0131 tren seferleri nedeniyle yurtta\u015flar\u0131n ma\u011fdur olmamas\u0131 i\u00e7in en k\u0131sa s\u00fcrede \u00f6nlemlerini ald\u0131klar\u0131n\u0131 s\u00f6yleyen Ula\u015f\u0131m Dairesi Ba\u015fkanl\u0131\u011f\u0131 Toplu Ta\u015f\u0131ma \u015eube M\u00fcd\u00fcr\u00fc Bayram Demir, &#8220;\u00d6\u011frenir \u00f6\u011frenmez k\u0131sa zamanda gerekli \u00f6nlemleri almaya \u00e7al\u0131\u015ft\u0131k. Tek amac\u0131m\u0131z halk\u0131m\u0131z\u0131n bu istikamette kesinlikle ma\u011fduriyet ya\u015famamas\u0131. O y\u00fczden bu g\u00fczergahta daha \u00f6nceden faaliyet g\u00f6steren 141 No&#8217;lu Mersin-Ar\u0131kl\u0131 hatt\u0131m\u0131z\u0131n 10 olan sefer say\u0131s\u0131n\u0131 18&#8217;e \u00e7\u0131kard\u0131k. B\u00f6ylece normalde 2 saatte bir sefer yapan hatt\u0131m\u0131z sabahlar\u0131 yar\u0131m saat, \u00f6\u011flen aralar\u0131nda saat ba\u015f\u0131 Yenice b\u00f6lgesinden Mersin&#8217;e kadar kesintisiz bir \u015fekilde gelecek&#8221; diye konu\u015ftu.<\/p>\n<p>Ma\u011fduriyet en aza indirilsin diye seferler artt\u0131r\u0131ld\u0131, yeni hatlar a\u00e7\u0131ld\u0131<\/p>\n<p>\u0130stikamette hizmet veren yerel firmalarla da g\u00f6r\u00fc\u015ft\u00fcklerini belirten Demir, &#8220;D\u00f6rt ayr\u0131 yerel firmam\u0131z\u0131n da seferlerini s\u0131kla\u015ft\u0131rmalar\u0131n\u0131 ve g\u00fczergahlar\u0131 revize etmelerini sa\u011flad\u0131k&#8221; s\u00f6zlerine yer verdi. Sadece Mersin merkeze de\u011fil Yenice ve Tarsus aras\u0131nda faaliyet g\u00f6steren 264 No&#8217;lu hatt\u0131n seferlerini de art\u0131rd\u0131klar\u0131n\u0131 belirten Demir, &#8220;Bu hatt\u0131m\u0131z \u00dcz\u00fcml\u00fc kav\u015fa\u011f\u0131ndan kalk\u0131p Kleopatra Kap\u0131s\u0131na, Makam, Demir Kap\u0131 ve Yenice istikamete gidiyor. G\u00fcnl\u00fck 10 olan sefer say\u0131s\u0131n\u0131 takviye ile beraber 23 sefere \u00e7\u0131kartt\u0131k&#8221; dedi.<\/p>\n<p>Tarsus&#8217;a yeni hatlar a\u00e7\u0131ld\u0131<\/p>\n<p>Sefer art\u0131rman\u0131n yan\u0131 s\u0131ra yeni bir hat da a\u00e7t\u0131klar\u0131n\u0131 m\u00fcjdeleyen Demir, a\u00e7\u0131lan 263 No&#8217;lu hatt\u0131n detaylar\u0131n\u0131 \u015f\u00f6yle anlatt\u0131:<\/p>\n<p>&#8220;Tarsus&#8217;un i\u00e7inde ilk defa faaliyete alaca\u011f\u0131m\u0131z 263 No&#8217;lu hatt\u0131m\u0131z Tarsus \u00dcniversitesi-Atat\u00fcrk Park\u0131-\u00c7a\u011f \u00dcniversitesi \u015feklinde adland\u0131r\u0131ld\u0131. 2 ara\u00e7l\u0131k bu hatt\u0131m\u0131z g\u00fcnde 10-12 sefer faaliyeti g\u00f6sterecek. B\u00f6ylece Tarsus&#8217;un merkezinden ilk defa \u00c7a\u011f \u00dcniversitesi&#8217;ne de \u00f6\u011frencileri ta\u015f\u0131m\u0131\u015f olaca\u011f\u0131z. 2 \u00fcniversite aras\u0131ndaki ve bu hatlar\u0131n aras\u0131nda yer alan mahallelerde ya\u015fayan vatanda\u015flar\u0131m\u0131z\u0131n ula\u015f\u0131m\u0131n\u0131 sa\u011flam\u0131\u015f olaca\u011f\u0131z.&#8221;<\/p>\n<p>Vatanda\u015flar\u0131n b\u00fct\u00fcn bu seferleri Teksin uygulamas\u0131 \u00fczerinden takip edebilece\u011fini hat\u0131rlatan Demir; hareket saatleri, \u00fccret tarifeleri ve kalk\u0131\u015f saatlerine ili\u015fkin bilginin de yer ald\u0131\u011f\u0131n\u0131 belirtti. Demir ayn\u0131 zamanda ulasim.mersin.bel.tr adresinde de bu bilgilere ula\u015f\u0131laca\u011f\u0131n\u0131 kaydetti.<\/p>\n<p>Adana&#8217;dan Mersin&#8217;e gelen yolcular\u0131n da ma\u011fdur olmamas\u0131 i\u00e7in gerekli \u00e7al\u0131\u015fmalar\u0131 yapt\u0131klar\u0131n\u0131 s\u00f6yleyen Demir, &#8220;Gerek Adana B\u00fcy\u00fck\u015fehir Belediyesi gerekse Karayollar\u0131 Genel M\u00fcd\u00fcrl\u00fc\u011f\u00fc ile toplant\u0131lara devam ediliyor. Mersin B\u00fcy\u00fck\u015fehir Belediyesi olarak halk\u0131m\u0131z\u0131n her an toplu ta\u015f\u0131ma hizmetine yard\u0131mc\u0131 olmak i\u00e7in gayret ediyoruz&#8221; s\u00f6zlerine yer verdi.<\/p>\n","protected":false},"excerpt":{"rendered":"<p>Mersin ve Adana aras\u0131nda faaliyet g\u00f6steren tren seferlerinin 22 Nisan itibariyle 2 y\u0131l s\u00fcreyle durdurulmas\u0131 karar\u0131n\u0131n ard\u0131ndan yurtta\u015flar ma\u011fdur olmas\u0131n diye harekete ge\u00e7en Mersin B\u00fcy\u00fck\u015fehir Belediyesi, art\u0131r\u0131lan seferler ve yeni &hellip; <a href=\"https:\/\/akdenizolaygazetesi.com\/?p=30269\" class=\"more-link\">Devam\u0131n\u0131 Oku&#8230;<\/a><\/p>\n","protected":false},"author":2,"featured_media":30270,"comment_status":"open","ping_status":"open","sticky":false,"template":"","format":"standard","meta":[],"categories":[34,1,2,3,5],"tags":[],"_links":{"self":[{"href":"https:\/\/akdenizolaygazetesi.com\/index.php?rest_route=\/wp\/v2\/posts\/30269"}],"collection":[{"href":"https:\/\/akdenizolaygazetesi.com\/index.php?rest_route=\/wp\/v2\/posts"}],"about":[{"href":"https:\/\/akdenizolaygazetesi.com\/index.php?rest_route=\/wp\/v2\/types\/post"}],"author":[{"embeddable":true,"href":"https:\/\/akdenizolaygazetesi.com\/index.php?rest_route=\/wp\/v2\/users\/2"}],"replies":[{"embeddable":true,"href":"https:\/\/akdenizolaygazetesi.com\/index.php?rest_route=%2Fwp%2Fv2%2Fcomments&post=30269"}],"version-history":[{"count":1,"href":"https:\/\/akdenizolaygazetesi.com\/index.php?rest_route=\/wp\/v2\/posts\/30269\/revisions"}],"predecessor-version":[{"id":30271,"href":"https:\/\/akdenizolaygazetesi.com\/index.php?rest_route=\/wp\/v2\/posts\/30269\/revisions\/30271"}],"wp:featuredmedia":[{"embeddable":true,"href":"https:\/\/akdenizolaygazetesi.com\/index.php?rest_route=\/wp\/v2\/media\/30270"}],"wp:attachment":[{"href":"https:\/\/akdenizolaygazetesi.com\/index.php?rest_route=%2Fwp%2Fv2%2Fmedia&parent=30269"}],"wp:term":[{"taxonomy":"category","embeddable":true,"href":"https:\/\/akdenizolaygazetesi.com\/index.php?rest_route=%2Fwp%2Fv2%2Fcategories&post=30269"},{"taxonomy":"post_tag","embeddable":true,"href":"https:\/\/akdenizolaygazetesi.com\/index.php?rest_route=%2Fwp%2Fv2%2Ftags&post=30269"}],"curies":[{"name":"wp","href":"https:\/\/api.w.org\/{rel}","templated":true}]}}