{"id":3044,"date":"2020-11-04T18:23:30","date_gmt":"2020-11-04T15:23:30","guid":{"rendered":"http:\/\/mersinekonomipolitikagazetesi.com\/?p=3044"},"modified":"2020-11-04T18:23:30","modified_gmt":"2020-11-04T15:23:30","slug":"mersin-buyuksehir-belediyesporda-olcay-orak-donemi","status":"publish","type":"post","link":"https:\/\/akdenizolaygazetesi.com\/?p=3044","title":{"rendered":"Mersin B\u00fcy\u00fck\u015fehir  Belediyespor&#8217;da Olcay Orak d\u00f6nemi"},"content":{"rendered":"<p>Kad\u0131nlar Basketbol S\u00fcper Ligi&#8217;nde m\u00fccadele eden Mersin B\u00fcy\u00fck\u015fehir Belediyespor, \u00d6zlem \u015eencan&#8217;dan bo\u015falan ba\u015fantren\u00f6rl\u00fck g\u00f6revine Olcay Orak&#8217;\u0131 getirdi. Daha \u00f6ncede Mersin ekibinde \u00e7al\u0131\u015fan Orak, bug\u00fcn EuroCup&#8217;da oynanacak Sepsi Sic kar\u015f\u0131la\u015fmas\u0131nda tak\u0131m\u0131n ba\u015f\u0131nda yer alacak.\u00a0<br \/>\nKul\u00fcpten yap\u0131lan yaz\u0131l\u0131 a\u00e7\u0131klamaya g\u00f6re, \u00d6zlem \u015eencan&#8217;dan bo\u015falan ba\u015fantren\u00f6rl\u00fck g\u00f6rev i\u00e7in daha \u00f6ncede kul\u00fcpte g\u00f6rev yapan Olcay Orak ile anla\u015f\u0131ld\u0131. Orak&#8217;a ba\u015far\u0131lan dilenen a\u00e7\u0131klamada, Orak&#8217;\u0131n bug\u00fcn EuroCup&#8217;da oynanacak Mersin B\u00fcy\u00fck\u015fehir Belediyespor, Sepsi Sic kar\u015f\u0131la\u015fmas\u0131nda tak\u0131m\u0131n ba\u015f\u0131nda yer alaca\u011f\u0131 belirtildi.\u00a0<br \/>\nMersin ekibi, ligde 7 ma\u00e7a \u00e7\u0131karken bu ma\u00e7lardan 3&#8217;\u00fcn\u00fc kazand\u0131, 4&#8217;\u00fcn\u00fc kaybetti. \u0130ni\u015fli, \u00e7\u0131k\u0131\u015fl\u0131 bir grafik sergileyen tak\u0131m bu ma\u00e7larda rakip potaya 548 say\u0131 atarken, potas\u0131nda 543 say\u0131 g\u00f6rd\u00fc. \u00a0<\/p>\n","protected":false},"excerpt":{"rendered":"<p>Kad\u0131nlar Basketbol S\u00fcper Ligi&#8217;nde m\u00fccadele eden Mersin B\u00fcy\u00fck\u015fehir Belediyespor, \u00d6zlem \u015eencan&#8217;dan bo\u015falan ba\u015fantren\u00f6rl\u00fck g\u00f6revine Olcay Orak&#8217;\u0131 getirdi. Daha \u00f6ncede Mersin ekibinde \u00e7al\u0131\u015fan Orak, bug\u00fcn EuroCup&#8217;da oynanacak Sepsi Sic kar\u015f\u0131la\u015fmas\u0131nda tak\u0131m\u0131n &hellip; <a href=\"https:\/\/akdenizolaygazetesi.com\/?p=3044\" class=\"more-link\">Devam\u0131n\u0131 Oku&#8230;<\/a><\/p>\n","protected":false},"author":1,"featured_media":0,"comment_status":"open","ping_status":"open","sticky":false,"template":"","format":"standard","meta":[],"categories":[],"tags":[],"_links":{"self":[{"href":"https:\/\/akdenizolaygazetesi.com\/index.php?rest_route=\/wp\/v2\/posts\/3044"}],"collection":[{"href":"https:\/\/akdenizolaygazetesi.com\/index.php?rest_route=\/wp\/v2\/posts"}],"about":[{"href":"https:\/\/akdenizolaygazetesi.com\/index.php?rest_route=\/wp\/v2\/types\/post"}],"author":[{"embeddable":true,"href":"https:\/\/akdenizolaygazetesi.com\/index.php?rest_route=\/wp\/v2\/users\/1"}],"replies":[{"embeddable":true,"href":"https:\/\/akdenizolaygazetesi.com\/index.php?rest_route=%2Fwp%2Fv2%2Fcomments&post=3044"}],"version-history":[{"count":0,"href":"https:\/\/akdenizolaygazetesi.com\/index.php?rest_route=\/wp\/v2\/posts\/3044\/revisions"}],"wp:attachment":[{"href":"https:\/\/akdenizolaygazetesi.com\/index.php?rest_route=%2Fwp%2Fv2%2Fmedia&parent=3044"}],"wp:term":[{"taxonomy":"category","embeddable":true,"href":"https:\/\/akdenizolaygazetesi.com\/index.php?rest_route=%2Fwp%2Fv2%2Fcategories&post=3044"},{"taxonomy":"post_tag","embeddable":true,"href":"https:\/\/akdenizolaygazetesi.com\/index.php?rest_route=%2Fwp%2Fv2%2Ftags&post=3044"}],"curies":[{"name":"wp","href":"https:\/\/api.w.org\/{rel}","templated":true}]}}