{"id":30525,"date":"2024-05-14T12:44:14","date_gmt":"2024-05-14T09:44:14","guid":{"rendered":"http:\/\/akdenizolaygazetesi.com\/?p=30525"},"modified":"2024-05-14T12:44:14","modified_gmt":"2024-05-14T09:44:14","slug":"pamukluk-barajindan-cazibe-ile-su-gelince-maliyetler-yuzde-30-35-azalacak","status":"publish","type":"post","link":"https:\/\/akdenizolaygazetesi.com\/?p=30525","title":{"rendered":"&#8220;PAMUKLUK BARAJI&#8217;NDAN CAZ\u0130BE \u0130LE SU GEL\u0130NCE MAL\u0130YETLER Y\u00dcZDE 30-35 AZALACAK&#8221;"},"content":{"rendered":"<p>Mersin Su ve Kanalizasyon \u0130daresi (MESK\u0130) Genel M\u00fcd\u00fcrl\u00fc\u011f\u00fc&#8217;n\u00fcn 2024 Y\u0131l\u0131 May\u0131s Ay\u0131 Ola\u011fan Genel Kurul Toplant\u0131s\u0131, Mersin B\u00fcy\u00fck\u015fehir Belediye Ba\u015fkan\u0131 Vahap Se\u00e7er ba\u015fkanl\u0131\u011f\u0131nda ger\u00e7ekle\u015ftirildi. Kongre ve Sergi Saray\u0131 \u00c7ok Ama\u00e7l\u0131 Salon&#8217;da ger\u00e7ekle\u015ftirilen toplant\u0131da toplam 6 madde g\u00f6r\u00fc\u015f\u00fcld\u00fc.<\/p>\n<p>2023 Mali Y\u0131l\u0131 Faaliyet Raporu oy \u00e7oklu\u011fuyla kabul edildi<\/p>\n<p>Mersin B\u00fcy\u00fck\u015fehir Belediyesi&#8217;nin yeni logosunun su renginin de MESK\u0130 Genel M\u00fcd\u00fcrl\u00fc\u011f\u00fc&#8217;n\u00fcn yeni logosu olmas\u0131 ve 2023 Mali Y\u0131l\u0131 Faaliyet Raporu oy \u00e7oklu\u011fu ile kabul edildi. Genel Kurulu Faaliyet Raporu&#8217;nun g\u00f6r\u00fc\u015f\u00fcld\u00fc\u011f\u00fc maddede mevzuat gere\u011fi Meclis Birinci Ba\u015fkan Vekili Ali Uyan y\u00f6netti.<\/p>\n<p>&#8220;Hi\u00e7bir belediye ba\u015fkan\u0131 kamu hizmetlerinde kar amac\u0131 g\u00fctmez&#8221;<\/p>\n<p>MESK\u0130&#8217;ye ili\u015fkin gelen sorular\u0131 yan\u0131tlamak i\u00e7in s\u00f6z alan Ba\u015fkan Se\u00e7er, su faturalar\u0131na gelen ele\u015ftiriler hakk\u0131nda konu\u015ftu. Mersin merkezin y\u00fczde 80&#8217;inin i\u00e7me suyunun Tarsus&#8217;tan cazibe yoluyla geldi\u011fini ve bu nedenle y\u00fcksek elektrik faturas\u0131n\u0131n da su faturalar\u0131na yans\u0131t\u0131ld\u0131\u011f\u0131na dikkat \u00e7eken Se\u00e7er, &#8220;Tabi ki mevcut su fiyatlar\u0131n\u0131n daha a\u015fa\u011f\u0131s\u0131nda su temini sa\u011flamak isteriz. Hi\u00e7bir belediye ba\u015fkan\u0131 hizmet ula\u015ft\u0131r\u0131rken, bedel \u00f6denen \u00fccretlerde bir ticari kafayla d\u00fc\u015f\u00fcnmez, kamu hizmetleri kar amac\u0131 g\u00fctmez. Kamu hizmetleri kamu yarar\u0131na yap\u0131lan hizmetlerdir. Baz\u0131 hizmetlerde hizmetin bedelini al\u0131rs\u0131n\u0131z. \u00d6yle hizmetler var ki o hizmetlere s\u00fcbvansiyon yapars\u0131n\u0131z&#8221; diyerek, ula\u015f\u0131mda ve su faturalar\u0131nda bu s\u00fcbvansiyonu yapt\u0131klar\u0131n\u0131 ve sosyal politikalardan MESK\u0130&#8217;ye aktar\u0131m yapamayacaklar\u0131n\u0131 kaydetti.<\/p>\n<p>&#8220;Pamukluk Baraj\u0131&#8217;ndan cazibe ile su gelince maliyetler y\u00fczde 30-35 azalacak&#8221;<\/p>\n<p>Se\u00e7er, Devlet Su \u0130\u015fleri&#8217;nin (DS\u0130) 2016 y\u0131l\u0131nda Mersin B\u00fcy\u00fck\u015fehir Belediyesi Y\u00f6netimi ve MESK\u0130 y\u00f6netimiyle imzalad\u0131\u011f\u0131 protokol\u00fcn uygulanmas\u0131 halinde faturalar\u0131n daha d\u00fc\u015f\u00fck olaca\u011f\u0131n\u0131 s\u00f6yleyen Se\u00e7er, &#8220;Hi\u00e7bir sular idaresi kurumu kendi \u00f6z gelirleriyle \u015firketi s\u00fcrd\u00fcremez, s\u00fcrd\u00fcr\u00fclebilir de\u011fildir. Sa\u011flad\u0131\u011f\u0131n\u0131z bir birim hizmetin maliyeti vatanda\u015ftan tahsil etti\u011finiz bedele g\u00f6re daima y\u00fcksek. E\u011fer ki sular idaresi uygun vadeli, uygun maliyetli krediler bulmazsa, hatta hibe kredilere ula\u015famazsa yat\u0131r\u0131m yapamaz. Kanalizasyon soka\u011fa akar, temiz i\u00e7me suyuna eri\u015fim gecikir, hi\u00e7bir yat\u0131r\u0131m yapamaz. \u00c7\u00fcnk\u00fc paras\u0131 buna yetmez&#8221; dedi. MESK\u0130&#8217;nin vatanda\u015ftan toplad\u0131\u011f\u0131 su bedeli d\u0131\u015f\u0131nda herhangi bir gelirinin olmad\u0131\u011f\u0131n\u0131 s\u00f6yleyen Se\u00e7er, &#8220;K\u0131sa s\u00fcre i\u00e7erisinde Pamukluk Baraj\u0131&#8217;ndan cazibeyle su gelecek ve bir ilave elektrik enerjisi \u00f6demeyece\u011fiz. Bunu sa\u011flad\u0131\u011f\u0131m\u0131z zaman direkt faturalara y\u00fczde 30-35 oran\u0131nda indirim yans\u0131yacak&#8221; diye konu\u015ftu.<\/p>\n<p>Krediye ula\u015f\u0131m\u0131n imk\u00e2ns\u0131z hale geldi\u011finden s\u00f6z ederek, \u0130ller Bankas\u0131&#8217;n\u0131n uzun s\u00fcre kredi tercihini yaparken de belediyeler aras\u0131nda parti ayr\u0131m\u0131 yapt\u0131\u011f\u0131n\u0131 s\u00f6zlerine ekleyen Se\u00e7er, &#8220;Bunu aleni ve a\u00e7\u0131k a\u00e7\u0131k s\u00f6yl\u00fcyorum. Umut ediyorum yeni d\u00f6nemde bu anlay\u0131\u015ftan uzak kal\u0131n\u0131r&#8221; ifadelerine yer verdi.<\/p>\n<p>Se\u00e7er, altyap\u0131 yat\u0131r\u0131mlar\u0131na ili\u015fkin; &#8220;Bunlar su faturalar\u0131n\u0131n azalmas\u0131na neden olacak yat\u0131r\u0131mlar&#8221;<\/p>\n<p>Se\u00e7er, Mersin genelinde hayata ge\u00e7irdikleri ve ge\u00e7irecekleri kanalizasyon, at\u0131ksu ar\u0131tma, i\u00e7me suyu ve alt yap\u0131 \u00e7al\u0131\u015fmalar\u0131n\u0131n t\u00fcm\u00fcn\u00fcn 156 milyon avroluk finansman paketinin i\u00e7inde yer ald\u0131\u011f\u0131ndan bahsederek, &#8220;Bunlar zaman i\u00e7erisinde MESK\u0130&#8217;nin daha da g\u00fc\u00e7lenmesine, d\u00fczene girmesine, maliyetlerinin d\u00fc\u015fmesine ve su faturalar\u0131n\u0131n azalmas\u0131na neden olacak yat\u0131r\u0131mlar&#8221; diye vurgulad\u0131.<\/p>\n<p>B\u00fcy\u00fck\u015fehir olarak kendi \u00f6z gelirleri ile yapt\u0131klar\u0131 yat\u0131r\u0131mlardan da s\u00f6z eden Se\u00e7er, &#8220;Biz \u0130ller Bankas\u0131&#8217;ndan 5 y\u0131ld\u0131r do\u011fru d\u00fcr\u00fcst bir kredi kullanamad\u0131k ama yat\u0131r\u0131mlar\u0131m\u0131z devam etti. \u00d6nemli teknoloji yat\u0131r\u0131mlar\u0131 yapt\u0131k; su SCADA&#8217;s\u0131, elektrik SCADA&#8217;s\u0131 ve bunlar\u0131n DMA&#8217;lar\u0131&#8230; Bunlar ciddi teknoloji yat\u0131r\u0131mlar\u0131. Suyu 360 derece izliyoruz. Suyun kayna\u011f\u0131ndan \u00e7\u0131k\u0131p, nihai olarak at\u0131ksu ar\u0131tma tesisinden ar\u0131t\u0131ld\u0131ktan, de\u015farj edildi\u011fi noktaya kadar biz buralardan takip ediyoruz&#8221; ifadelerine yer verdi.<\/p>\n<p>&#8220;Teknolojik yat\u0131r\u0131mlar bizde kay\u0131p ka\u00e7a\u011f\u0131 \u00f6nl\u00fcyor ve su tasarrufunu sa\u011fl\u0131yor&#8221;<\/p>\n<p>Yapt\u0131klar\u0131 i\u00e7me suyu yat\u0131r\u0131mlar\u0131n\u0131n da Anamur&#8217;dan Tarsus&#8217;a kadar kredisiz yap\u0131ld\u0131\u011f\u0131n\u0131 ifade eden Se\u00e7er, &#8220;5 y\u0131ld\u0131r her tarafta MESK\u0130 \u015fantiye gibi \u00e7al\u0131\u015f\u0131yor. Bunlar\u0131 kendi \u00f6z gelirleriyle yap\u0131yor. Bu teknolojik yat\u0131r\u0131mlar bizde kay\u0131p ka\u00e7a\u011f\u0131 \u00f6nl\u00fcyor ve su tasarrufunu sa\u011fl\u0131yor. Hem suyun \u00e7al\u0131nmas\u0131n\u0131 hem de zayi olmas\u0131n\u0131 \u00f6nl\u00fcyor. \u00c7\u00fcnk\u00fc nerede ne ar\u0131za var, nerede suyunuz \u00e7al\u0131n\u0131yor g\u00f6r\u00fcyorsunuz. \u00c7ok y\u00fcksek oranlarda kay\u0131p-ka\u00e7ak oran\u0131. Yani her sisteme giren suyun emin olabilirsiniz yar\u0131s\u0131ndan fazlas\u0131 \u00e7al\u0131n\u0131yordu. Ka\u00e7ak kullan\u0131m \u00e7almakt\u0131r, suyu \u00e7almakt\u0131r, di\u011ferinin hakk\u0131na tecav\u00fcz etmektir, su s\u0131k\u0131nt\u0131s\u0131d\u0131r. \u00d6zellikle yaylalarda yasa d\u0131\u015f\u0131 kullan\u0131mlar su s\u0131k\u0131nt\u0131s\u0131d\u0131r. Su de\u011ferlidir, \u00f6nemlidir. Bunun da bilincinde oldu\u011fumuzu bilmenizi isteriz&#8221; dedi.<\/p>\n<p>Kendi y\u00f6netimlerinden \u00f6nce MESK\u0130 b\u00fcnyesinde bir\u00e7ok \u00f6nemli yat\u0131r\u0131m\u0131n yap\u0131lmad\u0131\u011f\u0131na vurgu yapan Ba\u015fkan Se\u00e7er, &#8220;Kimse zaten \u00fczerine su\u00e7 elbisesini giymek istemiyor. MESK\u0130&#8217;de \u00e7ok \u00f6nemli deformasyonlar, tahribatlar vard\u0131. Abone sistemi allak bullakt\u0131. Neleri \u00e7\u0131kartt\u0131k, nelerle u\u011fra\u015ft\u0131k, hepsini bir d\u00fczene koyduk. Do\u011fru d\u00fcr\u00fcst bir \u00e7al\u0131\u015fma ofisi yoktu. Silifke Caddesi&#8217;ne o binay\u0131 MESK\u0130 i\u00e7in yapt\u0131k&#8221; dedi. Ba\u015fkan Se\u00e7er, art\u0131k vatanda\u015flar\u0131n tertemiz bir ortamda i\u015flemlerini h\u0131zl\u0131 bir \u015fekilde yapt\u0131\u011f\u0131na de\u011finirken yap\u0131lan yeni teknolojik yat\u0131r\u0131mlar sayesinde bir\u00e7ok i\u015fin dijital ortamda yap\u0131labildi\u011fini s\u00f6yledi.<\/p>\n<p>Bir Meclis \u00fcyesinin var olan bir ar\u0131zan\u0131n g\u00fcnlerce yap\u0131lmad\u0131\u011f\u0131n\u0131 iddia etmesi \u00fczerine Ba\u015fkan Se\u00e7er, &#8220;E\u011fer bu size aktar\u0131lm\u0131\u015f bir bilgi ise emin olun yanl\u0131\u015f bir bilgi&#8221; ifadelerini kulland\u0131. Ba\u015fkan Se\u00e7er, Teksin&#8217;e b\u0131rak\u0131lan bir ar\u0131za kayd\u0131n\u0131n sonu\u00e7lan\u0131ncaya kadar takip edildi\u011fini ve kendisine rapor edildi\u011fini kaydederek, t\u00fcm Meclis \u00fcyelerinin ve vatanda\u015flar\u0131n Teksin&#8217;i ve Alo 185&#8217;i etkin bir \u015fekilde kullanmas\u0131n\u0131 tavsiye etti.<\/p>\n<p>&#8220;MESK\u0130&#8217;ye bir kurum h\u00fcviyeti verdik&#8221;<\/p>\n<p>Y\u0131llar \u00f6nce yap\u0131lan kanalizasyon ve i\u00e7mesuyu hatlar\u0131n\u0131n bir\u00e7o\u011funun demode oldu\u011funu ve t\u00fcm bunlar\u0131 yenilemeleri gerekti\u011fini s\u00f6zlerine ekleyen Ba\u015fkan Se\u00e7er, &#8220;Kimse; &#8216;burada ne oluyor&#8217; dememi\u015f. Bizim d\u00f6nemimizde Mersin alt yap\u0131s\u0131n\u0131n MR&#8217;\u0131n\u0131 \u00e7ektik. Yeni teknolojik y\u00f6ntemlerle altyap\u0131y\u0131 k\u0131rmadan, d\u00f6kmeden, kaz\u0131 yapmadan, ilave maliyetlere gereksinim duymadan temizlemeye ba\u015flad\u0131k. Bunlar\u0131 ilave maliyetlere gereksinim duymadan son teknoloji ile yapt\u0131k. Bug\u00fcne kadar bunu kimse yapmad\u0131. T\u00fcrkiye&#8217;de de bunu yapan birka\u00e7 belediyeden bir tanesidir Mersin B\u00fcy\u00fck\u015fehir Belediyesi Sular \u0130daresi. Bunlar\u0131n maliyetleri tamamen MESK\u0130&#8217;nin \u00f6z gelirleri ile \u00f6denmi\u015ftir. MESK\u0130&#8217;ye bir kurum h\u00fcviyeti verdik. Bunun da bedelini tabi ki \u00f6demek zorundas\u0131n\u0131z. Bunu da \u00f6dedik&#8221; diye belirtti.<\/p>\n<p>&#8220;Bu pahal\u0131l\u0131\u011f\u0131n m\u00fcsebbibi sizin h\u00fck\u00fcmetiniz&#8221;<\/p>\n<p>Su fiyatlar\u0131ndan \u015fik\u00e2yetlere de de\u011finen Ba\u015fkan Se\u00e7er, hayat pahal\u0131l\u0131\u011f\u0131 ger\u00e7e\u011finin oldu\u011funu vurgulad\u0131. Ba\u015fkan Se\u00e7er, su pahal\u0131l\u0131\u011f\u0131n m\u00fcsebbibinin kendisi olmad\u0131\u011f\u0131n\u0131n ve merkezi y\u00f6netim oldu\u011funun alt\u0131n\u0131 \u00e7izerek, \u015f\u00f6yle devam etti:<\/p>\n<p>&#8220;Bu tip \u015fikayetler beni mutlu etmiyor. Su fiyatlar\u0131nda \u015fikayet var ama hayat pahal\u0131l\u0131\u011f\u0131ndan da \u015fikayet var. Sanayici elektrik fiyatlar\u0131ndan, ta\u015f\u0131mac\u0131 akaryak\u0131t fiyatlar\u0131ndan, yoksul insan g\u0131da fiyatlar\u0131ndan, \u00f6\u011frenciler k\u0131rtasiye fiyatlar\u0131ndan, vatanda\u015f da kulland\u0131\u011f\u0131 su fiyatlar\u0131ndan \u015fikayet ediyor ama bunun m\u00fcsebbibi ben de\u011filim. Bunun m\u00fcsebbibi sizin h\u00fck\u00fcmetiniz. Ke\u015fke temel yap\u0131 malzemelerinde, akaryak\u0131tta, elektrik giderlerinde bu tip kamu yarar\u0131na \u00e7al\u0131\u015fan \u015firketlerde \u00e7al\u0131\u015fan \u00fccretlerinin vergilerinin tekrar bir g\u00f6zden ge\u00e7irilmesinde parlamento d\u00fczenleme yapsa. \u00d6rne\u011fin kamunun kulland\u0131\u011f\u0131 akaryak\u0131ttan \u00d6TV&#8217;yi, KDV&#8217;yi kald\u0131rsan\u0131z. Buradan vatanda\u015flar\u0131ma Ba\u015fkanlar\u0131 olarak su fiyatlar\u0131ndaki serzeni\u015flerini ve \u015fikayetlerini anlay\u0131\u015fla kar\u015f\u0131lad\u0131\u011f\u0131m\u0131 ifade etmek istiyorum ama onlar da \u00e7ok k\u0131sa s\u00fcre i\u00e7erisinde bunlar\u0131n dengeye oturdu\u011funu g\u00f6recekler. MESK\u0130 de \u00f6zellikle temel hayati ihtiya\u00e7lar\u0131 olan i\u00e7me suyu temininde, kanalizasyon hizmetlerinde g\u00f6revini bug\u00fcne kadar oldu\u011fu gibi bundan sonra da aksatmadan devam edecektir. Bunun da b\u00f6yle bilinmesini isteriz. Azmimiz, \u00e7al\u0131\u015fmam\u0131z, projelerimiz, birikimlerimiz bunun teminat\u0131d\u0131r.&#8221;<\/p>\n<p>&#8220;MESK\u0130 il\u00e7e belediyelerinin evsel at\u0131k tahsildar\u0131 de\u011fil&#8221;<\/p>\n<p>Evsel at\u0131k vergisinin il\u00e7e belediyeleri ad\u0131na Mersin B\u00fcy\u00fck\u015fehir Belediyesi taraf\u0131ndan topland\u0131\u011f\u0131na de\u011finen Ba\u015fkan Se\u00e7er, bunun da vatanda\u015flar taraf\u0131ndan B\u00fcy\u00fck\u015fehir Belediyesi taraf\u0131ndan topland\u0131\u011f\u0131n\u0131 d\u00fc\u015f\u00fcnmesine neden oldu\u011funu s\u00f6yledi.  &#8220;Evsel at\u0131k bedeli il\u00e7e belediyelerine gidiyor. &#8216;Faturalar \u00e7ok kabar\u0131k geliyor&#8217; diyorlar ancak bunun \u00c7TV&#8217;si var KDV&#8217;si var. Maliye&#8217;ye giden ya da di\u011fer kurumlara giden vergi kalemleri var. Bunlar da bizi yoruyor, faturay\u0131 kabart\u0131yor. Biz bu uygulamay\u0131 ge\u00e7ti\u011fimiz d\u00f6nem ba\u015flatt\u0131k onu da ifade edeyim. \u015eimdi arkada\u015flar\u0131m\u0131z mevzuat\u0131 inceliyorlar. M\u00fcmk\u00fcnse y\u00fcce Meclisin de takdirine sunaca\u011f\u0131m. \u0130l\u00e7e belediyeleri art\u0131k siz kendi evsel at\u0131k bedellerinizi kendiniz toplay\u0131n. Yasa koyucu b\u00f6yle bir \u015fey yapm\u0131\u015f beni tahsildar tayin etmi\u015f. MESK\u0130 il\u00e7e belediyelerinin evsel at\u0131k tahsildar\u0131 de\u011fil. L\u00fctfen siz de bana yard\u0131mc\u0131 olun. \u00d6n\u00fcm\u00fczdeki g\u00fcnlerde y\u00fcce Meclis&#8217;in huzuruna bu konuyu getirece\u011fiz ve art\u0131k MESK\u0130&#8217;nin bu i\u015flerden azat edilmesini y\u00fcce Meclis&#8217;ten istemek durumunday\u0131z&#8221; dedi. Ba\u015fkan Se\u00e7er, MESK\u0130&#8217;nin bir\u00e7ok \u00fccretinin il\u00e7e belediyelerinin ald\u0131\u011f\u0131 \u00fccretlerden daha d\u00fc\u015f\u00fck oldu\u011funu da vurgulad\u0131.<\/p>\n<p>&#8220;Su standartlar\u0131n\u0131; kalite, arz ve temin y\u00f6n\u00fcnden sa\u011fl\u0131yoruz&#8221;<\/p>\n<p>Ba\u015fkan Se\u00e7er, Mersin&#8217;in co\u011frafi \u00f6zelliklerinin farkl\u0131 olu\u015funun yap\u0131lan yat\u0131r\u0131mlar\u0131n maliyetini etkiledi\u011fini bunun da kurum giderlerini art\u0131rd\u0131\u011f\u0131n\u0131 belirtti. Kurum giderlerinin azalt\u0131lmas\u0131 ve verimlili\u011fin art\u0131r\u0131lmas\u0131 i\u00e7in \u00e7al\u0131\u015fmalar\u0131 s\u00fcrd\u00fcrd\u00fcklerini s\u00f6zlerine ekleyen Ba\u015fkan Se\u00e7er,  i\u00e7me suyunun standartlara uygunlu\u011fu konusunda da &#8220;Bizim standart ve s\u00fcreklilikte herhangi bir s\u0131k\u0131nt\u0131m\u0131z yok. Su ula\u015ft\u0131rd\u0131\u011f\u0131m\u0131z yerlerde kalite y\u00f6n\u00fcnden de temin y\u00f6n\u00fcnden de arz y\u00f6n\u00fcnden de su standartlar\u0131n\u0131 sa\u011fl\u0131yoruz. Bizim \u00e7ok de\u011ferli bir laboratuvar\u0131m\u0131z var. Su analizleri konusunda arkada\u015flar\u0131m\u0131z su kalitesi ile ilgili de denetimlerini yerine getirirler&#8221; c\u00fcmlelerini kulland\u0131.<\/p>\n<p>MESK\u0130&#8217;nin SCADA sisteminin bir\u00e7ok problemi \u00e7\u00f6zen teknolojik bir yat\u0131r\u0131m oldu\u011funu s\u00f6yleyen Se\u00e7er, hizmet g\u00f6t\u00fcr\u00fclen b\u00f6lgelerde sondaj suyu olmas\u0131n\u0131n, otomatik klorlama ya da ka\u00e7ak kay\u0131p oranlar\u0131n\u0131n nispeti gibi t\u00fcm fakt\u00f6rlerin i\u00e7me suyu standartlar\u0131n\u0131n uygunlu\u011funun sa\u011flanmas\u0131 konusunda da kuruma art\u0131 veya eksi avantajlar sa\u011flad\u0131\u011f\u0131n\u0131 kaydetti. Yeni d\u00f6nemde de MESK\u0130 Genel M\u00fcd\u00fcrl\u00fc\u011f\u00fc&#8217;n\u00fcn faaliyetlerini en iyi noktalara ta\u015f\u0131yaca\u011f\u0131n\u0131n s\u00f6z\u00fcn\u00fc verebileceklerini belirten Se\u00e7er, &#8220;B\u00f6yle bir altyap\u0131m\u0131z var b\u00f6yle bir deneyimimiz var. Bizim y\u00f6netim anlay\u0131\u015f\u0131m\u0131z\u0131n 5 y\u0131ll\u0131k bir birikimi var. \u0130kinci 5 y\u0131l\u0131m\u0131zda bunu kuruma de\u011fer katarak artt\u0131raca\u011f\u0131m\u0131zdan en k\u00fc\u00e7\u00fck bir \u015f\u00fcphemiz yok. Umut ediyorum MESK\u0130 \u00e7ok daha efektif, \u00e7ok daha s\u00fcrd\u00fcr\u00fclebilir, \u00e7ok daha kaliteli hizmetlerine \u00f6n\u00fcm\u00fczdeki g\u00fcnlerde de devam edecek&#8221; diyerek konu\u015fmas\u0131n\u0131 sonland\u0131rd\u0131.<\/p>\n","protected":false},"excerpt":{"rendered":"<p>Mersin Su ve Kanalizasyon \u0130daresi (MESK\u0130) Genel M\u00fcd\u00fcrl\u00fc\u011f\u00fc&#8217;n\u00fcn 2024 Y\u0131l\u0131 May\u0131s Ay\u0131 Ola\u011fan Genel Kurul Toplant\u0131s\u0131, Mersin B\u00fcy\u00fck\u015fehir Belediye Ba\u015fkan\u0131 Vahap Se\u00e7er ba\u015fkanl\u0131\u011f\u0131nda ger\u00e7ekle\u015ftirildi. Kongre ve Sergi Saray\u0131 \u00c7ok Ama\u00e7l\u0131 &hellip; <a href=\"https:\/\/akdenizolaygazetesi.com\/?p=30525\" class=\"more-link\">Devam\u0131n\u0131 Oku&#8230;<\/a><\/p>\n","protected":false},"author":2,"featured_media":30526,"comment_status":"open","ping_status":"open","sticky":false,"template":"","format":"standard","meta":[],"categories":[8,34,2,3,5],"tags":[],"_links":{"self":[{"href":"https:\/\/akdenizolaygazetesi.com\/index.php?rest_route=\/wp\/v2\/posts\/30525"}],"collection":[{"href":"https:\/\/akdenizolaygazetesi.com\/index.php?rest_route=\/wp\/v2\/posts"}],"about":[{"href":"https:\/\/akdenizolaygazetesi.com\/index.php?rest_route=\/wp\/v2\/types\/post"}],"author":[{"embeddable":true,"href":"https:\/\/akdenizolaygazetesi.com\/index.php?rest_route=\/wp\/v2\/users\/2"}],"replies":[{"embeddable":true,"href":"https:\/\/akdenizolaygazetesi.com\/index.php?rest_route=%2Fwp%2Fv2%2Fcomments&post=30525"}],"version-history":[{"count":1,"href":"https:\/\/akdenizolaygazetesi.com\/index.php?rest_route=\/wp\/v2\/posts\/30525\/revisions"}],"predecessor-version":[{"id":30527,"href":"https:\/\/akdenizolaygazetesi.com\/index.php?rest_route=\/wp\/v2\/posts\/30525\/revisions\/30527"}],"wp:featuredmedia":[{"embeddable":true,"href":"https:\/\/akdenizolaygazetesi.com\/index.php?rest_route=\/wp\/v2\/media\/30526"}],"wp:attachment":[{"href":"https:\/\/akdenizolaygazetesi.com\/index.php?rest_route=%2Fwp%2Fv2%2Fmedia&parent=30525"}],"wp:term":[{"taxonomy":"category","embeddable":true,"href":"https:\/\/akdenizolaygazetesi.com\/index.php?rest_route=%2Fwp%2Fv2%2Fcategories&post=30525"},{"taxonomy":"post_tag","embeddable":true,"href":"https:\/\/akdenizolaygazetesi.com\/index.php?rest_route=%2Fwp%2Fv2%2Ftags&post=30525"}],"curies":[{"name":"wp","href":"https:\/\/api.w.org\/{rel}","templated":true}]}}