{"id":3064,"date":"2020-11-04T18:23:31","date_gmt":"2020-11-04T15:23:31","guid":{"rendered":"http:\/\/mersinekonomipolitikagazetesi.com\/?p=3064"},"modified":"2020-11-04T18:23:31","modified_gmt":"2020-11-04T15:23:31","slug":"mersinde-yavuz-seckin-ruzgari","status":"publish","type":"post","link":"https:\/\/akdenizolaygazetesi.com\/?p=3064","title":{"rendered":"MERS\u0130N\u2019DE  YAVUZ SE\u00c7K\u0130N R\u00dcZGARI"},"content":{"rendered":"<p>Yavuz Se\u00e7kin ve Engelli sanat\u00e7\u0131lar, D\u00fcnya Engelliler G\u00fcn\u00fc nedeniyle Mersin Ortopedik Engelliler Derne\u011fi ile \u0130\u015fitme Engelliler Derne\u011fi taraf\u0131ndan, \u201cHer \u015feye ra\u011fmen hayat\u0131n g\u00fcl\u00fcnecek bir y\u00f6n\u00fc mutlaka vard\u0131r\u201d slogan\u0131yla d\u00fczenlenen gece de davetlilere g\u00fczel bir gece ya\u015fatt\u0131.<\/p>\n<p>Yeni\u015fehir Belediyesi Atat\u00fcrk K\u00fclt\u00fcr Merkezi\u2019nde d\u00fczenlenen organizasyonda, Parodileriyle ve taklitleriyle geceye renk katan sanat\u00e7\u0131, konuklara keyifli bir gece ya\u015fatt\u0131.<br \/>\n\u00a0<br \/>\nGecede Yavuz Se\u00e7kin\u2019e engelliler ad\u0131na bir plaket takdim eden Dernek Ba\u015fkan\u0131 Azize Nalan Bak\u0131r ve Genel Koordinat\u00f6r Ali Kolsuz; \u201cAmac\u0131m\u0131z her \u015feye ra\u011fmen hayat\u0131n g\u00fcl\u00fcnecek bir y\u00f6n\u00fc mutlaka vard\u0131r slogan\u0131yla halk\u0131m\u0131zla ve kurumlarla engellilerin bulu\u015fmas\u0131n\u0131 sa\u011flayarak hep birlikte g\u00fclmenin ve e\u011flencenin tad\u0131n\u0131 \u00e7\u0131karmak ve pozitif bir g\u00fcn ya\u015fatmakt\u0131\u201d dedi. S\u00f6zlerine Yavuz Se\u00e7kin\u2019e bu \u00f6zverisi i\u00e7in te\u015fekk\u00fcr ederek devam eden Bak\u0131r: \u201cMersinlilerin, kurum ve kurulu\u015flar\u0131n bu t\u00fcr etkinliklerimizde yan\u0131m\u0131zda olmas\u0131 gerekiyor. Bizler hi\u00e7bir yap\u0131ya tabi de\u011filiz, biz bir engelli derne\u011fiyiz ve engellileri temsil ediyoruz. Her kurulu\u015fta oldu\u011fu gibi her t\u00fcrden siyasi g\u00f6r\u00fc\u015f\u00fc olan engelliler derne\u011fimiz \u00e7at\u0131s\u0131 alt\u0131nda bulu\u015fuyor ama biz hi\u00e7 kimseyi siyasi g\u00f6r\u00fc\u015f\u00fcne g\u00f6re de\u011ferlendirmiyoruz. Hepsi bizim karde\u015fimiz ve onlar\u0131n sorunlar\u0131n\u0131n \u00e7\u00f6z\u00fcm\u00fc y\u00f6n\u00fcnde faaliyetlerimize devam ediyoruz. Ancak ne yaz\u0131k ki faaliyetlerimizde yan\u0131m\u0131zda g\u00f6rmek istedi\u011fimiz, \u00f6ncelikle \u00a0resmi kurumlar olmak \u00fczere bir \u00e7ok kurulu\u015f arkam\u0131zda siyasi destek g\u00f6rmeyince bizleri dikkate alm\u0131yorlar. Biz, hi\u00e7bir siyasi yap\u0131n\u0131n piyonu olmadan sadece engelliler i\u00e7in \u00e7abalad\u0131k ve b\u00f6yle de devam edece\u011fiz. Bu gece bize destek veren vermeyen t\u00fcm kurum ve kurulu\u015flara yinede te\u015fekk\u00fcr ederiz. Olumsuz hava ko\u015fullar\u0131na ra\u011fmen salonu t\u0131kl\u0131m t\u0131kl\u0131m dolduran Mersin halk\u0131na; ve Yavuz Se\u00e7kin\u2019e bizler i\u00e7in g\u00f6sterdi\u011fi \u00f6zveri ve anlay\u0131\u015f i\u00e7in tekrar te\u015fekk\u00fcr ederim.\u201d \u015feklinde konu\u015ftu.\u00a0<\/p>\n","protected":false},"excerpt":{"rendered":"<p>Yavuz Se\u00e7kin ve Engelli sanat\u00e7\u0131lar, D\u00fcnya Engelliler G\u00fcn\u00fc nedeniyle Mersin Ortopedik Engelliler Derne\u011fi ile \u0130\u015fitme Engelliler Derne\u011fi taraf\u0131ndan, \u201cHer \u015feye ra\u011fmen hayat\u0131n g\u00fcl\u00fcnecek bir y\u00f6n\u00fc mutlaka vard\u0131r\u201d slogan\u0131yla d\u00fczenlenen gece &hellip; <a href=\"https:\/\/akdenizolaygazetesi.com\/?p=3064\" class=\"more-link\">Devam\u0131n\u0131 Oku&#8230;<\/a><\/p>\n","protected":false},"author":1,"featured_media":0,"comment_status":"open","ping_status":"open","sticky":false,"template":"","format":"standard","meta":[],"categories":[],"tags":[],"_links":{"self":[{"href":"https:\/\/akdenizolaygazetesi.com\/index.php?rest_route=\/wp\/v2\/posts\/3064"}],"collection":[{"href":"https:\/\/akdenizolaygazetesi.com\/index.php?rest_route=\/wp\/v2\/posts"}],"about":[{"href":"https:\/\/akdenizolaygazetesi.com\/index.php?rest_route=\/wp\/v2\/types\/post"}],"author":[{"embeddable":true,"href":"https:\/\/akdenizolaygazetesi.com\/index.php?rest_route=\/wp\/v2\/users\/1"}],"replies":[{"embeddable":true,"href":"https:\/\/akdenizolaygazetesi.com\/index.php?rest_route=%2Fwp%2Fv2%2Fcomments&post=3064"}],"version-history":[{"count":0,"href":"https:\/\/akdenizolaygazetesi.com\/index.php?rest_route=\/wp\/v2\/posts\/3064\/revisions"}],"wp:attachment":[{"href":"https:\/\/akdenizolaygazetesi.com\/index.php?rest_route=%2Fwp%2Fv2%2Fmedia&parent=3064"}],"wp:term":[{"taxonomy":"category","embeddable":true,"href":"https:\/\/akdenizolaygazetesi.com\/index.php?rest_route=%2Fwp%2Fv2%2Fcategories&post=3064"},{"taxonomy":"post_tag","embeddable":true,"href":"https:\/\/akdenizolaygazetesi.com\/index.php?rest_route=%2Fwp%2Fv2%2Ftags&post=3064"}],"curies":[{"name":"wp","href":"https:\/\/api.w.org\/{rel}","templated":true}]}}