{"id":3065,"date":"2020-11-04T18:23:32","date_gmt":"2020-11-04T15:23:32","guid":{"rendered":"http:\/\/mersinekonomipolitikagazetesi.com\/?p=3065"},"modified":"2020-11-04T18:23:32","modified_gmt":"2020-11-04T15:23:32","slug":"mersinde-seralar-sular-altinda-kaldi","status":"publish","type":"post","link":"https:\/\/akdenizolaygazetesi.com\/?p=3065","title":{"rendered":"Mersin&#8217;de seralar sular alt\u0131nda kald\u0131"},"content":{"rendered":"<p>Mersin&#8217;de 3 g\u00fcnd\u00fcr s\u00fcren sa\u011fanak ya\u011fmur Tarsus il\u00e7esinde baz\u0131 tar\u0131m alanlar\u0131nda hasara yol a\u00e7t\u0131. Drone ile havadan g\u00f6r\u00fcnt\u00fclenen seralar\u0131n b\u00fcy\u00fck bir k\u0131sm\u0131 tamamen sulara g\u00f6m\u00fcl\u00fcrken, \u00e7ift\u00e7iler yetkililerden yard\u0131m bekliyor.\u00a0<br \/>\nMersin&#8217;de 3 g\u00fcnd\u00fcr s\u00fcren sa\u011fanak ya\u011fmur g\u00fcnl\u00fck ya\u015fam\u0131 olumsuz etkilerken, bir\u00e7ok yerde sorunlar ya\u015fanm\u0131\u015ft\u0131. Per\u015fembe g\u00fcn\u00fc de Mersin Valisi Ali \u0130hsan Su taraf\u0131ndan e\u011fitim ve \u00f6\u011fretime bir g\u00fcn ara verilmi\u015fti. Kent merkezinde b\u00fcy\u00fck bir olumsuzluk olu\u015fmazken, baz\u0131 il\u00e7elerde, \u00f6zellikle de tar\u0131m arazilerinin bulundu\u011fu b\u00f6lgelerde hasarlar olu\u015ftu. Bug\u00fcn \u00f6\u011fleden sonra ya\u011fmurun durmas\u0131yla birlikte olu\u015fan hasarlarda g\u00fcn y\u00fcz\u00fcne \u00e7\u0131kmaya ba\u015flad\u0131. Seralarda ve a\u00e7\u0131k alanda sebze \u00fcretiminin yap\u0131ld\u0131\u011f\u0131 Tarsus il\u00e7esinde tar\u0131m alanlar\u0131nda b\u00fcy\u00fck zararlar olu\u015ftu. \u0130l\u00e7eye ba\u011fl\u0131 Bah\u015fi\u015f, Ye\u015filtepe ve Kulak mahallerindeki seralar\u0131n b\u00fcy\u00fck bir k\u0131sm\u0131 zarar g\u00f6r\u00fcrken, baz\u0131 seralar ise tamamen sular alt\u0131nda kald\u0131. Drone ile havadan g\u00f6r\u00fcnt\u00fclen seralar adeta deniz gibi g\u00f6r\u00fcn\u00fcrken, \u00e7ift\u00e7iler yetkililerden yard\u0131m bekliyor. 1,5-2 metreye kadar ula\u015fan sular alt\u0131nda kalan seralardaki \u00fcr\u00fcnleri kurtarabilmek i\u00e7in \u00e7abalayan \u00e7ift\u00e7iler, sular\u0131n \u00f6n\u00fcm\u00fczdeki g\u00fcnlerde daha y\u00fckselece\u011fini savundu.\u00a0<\/p>\n<p>&#8220;Binlerce d\u00f6n\u00fcm arazi sular alt\u0131nda&#8221;<br \/>\n\u00a0<br \/>\nDurumla ilgili konu\u015fan Mehmet \u00c7ansar\u0131, 3 g\u00fcnd\u00fcr b\u00f6lgeye ya\u011fmur ya\u011fd\u0131\u011f\u0131n\u0131 s\u00f6yledi. Her sene ba\u015flar\u0131na bu geldi\u011fini vurgulayan \u00c7ansar\u0131, &#8220;Binlerce d\u00f6n\u00fcm arazi sular alt\u0131nda kald\u0131. Buralarda kabak, biber, patl\u0131can, bu\u011fday, marul ekiliyor. Akl\u0131n\u0131za gelebilecek asl\u0131nda her \u015fey ekiliyor. Buralara sigorta yap\u0131yoruz ama sigorta tam kar\u015f\u0131lam\u0131yor. Bazen 3&#8217;de birini, bazen daha az\u0131n\u0131 kar\u015f\u0131l\u0131yor. \u00c7ok s\u0131k\u0131\u015fan sigortac\u0131lar ka\u00e7\u0131yorlar. B\u00fct\u00fcn \u00e7ift\u00e7iler \u015fu anda ma\u011fdur durumda. \u00c7\u00f6z\u00fcm istiyoruz. Her \u00e7ift\u00e7inin inan\u0131n 350-400 bin borcu var. B\u00f6yle olunca daha k\u00f6t\u00fc oluyoruz. Devletimizden yard\u0131m istiyoruz. Burada 4-5 bin d\u00f6n\u00fcm arazi sular alt\u0131nda vard\u0131r. Bu su b\u00f6yle de kalmayacakt\u0131r. Bu su saatten saate, g\u00fcnden g\u00fcne daha \u00e7ok artacak. \u015eimdi da\u011fdan ve yukar\u0131 k\u00f6ylerden gelen sular\u0131n hepsi buraya geliyor. \u015eu anda sular alt\u0131nda kalmayan seralarda sular alt\u0131nda kalacak. Bir hafta, 10 g\u00fcn boyunca bu su artacak. Bomba var \u00e7ok \u00f6nemli bir\u015fey ama yapm\u0131yorlar. Buras\u0131 her sene b\u00f6yle oluyor&#8221; dedi.\u00a0<\/p>\n","protected":false},"excerpt":{"rendered":"<p>Mersin&#8217;de 3 g\u00fcnd\u00fcr s\u00fcren sa\u011fanak ya\u011fmur Tarsus il\u00e7esinde baz\u0131 tar\u0131m alanlar\u0131nda hasara yol a\u00e7t\u0131. Drone ile havadan g\u00f6r\u00fcnt\u00fclenen seralar\u0131n b\u00fcy\u00fck bir k\u0131sm\u0131 tamamen sulara g\u00f6m\u00fcl\u00fcrken, \u00e7ift\u00e7iler yetkililerden yard\u0131m bekliyor.\u00a0 Mersin&#8217;de &hellip; <a href=\"https:\/\/akdenizolaygazetesi.com\/?p=3065\" class=\"more-link\">Devam\u0131n\u0131 Oku&#8230;<\/a><\/p>\n","protected":false},"author":1,"featured_media":0,"comment_status":"open","ping_status":"open","sticky":false,"template":"","format":"standard","meta":[],"categories":[],"tags":[],"_links":{"self":[{"href":"https:\/\/akdenizolaygazetesi.com\/index.php?rest_route=\/wp\/v2\/posts\/3065"}],"collection":[{"href":"https:\/\/akdenizolaygazetesi.com\/index.php?rest_route=\/wp\/v2\/posts"}],"about":[{"href":"https:\/\/akdenizolaygazetesi.com\/index.php?rest_route=\/wp\/v2\/types\/post"}],"author":[{"embeddable":true,"href":"https:\/\/akdenizolaygazetesi.com\/index.php?rest_route=\/wp\/v2\/users\/1"}],"replies":[{"embeddable":true,"href":"https:\/\/akdenizolaygazetesi.com\/index.php?rest_route=%2Fwp%2Fv2%2Fcomments&post=3065"}],"version-history":[{"count":0,"href":"https:\/\/akdenizolaygazetesi.com\/index.php?rest_route=\/wp\/v2\/posts\/3065\/revisions"}],"wp:attachment":[{"href":"https:\/\/akdenizolaygazetesi.com\/index.php?rest_route=%2Fwp%2Fv2%2Fmedia&parent=3065"}],"wp:term":[{"taxonomy":"category","embeddable":true,"href":"https:\/\/akdenizolaygazetesi.com\/index.php?rest_route=%2Fwp%2Fv2%2Fcategories&post=3065"},{"taxonomy":"post_tag","embeddable":true,"href":"https:\/\/akdenizolaygazetesi.com\/index.php?rest_route=%2Fwp%2Fv2%2Ftags&post=3065"}],"curies":[{"name":"wp","href":"https:\/\/api.w.org\/{rel}","templated":true}]}}