{"id":30781,"date":"2024-06-06T12:15:32","date_gmt":"2024-06-06T09:15:32","guid":{"rendered":"http:\/\/akdenizolaygazetesi.com\/?p=30781"},"modified":"2024-06-06T12:17:49","modified_gmt":"2024-06-06T09:17:49","slug":"mezitli-deresi-belediye-ekiplerinin-ozverili-calismasiyla-temizlendi","status":"publish","type":"post","link":"https:\/\/akdenizolaygazetesi.com\/?p=30781","title":{"rendered":"MEZ\u0130TL\u0130 DERES\u0130, BELED\u0130YE EK\u0130PLER\u0130N\u0130N \u00d6ZVER\u0130L\u0130 \u00c7ALI\u015eMASIYLA TEM\u0130ZLEND\u0130"},"content":{"rendered":"<p>Mezitli Belediyesi, \u00e7evre ve insan odakl\u0131 hizmet anlay\u0131\u015f\u0131n\u0131 s\u00fcrd\u00fcrerek \u015fehrin \u00e7e\u015fitli noktalar\u0131nda dere temizli\u011fi \u00e7al\u0131\u015fmalar\u0131na devam ediyor. Mezitli Deresi&#8217;nde uzun zamand\u0131r k\u00f6t\u00fc koku, g\u00f6r\u00fcnt\u00fc kirlili\u011fi ve sinek sorunuyla m\u00fccadele eden Mezitli halk\u0131, belediye ekiplerinin yo\u011fun \u00e7abas\u0131yla rahat bir nefes ald\u0131.<\/p>\n<p>Mezitli Deresi&#8217;nde ger\u00e7ekle\u015ftirilen temizlik \u00e7al\u0131\u015fmalar\u0131 kapsam\u0131nda, belediye ekipleri dereyi ila\u00e7layarak temizledi ve \u00e7evre d\u00fczenlemesi \u00e7al\u0131\u015fmalar\u0131n\u0131 tamamlad\u0131. \u00d6zellikle yaz aylar\u0131nda artan koku \u015fikayetlerini \u00f6nlemek amac\u0131yla \u00e7al\u0131\u015fmalar\u0131n\u0131 s\u0131kla\u015ft\u0131ran ekipler, vatanda\u015flar\u0131n taleplerini de dikkate alarak dere temizli\u011fi faaliyetlerini titizlikle y\u00fcr\u00fctt\u00fc.<\/p>\n<p>Mezitli Belediye Ba\u015fkan\u0131 Ahmet Serkan Tuncer, yap\u0131lan temizlik \u00e7al\u0131\u015fmalar\u0131yla ilgili olarak, &#8220;Derelerimizi her t\u00fcrl\u00fc kirlilikten ar\u0131nd\u0131rarak halk sa\u011fl\u0131\u011f\u0131na y\u00f6nelik tehditleri ortadan kald\u0131rmak ve derelerimizin bulundu\u011fu alanlara g\u00fczel bir g\u00f6r\u00fcn\u00fcm kazand\u0131rmak bizim nihai hedefimiz. Yapt\u0131\u011f\u0131m\u0131z \u00e7al\u0131\u015fmalarla derelerimizin her zaman temiz kalmas\u0131n\u0131 sa\u011fl\u0131yoruz. Bu kapsamda y\u00fcr\u00fctt\u00fc\u011f\u00fcm\u00fcz \u00e7al\u0131\u015fmalar program \u00e7er\u00e7evesinde \u00f6n\u00fcm\u00fczdeki g\u00fcnlerde de devam edecek&#8221; dedi.<\/p>\n\n\n<p><\/p>\n","protected":false},"excerpt":{"rendered":"<p>Mezitli Belediyesi, \u00e7evre ve insan odakl\u0131 hizmet anlay\u0131\u015f\u0131n\u0131 s\u00fcrd\u00fcrerek \u015fehrin \u00e7e\u015fitli noktalar\u0131nda dere temizli\u011fi \u00e7al\u0131\u015fmalar\u0131na devam ediyor. Mezitli Deresi&#8217;nde uzun zamand\u0131r k\u00f6t\u00fc koku, g\u00f6r\u00fcnt\u00fc kirlili\u011fi ve sinek sorunuyla m\u00fccadele eden &hellip; <a href=\"https:\/\/akdenizolaygazetesi.com\/?p=30781\" class=\"more-link\">Devam\u0131n\u0131 Oku&#8230;<\/a><\/p>\n","protected":false},"author":2,"featured_media":30782,"comment_status":"open","ping_status":"open","sticky":false,"template":"","format":"standard","meta":[],"categories":[1,2,3],"tags":[],"_links":{"self":[{"href":"https:\/\/akdenizolaygazetesi.com\/index.php?rest_route=\/wp\/v2\/posts\/30781"}],"collection":[{"href":"https:\/\/akdenizolaygazetesi.com\/index.php?rest_route=\/wp\/v2\/posts"}],"about":[{"href":"https:\/\/akdenizolaygazetesi.com\/index.php?rest_route=\/wp\/v2\/types\/post"}],"author":[{"embeddable":true,"href":"https:\/\/akdenizolaygazetesi.com\/index.php?rest_route=\/wp\/v2\/users\/2"}],"replies":[{"embeddable":true,"href":"https:\/\/akdenizolaygazetesi.com\/index.php?rest_route=%2Fwp%2Fv2%2Fcomments&post=30781"}],"version-history":[{"count":2,"href":"https:\/\/akdenizolaygazetesi.com\/index.php?rest_route=\/wp\/v2\/posts\/30781\/revisions"}],"predecessor-version":[{"id":30784,"href":"https:\/\/akdenizolaygazetesi.com\/index.php?rest_route=\/wp\/v2\/posts\/30781\/revisions\/30784"}],"wp:featuredmedia":[{"embeddable":true,"href":"https:\/\/akdenizolaygazetesi.com\/index.php?rest_route=\/wp\/v2\/media\/30782"}],"wp:attachment":[{"href":"https:\/\/akdenizolaygazetesi.com\/index.php?rest_route=%2Fwp%2Fv2%2Fmedia&parent=30781"}],"wp:term":[{"taxonomy":"category","embeddable":true,"href":"https:\/\/akdenizolaygazetesi.com\/index.php?rest_route=%2Fwp%2Fv2%2Fcategories&post=30781"},{"taxonomy":"post_tag","embeddable":true,"href":"https:\/\/akdenizolaygazetesi.com\/index.php?rest_route=%2Fwp%2Fv2%2Ftags&post=30781"}],"curies":[{"name":"wp","href":"https:\/\/api.w.org\/{rel}","templated":true}]}}