{"id":30785,"date":"2024-06-06T12:21:34","date_gmt":"2024-06-06T09:21:34","guid":{"rendered":"http:\/\/akdenizolaygazetesi.com\/?p=30785"},"modified":"2024-06-06T12:21:34","modified_gmt":"2024-06-06T09:21:34","slug":"milletvekili-gulcan-kis-balik-ciftlikleri-sorununu-meclis-gundemine-tasidi-asla-izin-vermeyecegiz","status":"publish","type":"post","link":"https:\/\/akdenizolaygazetesi.com\/?p=30785","title":{"rendered":"Milletvekili G\u00fclcan K\u0131\u015f, bal\u0131k \u00e7iftlikleri sorununu meclis g\u00fcndemine ta\u015f\u0131d\u0131     &#8220;Asla izin vermeyece\u011fiz&#8221;"},"content":{"rendered":"<p>CHP Mersin Milletvekili G\u00fclcan K\u0131\u015f, Ege k\u0131y\u0131lar\u0131nda turizmi olumsuz etkiledikleri i\u00e7in s\u00f6k\u00fclen bal\u0131k \u00e7iftliklerinin Mersin&#8217;de Ayd\u0131nc\u0131k ve Anamur aras\u0131ndaki sahil \u015feridine ta\u015f\u0131nmak istenmesine tepki g\u00f6sterdi.<\/p>\n<p>TBMM Genel Kurulunda s\u00f6z alan G\u00fclcan K\u0131\u015f, &#8220;T\u00fcrkiye&#8217;nin e\u015fsiz koylar\u0131n\u0131n yer ald\u0131\u011f\u0131 Mersinimiz turizm yat\u0131r\u0131mlar\u0131 beklerken kurulacak olan bal\u0131k \u00e7iftlikleriyle b\u00fcy\u00fck tehlike alt\u0131ndad\u0131r. Denizlerimizi kirletecek, turizmi yok edecek bal\u0131k \u00e7iftlikleri i\u00e7in haz\u0131rlanan \u00c7ED raporu incelendi\u011finde g\u00fcnl\u00fck 20 ton at\u0131\u011f\u0131n ne \u015fekilde bertaraf edilece\u011finden bile s\u00f6z edilmemi\u015ftir. Bu nedenle denizlerimize, turizme, insan sa\u011fl\u0131\u011f\u0131n\u0131 olumsuz etkileyecek bu projeden derhal vazge\u00e7ilmelidir. Cumhuriyet Halk Partisi olarak Mersin&#8217;imize telafisi m\u00fcmk\u00fcn olmayan zararlar verecek bu projeye asla izin vermeyece\u011fiz&#8221; dedi.<\/p>\n","protected":false},"excerpt":{"rendered":"<p>CHP Mersin Milletvekili G\u00fclcan K\u0131\u015f, Ege k\u0131y\u0131lar\u0131nda turizmi olumsuz etkiledikleri i\u00e7in s\u00f6k\u00fclen bal\u0131k \u00e7iftliklerinin Mersin&#8217;de Ayd\u0131nc\u0131k ve Anamur aras\u0131ndaki sahil \u015feridine ta\u015f\u0131nmak istenmesine tepki g\u00f6sterdi. TBMM Genel Kurulunda s\u00f6z alan &hellip; <a href=\"https:\/\/akdenizolaygazetesi.com\/?p=30785\" class=\"more-link\">Devam\u0131n\u0131 Oku&#8230;<\/a><\/p>\n","protected":false},"author":2,"featured_media":30786,"comment_status":"open","ping_status":"open","sticky":false,"template":"","format":"standard","meta":[],"categories":[1,2,3],"tags":[],"_links":{"self":[{"href":"https:\/\/akdenizolaygazetesi.com\/index.php?rest_route=\/wp\/v2\/posts\/30785"}],"collection":[{"href":"https:\/\/akdenizolaygazetesi.com\/index.php?rest_route=\/wp\/v2\/posts"}],"about":[{"href":"https:\/\/akdenizolaygazetesi.com\/index.php?rest_route=\/wp\/v2\/types\/post"}],"author":[{"embeddable":true,"href":"https:\/\/akdenizolaygazetesi.com\/index.php?rest_route=\/wp\/v2\/users\/2"}],"replies":[{"embeddable":true,"href":"https:\/\/akdenizolaygazetesi.com\/index.php?rest_route=%2Fwp%2Fv2%2Fcomments&post=30785"}],"version-history":[{"count":1,"href":"https:\/\/akdenizolaygazetesi.com\/index.php?rest_route=\/wp\/v2\/posts\/30785\/revisions"}],"predecessor-version":[{"id":30787,"href":"https:\/\/akdenizolaygazetesi.com\/index.php?rest_route=\/wp\/v2\/posts\/30785\/revisions\/30787"}],"wp:featuredmedia":[{"embeddable":true,"href":"https:\/\/akdenizolaygazetesi.com\/index.php?rest_route=\/wp\/v2\/media\/30786"}],"wp:attachment":[{"href":"https:\/\/akdenizolaygazetesi.com\/index.php?rest_route=%2Fwp%2Fv2%2Fmedia&parent=30785"}],"wp:term":[{"taxonomy":"category","embeddable":true,"href":"https:\/\/akdenizolaygazetesi.com\/index.php?rest_route=%2Fwp%2Fv2%2Fcategories&post=30785"},{"taxonomy":"post_tag","embeddable":true,"href":"https:\/\/akdenizolaygazetesi.com\/index.php?rest_route=%2Fwp%2Fv2%2Ftags&post=30785"}],"curies":[{"name":"wp","href":"https:\/\/api.w.org\/{rel}","templated":true}]}}