{"id":3084,"date":"2020-11-04T18:23:32","date_gmt":"2020-11-04T15:23:32","guid":{"rendered":"http:\/\/mersinekonomipolitikagazetesi.com\/?p=3084"},"modified":"2020-11-04T18:23:32","modified_gmt":"2020-11-04T15:23:32","slug":"31-martta-zafer-bizim-olacak","status":"publish","type":"post","link":"https:\/\/akdenizolaygazetesi.com\/?p=3084","title":{"rendered":"\u201c31 MART\u2019TA ZAFER B\u0130Z\u0130M OLACAK\u201d"},"content":{"rendered":"<p>\u0130Y\u0130 Parti Mersin B\u00fcy\u00fck\u015fehir Belediye Ba\u015fkan\u0131 Aday\u0131 Burhanettin Kocamaz, il\u00e7e ziyaretlerini h\u0131z kesmeden s\u00fcrd\u00fcr\u00fcrken,  \u201c31 Mart\u2019ta da hedefimize sizlerle beraber hep birlikte ula\u015fm\u0131\u015f olaca\u011f\u0131z\u201d dedi.<\/p>\n<p>Mersin B\u00fcy\u00fck\u015fehir Belediye Ba\u015fkan\u0131 ve \u0130Y\u0130 Parti Mersin B\u00fcy\u00fck\u015fehir Belediye Ba\u015fkan\u0131 Aday\u0131 Burhanettin Kocamaz, il\u00e7e ziyaretlerini h\u0131z kesmeden s\u00fcrd\u00fcr\u00fcyor. Gitti\u011fi her il\u00e7ede vatanda\u015flar\u0131n sevgi seli ile kar\u015f\u0131la\u015fan Kocamaz, \u201c31 Mart\u2019a kadar tutmad\u0131\u011f\u0131m\u0131z el, u\u011framad\u0131\u011f\u0131m\u0131z ev kalmayacak\u201d dedi.<\/p>\n<p>\u2018Y\u00f6r\u00fckler Seninle Gurur Duyuyor\u2019<\/p>\n<p>Bir g\u00fcn i\u00e7erisinde Yeni\u015fehir, Mezitli, Toroslar ve Akdeniz il\u00e7elerindeki vatanda\u015flar ile bir araya gelen Burhanettin Kocamaz, kendisini bekleyen vatanda\u015flar taraf\u0131ndan co\u015fku ile kar\u015f\u0131land\u0131. \u2018Y\u00f6r\u00fckler Seninle Gurur Duyuyor\u2019 ve \u2018Toroslar Seninle Gurur Duyuyor\u2019 sloganlar\u0131 e\u015fli\u011finde vatanda\u015flarla selamla\u015fan Kocamaz, vatanda\u015flara seslenerek \u201cSizlerle Mersin\u2019de yeni bir destan yazaca\u011f\u0131z\u201d dedi.<br \/>\n\u00a0 \u00a0 \u00a0 \u00a0 \u00a0 \u00a0 \u00a0 \u00a0<\/p>\n<p><span style=\"line-height: 1.6em;\">\u0130lk olarak \u0130Y\u0130 Parti Toroslar ve Akdeniz \u0130l\u00e7e Ba\u015fkanl\u0131klar\u0131n\u0131 daha sonra ise \u0130Y\u0130 Parti Yeni\u015fehir ve Mezitli \u0130l\u00e7e Ba\u015fkanl\u0131klar\u0131n\u0131 ziyaret eden Kocamaz\u2019a, \u0130Y\u0130 Parti Mersin \u0130l Ba\u015fkan Vekili \u00dczeyir G\u00fcne\u015f, \u0130Y\u0130 Parti Mersin Toroslar \u0130l\u00e7e Ba\u015fkan\u0131 Bu\u011fra Sak\u0131n\u00e7, Akdeniz \u0130l\u00e7e Ba\u015fkan\u0131 Abdullah Bat\u0131yel, Yeni\u015fehir \u0130l\u00e7e Ba\u015fkan\u0131 Turgut Kahraman Turgutkaya, Mezitli \u0130l\u00e7e Ba\u015fkan\u0131 Emine Hilal Keyvan ve \u0130Y\u0130 Parti y\u00f6neticileri e\u015flik etti.<\/span><\/p>\n<p>\u201cMersin\u2019i da\u011f\u0131yla ta\u015f\u0131yla topyek\u00fbn ele ald\u0131k\u201d<\/p>\n<p>Ba\u015far\u0131ya giden yolun birlik ve beraberlik i\u00e7erisinde, gece g\u00fcnd\u00fcz demeden \u00e7al\u0131\u015fmaktan ge\u00e7ti\u011fini ifade eden Mersin B\u00fcy\u00fck\u015fehir Belediye Ba\u015fkan\u0131 ve \u0130Y\u0130 Parti Mersin B\u00fcy\u00fck\u015fehir Belediye Ba\u015fkan Aday\u0131 Burhanettin Kocamaz, \u00a0\u201cBir yerel se\u00e7im arifesinde yine sizlerle beraber yollarday\u0131z. 30 Mart 2014 \u00f6ncesinde de bu yollar\u0131 bir\u00e7ok arkada\u015f\u0131m\u0131zla birlikte kat ettik. O g\u00fcn\u00fcn \u015fartlar\u0131nda vatanda\u015flar\u0131m\u0131z Mersin\u2019de bir ilki ba\u015fard\u0131lar ve ilk defa Toroslar\u0131n \u00e7ocuklar\u0131 Mersin B\u00fcy\u00fck\u015fehir Belediyesinde g\u00f6reve geldi. O g\u00fcnden bu yana gece g\u00fcnd\u00fcz demeden \u00e7al\u0131\u015f\u0131yoruz. Mersin\u2019i bir yerlere getirmeye gayret ediyoruz\u201d dedi.<\/p>\n<p>\u00a0Mersin\u2019in y\u0131llar boyunca hizmet anlam\u0131nda ihmal edildi\u011fini ve bu ihmalin k\u0131sa s\u00fcrede giderilmesinin olduk\u00e7a zor oldu\u011funu ifade eden Burhanettin Kocamaz, t\u00fcm zorluklara ra\u011fmen Mersin\u2019i topyek\u00fbn ele ald\u0131klar\u0131n\u0131 s\u00f6yledi. Kocamaz, \u00a0\u201cY\u0131llar\u0131n ihmaline u\u011fram\u0131\u015f bir kentin b\u00fct\u00fcn problemlerini \u00f6yle \u00fc\u00e7-be\u015f y\u0131lda tamamlamak m\u00fcmk\u00fcn de\u011fil. Hele de ge\u00e7mi\u015fte 745 kilometre karelik bir alana hitap eden Mersin B\u00fcy\u00fck\u015fehir Belediyesi\u2019nin s\u0131n\u0131rlar\u0131 22 kat\u0131na yani 15 bin 830 kilometre kareye \u00e7\u0131kt\u0131ktan sonra Mersin genelinde b\u00fct\u00fcn s\u0131k\u0131nt\u0131lar\u0131 gidermek, eksiklikleri tamamlamak, ne Belediye b\u00fct\u00e7esi ile ne de zamanla m\u00fcmk\u00fcn de\u011fildi. Ama her \u015feye ra\u011fmen, da\u011f\u0131yla ta\u015f\u0131yla Mersin\u2019i topyek\u00fbn ele ald\u0131k. Mersin\u2019in b\u00fct\u00fcn b\u00f6lgelerine e\u015fit hizmet g\u00f6t\u00fcrme gayreti i\u00e7erisinde olduk ve bug\u00fcn geldi\u011fimiz noktada Allah\u2019a \u00e7ok \u015f\u00fck\u00fcr ki, verdi\u011fimiz s\u00f6zlerin b\u00fcy\u00fck bir k\u0131sm\u0131n\u0131 yerine getirdik\u201d \u015feklinde konu\u015ftu.<\/p>\n<p>\u201cMersin Metrosu\u2019nun yap\u0131m\u0131na ba\u015flayaca\u011f\u0131z\u201d<\/p>\n<p>Mersin\u2019de g\u00f6reve geldikleri g\u00fcnden itibaren Mersin\u2019in kanayan yaras\u0131 olan trafik problemi \u00fczerine yo\u011funla\u015ft\u0131klar\u0131n\u0131 ve \u00f6nemli \u00f6l\u00e7\u00fcde geli\u015fmeler kaydedildi\u011fini s\u00f6zlerine ekleyen Burhanettin Kocamaz, Mersin Metrosu projesinin de yap\u0131m\u0131na ba\u015flanaca\u011f\u0131n\u0131n m\u00fcjdesini verdi. Kocamaz, \u201cMersin\u2019in en b\u00fcy\u00fck problemlerinden biri de trafik oldu\u011fu i\u00e7in trafik problemini de mutlaka bir an evvel ele almam\u0131z gerekiyordu. Ama bir B\u00fcy\u00fck\u015fehir d\u00fc\u015f\u00fcn\u00fcn ki kentin anayasas\u0131 diyebilece\u011fimiz bir 1\/100 binlik plan\u0131 yok. G\u00f6reve gelir gelmez buna ba\u015flad\u0131k ve bu plan\u0131n Bakanl\u0131klardan onaylanmas\u0131 3 bu\u00e7uk y\u0131l s\u00fcrd\u00fc. Yine ayn\u0131 \u015fekilde Ula\u015f\u0131m Master Plan\u0131 yoktu. Bununla ilgili \u00e7al\u0131\u015fmalar ba\u015flad\u0131k. Bu da a\u015fa\u011f\u0131 yukar\u0131 ayn\u0131 s\u00fcrede tamamland\u0131. Tabi Mersin\u2019in en \u00f6nemli, gelmi\u015f ge\u00e7mi\u015f projesi olacak Metro Projesi yap\u0131lan Ula\u015f\u0131m Master Plan\u0131 ile belirledi. Biz bir an evvel bir u\u00e7tan ba\u015flayal\u0131m d\u00fc\u015f\u00fcncesi ile g\u00f6rd\u00fc\u011f\u00fcn\u00fcz katl\u0131 kav\u015faklar\u0131 yapmaya ba\u015flad\u0131k. Ama rayl\u0131 sistemin projesi ge\u00e7en hen\u00fcz Kas\u0131m ay\u0131 i\u00e7erisinde, bu ge\u00e7en 55 ayl\u0131k s\u00fcre i\u00e7erisinde hem planland\u0131, projelendirildi. \u0130n\u015fallah onu da \u00f6n\u00fcm\u00fczdeki d\u00f6nem i\u00e7erisinde yapaca\u011f\u0131z. Asl\u0131nda biz kayna\u011f\u0131 da bulmu\u015ftuk ama maalesef ekonomik tedbirler nedeniyle b\u00fct\u00fcn yat\u0131r\u0131mlar durduruldu\u011fu i\u00e7in biz bunu in\u015fallah ikinci d\u00f6nemde yapmak, tamamlamak istiyoruz\u201d ifadelerini kulland\u0131.<\/p>\n<p>\u201c\u0130Y\u0130 Parti \u00e7at\u0131s\u0131 alt\u0131nda sizlerle beraber bu yolu y\u00fcr\u00fcmeye ba\u015flad\u0131k\u201d<\/p>\n<p>Bu d\u00f6nem Mersinlilerle yeni bir destan yazacaklar\u0131n\u0131 dile getiren Burhanettin Kocamaz, \u201cEyl\u00fcl ay\u0131n\u0131n 8\u2019inden itibaren bir s\u00fcre\u00e7 ya\u015fad\u0131k. Bu s\u00fcre\u00e7 i\u00e7erisinde vatanda\u015flar\u0131m\u0131z\u0131n mutlaka bu i\u015fe ve Mersin\u2019e sahip \u00e7\u0131kmam\u0131z\u0131, en az bir d\u00f6nem daha Mersin\u2019e hizmet etmemizi gerekti\u011fini, ba\u015flayan projelerin tamamlanmas\u0131 gerekti\u011fini \u0131srarla ifade ettiler. Biz bug\u00fcn \u0130Y\u0130 Parti \u00e7at\u0131s\u0131 alt\u0131nda sizlerle beraber bu yolu y\u00fcr\u00fcmeye ba\u015flad\u0131k. 31 Mart\u2019ta da hedefimize sizlerle beraber hep birlikte ula\u015fm\u0131\u015f olaca\u011f\u0131z. Bu s\u00fcre\u00e7 \u00f6nemli. Aziz Atat\u00fcrk\u2019\u00fcn 17 Mart 1923\u2019te s\u00f6yledi\u011fi \u2018Mersinliler Mersin\u2019e sahip \u00e7\u0131k\u0131n\u0131z\u2019 d\u00fcsturu \u00e7er\u00e7evesinde sizlerle beraber in\u015fallah \u00e7ok \u00e7al\u0131\u015faca\u011f\u0131z. 31 Mart\u2019a kadar tutmad\u0131\u011f\u0131m\u0131z el, u\u011framad\u0131\u011f\u0131m\u0131z ev kalmayacak. Her yere ula\u015fmaya \u00e7al\u0131\u015faca\u011f\u0131z. \u0130n\u015fallah t\u00fcm Mersinliler olarak Mersin\u2019de yeni bir destan yazaca\u011f\u0131z. Azmin elinden hi\u00e7bir \u015fey kurtulmaz. Yeter ki isteyelim, yeter ki inanal\u0131m. \u0130nand\u0131\u011f\u0131m\u0131z yolda emin ad\u0131mlarla dik bir \u015fekilde y\u00fcr\u00fcyelim. Ben \u015fimdiden bu m\u00fccadelede Cenab-\u0131 Allah yar ve yard\u0131mc\u0131m\u0131z olsun diyorum. Gazam\u0131z m\u00fcbarek olsun diyorum. Elbette biz \u00e7al\u0131\u015faca\u011f\u0131z. Takdir Cenab-\u0131 Allah\u2019\u0131n. Herkesin g\u00f6nl\u00fcne girece\u011fiz. Herkese e\u015fit mesafede duraca\u011f\u0131z. Mersin\u2019deki b\u00fct\u00fcn vatanda\u015flar\u0131m\u0131z\u0131 ho\u015fg\u00f6r\u00fc ile kucaklayaca\u011f\u0131z ve in\u015fallah hedefi de 12\u2019den vuraca\u011f\u0131z\u201d diye konu\u015ftu.<\/p>\n<p>G\u00fcne\u015f: \u201cBiz \u0130Y\u0130 Partililer olarak ba\u015faraca\u011f\u0131z\u201d<\/p>\n<p>\u0130Y\u0130 Parti Mersin \u0130l Sekreteri ve \u0130l Ba\u015fkan Vekili \u00dczeyir G\u00fcne\u015f ise \u201cO bir efsane. O bir mimar. O bir proje uzman\u0131. O bir m\u00fchendis. O bir \u00e7evreci. Hizmeti, projeleri burada haz\u0131rl\u0131yor. Onlar\u0131 planl\u0131yor, programl\u0131yor, projeliyor. Finans\u0131n\u0131 sa\u011fl\u0131yor. Sonra o g\u00f6nl\u00fcne getiriyor. G\u00f6nl\u00fcndeki Mersin sevdas\u0131, y\u00fcre\u011findeki millet, vatan sevdas\u0131 ile birle\u015ftirerek Ya Allah Bismillah diyerek hizmete ba\u015fl\u0131yor ve bitiriyor. O Burhanettin Kocamaz. Ne yapt\u0131 demeyece\u011fiz. Yapt\u0131klar\u0131n\u0131 herkes g\u00f6rd\u00fc ve biliyor. Ne yapaca\u011f\u0131n\u0131 da biliyoruz. Biz y\u00fcrekten inan\u0131yoruz. Mersin d\u00fcnyan\u0131n en b\u00fcy\u00fck k\u00f6y\u00fcyd\u00fc. Bu k\u00f6yde 5 sene \u00f6nce Burhanettin Kocamaz m\u00fchr\u00fcn\u00fc bast\u0131 ve bug\u00fcnlere geldi. Su gitmeyen k\u00f6y kalmad\u0131. Say\u0131n Ba\u015fkan\u0131m here tarafa su g\u00f6t\u00fcrd\u00fc, yol g\u00f6t\u00fcrd\u00fc. O insanlar\u0131n size hay\u0131r dualar\u0131 sizi bug\u00fcnlere getirdi. K\u0131ymetini bilmediler. Belki de \u00f6telemek istediler. Bize g\u00f6re \u00e7ekemediler. Kendilerinden daha g\u00fc\u00e7l\u00fc birisini kabullenemeyenlerle birlikte olamad\u0131 Ba\u015fkan\u0131m\u0131z ve Bug\u00fcn Say\u0131n Genel Ba\u015fkan\u0131m\u0131z Meral Ak\u015fener han\u0131mefendinin teklifiyle aram\u0131za kat\u0131ld\u0131. Bize onur, \u015feref ve mutluluk verdiniz Ba\u015fkan\u0131m. Sizinle birlikte bu yolu y\u00fcr\u00fcmeye ant i\u00e7tik. Biz \u0130Y\u0130 Partililer olarak ba\u015faraca\u011f\u0131z. Ba\u015fkan\u0131m\u0131z\u0131 o ta\u015f binadan \u00e7\u0131kartmayaca\u011f\u0131z\u201d dedi. (B\u00fcltendir)<\/p>\n","protected":false},"excerpt":{"rendered":"<p>\u0130Y\u0130 Parti Mersin B\u00fcy\u00fck\u015fehir Belediye Ba\u015fkan\u0131 Aday\u0131 Burhanettin Kocamaz, il\u00e7e ziyaretlerini h\u0131z kesmeden s\u00fcrd\u00fcr\u00fcrken, \u201c31 Mart\u2019ta da hedefimize sizlerle beraber hep birlikte ula\u015fm\u0131\u015f olaca\u011f\u0131z\u201d dedi. Mersin B\u00fcy\u00fck\u015fehir Belediye Ba\u015fkan\u0131 ve &hellip; <a href=\"https:\/\/akdenizolaygazetesi.com\/?p=3084\" class=\"more-link\">Devam\u0131n\u0131 Oku&#8230;<\/a><\/p>\n","protected":false},"author":1,"featured_media":0,"comment_status":"open","ping_status":"open","sticky":false,"template":"","format":"standard","meta":[],"categories":[],"tags":[],"_links":{"self":[{"href":"https:\/\/akdenizolaygazetesi.com\/index.php?rest_route=\/wp\/v2\/posts\/3084"}],"collection":[{"href":"https:\/\/akdenizolaygazetesi.com\/index.php?rest_route=\/wp\/v2\/posts"}],"about":[{"href":"https:\/\/akdenizolaygazetesi.com\/index.php?rest_route=\/wp\/v2\/types\/post"}],"author":[{"embeddable":true,"href":"https:\/\/akdenizolaygazetesi.com\/index.php?rest_route=\/wp\/v2\/users\/1"}],"replies":[{"embeddable":true,"href":"https:\/\/akdenizolaygazetesi.com\/index.php?rest_route=%2Fwp%2Fv2%2Fcomments&post=3084"}],"version-history":[{"count":0,"href":"https:\/\/akdenizolaygazetesi.com\/index.php?rest_route=\/wp\/v2\/posts\/3084\/revisions"}],"wp:attachment":[{"href":"https:\/\/akdenizolaygazetesi.com\/index.php?rest_route=%2Fwp%2Fv2%2Fmedia&parent=3084"}],"wp:term":[{"taxonomy":"category","embeddable":true,"href":"https:\/\/akdenizolaygazetesi.com\/index.php?rest_route=%2Fwp%2Fv2%2Fcategories&post=3084"},{"taxonomy":"post_tag","embeddable":true,"href":"https:\/\/akdenizolaygazetesi.com\/index.php?rest_route=%2Fwp%2Fv2%2Ftags&post=3084"}],"curies":[{"name":"wp","href":"https:\/\/api.w.org\/{rel}","templated":true}]}}