{"id":3085,"date":"2020-11-04T18:23:34","date_gmt":"2020-11-04T15:23:34","guid":{"rendered":"http:\/\/mersinekonomipolitikagazetesi.com\/?p=3085"},"modified":"2020-11-04T18:23:34","modified_gmt":"2020-11-04T15:23:34","slug":"yerli-urunlerimizin-degerini-bilelim-gelecek-nesillere-ogretelim","status":"publish","type":"post","link":"https:\/\/akdenizolaygazetesi.com\/?p=3085","title":{"rendered":"\u201cYERL\u0130 \u00dcR\u00dcNLER\u0130M\u0130Z\u0130N DE\u011eER\u0130N\u0130 B\u0130LEL\u0130M, GELECEK NES\u0130LLERE \u00d6\u011eRETEL\u0130M\u201d"},"content":{"rendered":"<p>Toroslar Belediye Ba\u015fkan\u0131 Hamit Tuna ve Milliyet\u00e7i Hareket Partisi (MHP) Mersin B\u00fcy\u00fck\u015fehir Belediye Ba\u015fkan Aday\u0131 Hamit Tuna, \u201cTutum, Yat\u0131r\u0131m ve T\u00fcrk Mallar\u0131 Haftas\u0131\u201d dolay\u0131s\u0131yla bir mesaj yay\u0131nlad\u0131.<br \/>\n\u00dclkemizin kalk\u0131nmas\u0131nda yerli mallar\u0131n tercih edilmesinin \u00f6nemli oldu\u011funu s\u00f6yleyen Tuna, \u201cYerli mal\u0131 t\u00fcketmek noktas\u0131nda halk\u0131 bilin\u00e7lendirmede biz yerel y\u00f6neticilere de \u00f6nemli g\u00f6revler d\u00fc\u015fmektedir. Yerli \u00fcr\u00fcnlerimizin de\u011ferini bilelim, gelecek nesillere \u00f6\u011fretelim\u201d dedi.<\/p>\n<p>\u201c\u0130sraf\u00e7\u0131 de\u011fil, insafl\u0131 Belediyecilik\u201d anlay\u0131\u015f\u0131n\u0131 benimsediklerini ifade eden Ba\u015fkan Hamit Tuna, bir \u00fclkenin kurtulu\u015funun re\u00e7etesinin \u00fcretimden ge\u00e7ti\u011fini belirterek, g\u00f6reve geldikleri 15 y\u0131lda Toroslar Belediyesi\u2019ni \u00fcreten bir yap\u0131ya kavu\u015fturduklar\u0131n\u0131 vurgulad\u0131. Ba\u015fkan Tuna; \u201c\u00dcretim, bir toplumu kalk\u0131nd\u0131ran ve her anlamda \u00f6ne \u00e7\u0131kartan bir de\u011ferdir. Toroslar Belediyesi olarak \u00e7al\u0131\u015fmalar\u0131m\u0131zda her zaman \u00fcretimi \u00f6n planda tuttuk. Piknik masas\u0131, kamelya, \u00e7\u00f6p kovas\u0131, bank, ayd\u0131nlatma dire\u011fi, pergole gibi malzemeleri kendi i\u015f\u00e7imizle kendi at\u00f6lyemizde \u00fcreterek ve onararak, gelirlerimizi israf etmeden hizmete d\u00f6n\u00fc\u015ft\u00fcrd\u00fck ve b\u00f6ylelikle milli ekonomiye de katk\u0131da bulunmaktay\u0131z. Tutum, yat\u0131r\u0131m ve yerli mallar\u0131n tercih edilmesi, \u00e7ocuklara aileden ba\u015flayarak \u00f6\u011fretilmesi gereken \u00f6nemli bir olgudur. Yerli mal\u0131 t\u00fcketmek noktas\u0131nda halk\u0131m\u0131z\u0131 bilin\u00e7lendirmede biz yerel y\u00f6neticilere de \u00f6nemli g\u00f6revler d\u00fc\u015fmektedir. Bilin\u00e7li t\u00fcketicilerin yeti\u015fmesini sa\u011flamamal\u0131y\u0131z. Gelece\u011fimizin teminat\u0131 \u00e7ocuklar\u0131m\u0131za ve gen\u00e7lerimize kazand\u0131raca\u011f\u0131m\u0131z eme\u011fin, \u00fcretimin ve al\u0131n terinin kutsall\u0131\u011f\u0131 onlar\u0131n yerli mallar\u0131na y\u00f6nelmesine vesile olacakt\u0131r\u201d dedi.<br \/>\n\u00a0<br \/>\n\u201c\u00dclkemizde ve b\u00f6lgemizde yeti\u015fen \u00fcr\u00fcnleri t\u00fcketerek, d\u0131\u015fa ba\u011f\u0131ml\u0131l\u0131\u011f\u0131m\u0131z\u0131 azaltmal\u0131y\u0131z\u201d diyen Toroslar Belediye Ba\u015fkan\u0131 Hamit Tuna ve MHP Mersin B\u00fcy\u00fck\u015fehir Belediye Ba\u015fkan Aday\u0131 Hamit Tuna, \u00e7ift\u00e7ilerin ve k\u00f6yl\u00fclerin \u00fcrettikleri mahsull\u00fc birinci elden satabilmeleri amac\u0131yla Toroslar\u2019da \u00dcretici ve K\u00f6yl\u00fc pazarlar\u0131 olu\u015fturduklar\u0131n\u0131 da s\u00f6zlerine ekledi. Ba\u015fkan Tuna; \u201cToroslar \u0130l\u00e7emizde \u00fc\u00e7 noktada olu\u015fturdu\u011fumuz \u00dcretici ve K\u00f6yl\u00fc pazar\u0131 ile k\u00f6yl\u00fc vatanda\u015f\u0131m\u0131z\u0131n tarlas\u0131nda yeti\u015ftirdi\u011fi organik \u00fcr\u00fcnleri do\u011frudan halk\u0131m\u0131za daha az maliyetle satabilmesine vesile oluyoruz. Bu duygu ve d\u00fc\u015f\u00fcncelerle t\u00fcm halk\u0131m\u0131z\u0131n Tutum, Yat\u0131r\u0131m ve T\u00fcrk Mallar\u0131 Haftas\u0131\u2019n\u0131 kutluyorum\u201d dedi.<\/p>\n","protected":false},"excerpt":{"rendered":"<p>Toroslar Belediye Ba\u015fkan\u0131 Hamit Tuna ve Milliyet\u00e7i Hareket Partisi (MHP) Mersin B\u00fcy\u00fck\u015fehir Belediye Ba\u015fkan Aday\u0131 Hamit Tuna, \u201cTutum, Yat\u0131r\u0131m ve T\u00fcrk Mallar\u0131 Haftas\u0131\u201d dolay\u0131s\u0131yla bir mesaj yay\u0131nlad\u0131. \u00dclkemizin kalk\u0131nmas\u0131nda yerli &hellip; <a href=\"https:\/\/akdenizolaygazetesi.com\/?p=3085\" class=\"more-link\">Devam\u0131n\u0131 Oku&#8230;<\/a><\/p>\n","protected":false},"author":1,"featured_media":0,"comment_status":"open","ping_status":"open","sticky":false,"template":"","format":"standard","meta":[],"categories":[],"tags":[],"_links":{"self":[{"href":"https:\/\/akdenizolaygazetesi.com\/index.php?rest_route=\/wp\/v2\/posts\/3085"}],"collection":[{"href":"https:\/\/akdenizolaygazetesi.com\/index.php?rest_route=\/wp\/v2\/posts"}],"about":[{"href":"https:\/\/akdenizolaygazetesi.com\/index.php?rest_route=\/wp\/v2\/types\/post"}],"author":[{"embeddable":true,"href":"https:\/\/akdenizolaygazetesi.com\/index.php?rest_route=\/wp\/v2\/users\/1"}],"replies":[{"embeddable":true,"href":"https:\/\/akdenizolaygazetesi.com\/index.php?rest_route=%2Fwp%2Fv2%2Fcomments&post=3085"}],"version-history":[{"count":0,"href":"https:\/\/akdenizolaygazetesi.com\/index.php?rest_route=\/wp\/v2\/posts\/3085\/revisions"}],"wp:attachment":[{"href":"https:\/\/akdenizolaygazetesi.com\/index.php?rest_route=%2Fwp%2Fv2%2Fmedia&parent=3085"}],"wp:term":[{"taxonomy":"category","embeddable":true,"href":"https:\/\/akdenizolaygazetesi.com\/index.php?rest_route=%2Fwp%2Fv2%2Fcategories&post=3085"},{"taxonomy":"post_tag","embeddable":true,"href":"https:\/\/akdenizolaygazetesi.com\/index.php?rest_route=%2Fwp%2Fv2%2Ftags&post=3085"}],"curies":[{"name":"wp","href":"https:\/\/api.w.org\/{rel}","templated":true}]}}