{"id":30905,"date":"2024-06-12T12:46:43","date_gmt":"2024-06-12T09:46:43","guid":{"rendered":"http:\/\/akdenizolaygazetesi.com\/?p=30905"},"modified":"2024-06-12T12:46:43","modified_gmt":"2024-06-12T09:46:43","slug":"buyuksehir-circular-5-ulusal-cevre-ve-sanat-etkinliklerini-duzenledi","status":"publish","type":"post","link":"https:\/\/akdenizolaygazetesi.com\/?p=30905","title":{"rendered":"B\u00dcY\u00dcK\u015eEH\u0130R &#8216;C\u0130RCULAR 5. ULUSAL \u00c7EVRE VE SANAT ETK\u0130NL\u0130KLER\u0130&#8217;N\u0130 D\u00dcZENLED\u0130"},"content":{"rendered":"<p>Mersin B\u00fcy\u00fck\u015fehir Belediyesi; \u00c7evre M\u00fchendisleri Odas\u0131, D5 Sanat Ortam\u0131 ve Mersin&#8217;e De\u011fer Katanlar Kurulu&#8217;nun (MEDEKA) Plastik Sanat Kurulu i\u015fbirli\u011finde, &#8216;Circular Ulusal \u00c7evre ve Sanat Etkinlikleri&#8217;nin 5.&#8217;si d\u00fczenlendi. Bu y\u0131l 5.&#8217;si ger\u00e7ekle\u015ftirilen Circular Ulusal \u00c7evre ve Sanat Etkinlikleri&#8217;nin temas\u0131 &#8216;toprak&#8217; olarak belirlendi.<\/p>\n<p>Mersin B\u00fcy\u00fck\u015fehir Belediyesi; \u00c7evre M\u00fchendisleri Odas\u0131, D5 Sanat Ortam\u0131 ve Mersin&#8217;e De\u011fer Katanlar Kurulu&#8217;nun (MEDEKA) Plastik Sanat Kurulu i\u015fbirli\u011finde, &#8216;Circular Ulusal \u00c7evre ve Sanat Etkinlikleri&#8217;nin 5.&#8217;si d\u00fczenlendi. Bu y\u0131l 5.&#8217;si ger\u00e7ekle\u015ftirilen Circular Ulusal \u00c7evre ve Sanat Etkinlikleri&#8217;nin temas\u0131 &#8216;toprak&#8217; olarak belirlendi. Serginin k\u00fcrat\u00f6rl\u00fc\u011f\u00fcn\u00fc Yasemin \u00dclgen \u00fcstlendi. Toprak temas\u0131yla yap\u0131lan etkinliklere vatanda\u015flar yo\u011fun ilgi g\u00f6sterdi.<\/p>\n<p>\u00d6zd\u00fclger: &#8220;Bu \u00e7al\u0131\u015fman\u0131n i\u00e7inde yer almaktan b\u00fcy\u00fck bir mutluluk duyuyoruz&#8221;<\/p>\n<p>\u00c7ok k\u0131ymet verdikleri bir \u00e7al\u0131\u015fma oldu\u011funu kaydeden K\u00fclt\u00fcr ve Sosyal \u0130\u015fler Dairesi Ba\u015fkanl\u0131\u011f\u0131 Koordinat\u00f6r\u00fc, Opera Sanat\u00e7\u0131s\u0131 Bengi \u0130spir \u00d6zd\u00fclger, &#8220;B\u00fcy\u00fck\u015fehir Belediyesi olarak bu \u00e7al\u0131\u015fman\u0131n i\u00e7inde yer almaktan b\u00fcy\u00fck bir mutluluk duyuyoruz. Ge\u00e7en y\u0131lki temam\u0131z su idi, bu y\u0131lki temam\u0131z toprak. Ger\u00e7ekten t\u00fcm sanatseverlere bu sergiyi gezmelerini \u00f6neririm. \u00c7\u00fcnk\u00fc topra\u011f\u0131n i\u00e7inde hayat\u0131n o yorgunlu\u011funu, sosyo-ekonomik ve sosyo-politik ya\u015fam\u0131n, yap\u0131lar\u0131n, ayn\u0131 zamanda t\u00fcketimin, iklim de\u011fi\u015fikliklerinin, ekolojik d\u00fczenin bozulmas\u0131na y\u00f6nelik insanlar\u0131n asl\u0131nda bir yerde hoyrat kullanmas\u0131na da \u00e7ok g\u00fczel vurgular yap\u0131ld\u0131\u011f\u0131, bunu hem video \u00e7al\u0131\u015fmalar\u0131yla hem de di\u011fer sunumlar\u0131yla \u00e7ok k\u0131ymetli sanat\u00e7\u0131lar\u0131n bizim y\u00fcz\u00fcm\u00fcze vurdu\u011fu bir \u00e7al\u0131\u015fma&#8221; diyerek, bir sanat\u00e7\u0131 olarak da \u00e7ok etkilendi\u011fini s\u00f6yledi.<\/p>\n<p>&#8220;T\u00fcm sanatseverleri bu g\u00fczel sergiye davet ediyorum&#8221;<\/p>\n<p>Mersin B\u00fcy\u00fck\u015fehir Belediyesi olarak bu organizasyonlarda yer ald\u0131klar\u0131 i\u00e7i gururlu olduklar\u0131n\u0131 kaydeden \u00d6zd\u00fclger, &#8220;Bu serginin temas\u0131n\u0131n d\u00fc\u015f\u00fcnmeden yap\u0131lan hareketlerin \u00e7ok iyi bir ifadesi oldu\u011funu d\u00fc\u015f\u00fcn\u00fcyorum. Toplumu, yap\u0131la\u015fmay\u0131, topra\u011f\u0131, bitkiyi, her \u015feyi ele alan ve bunu da \u00e7ok iyi \u015fekilde yans\u0131tan, 6 \u015eubat depreminde topra\u011f\u0131n, binalar\u0131n yok olu\u015fuyla, gerek Kanal \u0130stanbul&#8217;un asl\u0131nda sadece T\u00fcrkiye i\u00e7inde d\u00fcnyan\u0131n ekolojik d\u00fczeni i\u00e7erisinde ne \u00f6nemli sorunlar yaratabilece\u011fini vurgular\u0131yla ger\u00e7ekten \u00e7ok \u00f6zellikli bir \u00e7al\u0131\u015fma&#8221; dedi. \u00c7ok ba\u015far\u0131l\u0131 sanat\u00e7\u0131lar\u0131n kat\u0131l\u0131m sa\u011flad\u0131\u011f\u0131n\u0131 s\u00f6yleyen \u00d6zd\u00fclger, &#8220;Bu i\u015fin i\u00e7erisinde yer ald\u0131\u011f\u0131m\u0131z i\u00e7in ba\u015ftan itibaren \u00e7ok b\u00fcy\u00fck mutluluk duyuyorum. Herkese te\u015fekk\u00fcr ediyorum ve t\u00fcm sanatseverleri de bu g\u00fczel sergiye davet ediyorum&#8221; diyerek s\u00f6zlerine son verdi.<\/p>\n<p>\u00dclgen: &#8220;Mersin&#8217;de bu gibi etkinliklerin yap\u0131lmas\u0131 \u00e7ok k\u0131ymetli&#8221;<\/p>\n<p>Sanat arac\u0131l\u0131\u011f\u0131yla \u00e7evre problemlerine, iklim krizine dikkat \u00e7eken bir etkinlik oldu\u011funu s\u00f6yleyen Serginin K\u00fcrat\u00f6r\u00fc Yasemin \u00dclgen, &#8220;Bu etkinlikler serisinin en \u00f6nemli aya\u011f\u0131 sanat\u00e7\u0131lar\u0131n \u00fcretimlerinin bir araya geldi\u011fi grup sergileri oluyor. Onun yan\u0131nda bug\u00fcn de ger\u00e7ekle\u015ftirdi\u011fimiz konu\u015fmalar, akademisyenler ve alan\u0131nda uzman ki\u015filerin payla\u015ft\u0131klar\u0131 konular oluyor. \u00d6zellikle k\u00fclt\u00fcr sanat alan\u0131nda merkezile\u015fmi\u015f olan bir \u015fehir \u0130stanbul. Mersin&#8217;de bu gibi etkinliklerin yap\u0131lmas\u0131 \u00e7ok k\u0131ymetli&#8221; ifadelerine yer verdi.<\/p>\n<p>&#8220;T\u00fcrkiye genelindeki \u00e7evre problemlerine &#8216;toprak&#8217; konusu \u00fczerinden hep birlikte bak\u0131yoruz&#8221;<\/p>\n<p>Pek \u00e7ok farkl\u0131 \u015fehirden kat\u0131l\u0131mc\u0131n\u0131n oldu\u011funu belirten \u00dclgen, &#8220;Hem onlar\u0131n Mersin&#8217;i g\u00f6rmesi hem Mersin&#8217;de \u00fcretimlerini payla\u015fmalar\u0131 hem de bu bir araya geli\u015flerle yeni projelerin ortaya \u00e7\u0131kacak olmas\u0131 \u00e7ok k\u0131ymetli. Ayn\u0131 zamanda bu sergi sadece Mersin&#8217;e de odaklanm\u0131yor. \u0130stanbul&#8217;un ekoloji problemlerinden, Trabzon&#8217;daki k\u00fclt\u00fcrlere bakan ya da Anadolu&#8217;daki farkl\u0131 \u00e7evre sorunlar\u0131na odaklanan \u00e7ok \u00e7e\u015fitli konular var. O y\u00fczden bu sergi ile birlikte asl\u0131nda hem sanat\u00e7\u0131lar\u0131n \u00fcretimi dedi\u011fim gibi hem akademisyenlerin katk\u0131lar\u0131yla beraber T\u00fcrkiye genelindeki \u00e7evre problemlerine &#8216;toprak&#8217; konusu \u00fczerinden hep birlikte bak\u0131yoruz&#8221; dedi. B\u00fcy\u00fck\u015fehir&#8217;in desteklemesiyle organizasyonun tan\u0131t\u0131m\u0131n\u0131n \u00e7ok iyi yap\u0131ld\u0131\u011f\u0131n\u0131 vurgulayan \u00dclgen, &#8220;B\u00f6yle etkinliklerin mutlaka devam etmesinin gerekli oldu\u011funu d\u00fc\u015f\u00fcn\u00fcyorum&#8221; s\u00f6zlerine yer verdi.<\/p>\n<p>Ba\u015far\u0131l\u0131 bir etkinlik oldu\u011funu kaydeden resim \u00f6\u011fretmeni Seda Sat\u0131lm\u0131\u015f ise, &#8220;\u00c7evre fakt\u00f6r\u00fcn\u00fc insanlar i\u00e7in daha duyarl\u0131 olmaya \u00f6zendiren bir projede Mersin bulunmas\u0131 bence gayet ba\u015far\u0131l\u0131. \u0130\u015fler \u00e7ok iyi ayn\u0131 zamanda manifestolar\u0131 bence \u00e7ok de\u011ferli. Duyarl\u0131 olmaya te\u015fvik edilen bir proje oldu\u011funu d\u00fc\u015f\u00fcn\u00fcyorum&#8221; dedi.<\/p>\n","protected":false},"excerpt":{"rendered":"<p>Mersin B\u00fcy\u00fck\u015fehir Belediyesi; \u00c7evre M\u00fchendisleri Odas\u0131, D5 Sanat Ortam\u0131 ve Mersin&#8217;e De\u011fer Katanlar Kurulu&#8217;nun (MEDEKA) Plastik Sanat Kurulu i\u015fbirli\u011finde, &#8216;Circular Ulusal \u00c7evre ve Sanat Etkinlikleri&#8217;nin 5.&#8217;si d\u00fczenlendi. Bu y\u0131l 5.&#8217;si &hellip; <a href=\"https:\/\/akdenizolaygazetesi.com\/?p=30905\" class=\"more-link\">Devam\u0131n\u0131 Oku&#8230;<\/a><\/p>\n","protected":false},"author":2,"featured_media":30906,"comment_status":"open","ping_status":"open","sticky":false,"template":"","format":"standard","meta":[],"categories":[1,2,3],"tags":[],"_links":{"self":[{"href":"https:\/\/akdenizolaygazetesi.com\/index.php?rest_route=\/wp\/v2\/posts\/30905"}],"collection":[{"href":"https:\/\/akdenizolaygazetesi.com\/index.php?rest_route=\/wp\/v2\/posts"}],"about":[{"href":"https:\/\/akdenizolaygazetesi.com\/index.php?rest_route=\/wp\/v2\/types\/post"}],"author":[{"embeddable":true,"href":"https:\/\/akdenizolaygazetesi.com\/index.php?rest_route=\/wp\/v2\/users\/2"}],"replies":[{"embeddable":true,"href":"https:\/\/akdenizolaygazetesi.com\/index.php?rest_route=%2Fwp%2Fv2%2Fcomments&post=30905"}],"version-history":[{"count":1,"href":"https:\/\/akdenizolaygazetesi.com\/index.php?rest_route=\/wp\/v2\/posts\/30905\/revisions"}],"predecessor-version":[{"id":30907,"href":"https:\/\/akdenizolaygazetesi.com\/index.php?rest_route=\/wp\/v2\/posts\/30905\/revisions\/30907"}],"wp:featuredmedia":[{"embeddable":true,"href":"https:\/\/akdenizolaygazetesi.com\/index.php?rest_route=\/wp\/v2\/media\/30906"}],"wp:attachment":[{"href":"https:\/\/akdenizolaygazetesi.com\/index.php?rest_route=%2Fwp%2Fv2%2Fmedia&parent=30905"}],"wp:term":[{"taxonomy":"category","embeddable":true,"href":"https:\/\/akdenizolaygazetesi.com\/index.php?rest_route=%2Fwp%2Fv2%2Fcategories&post=30905"},{"taxonomy":"post_tag","embeddable":true,"href":"https:\/\/akdenizolaygazetesi.com\/index.php?rest_route=%2Fwp%2Fv2%2Ftags&post=30905"}],"curies":[{"name":"wp","href":"https:\/\/api.w.org\/{rel}","templated":true}]}}