{"id":30908,"date":"2024-06-12T12:50:17","date_gmt":"2024-06-12T09:50:17","guid":{"rendered":"http:\/\/akdenizolaygazetesi.com\/?p=30908"},"modified":"2024-06-12T12:50:17","modified_gmt":"2024-06-12T09:50:17","slug":"mersin-buyuksehir-cocuk-calistayini-gerceklestirdi","status":"publish","type":"post","link":"https:\/\/akdenizolaygazetesi.com\/?p=30908","title":{"rendered":"MERS\u0130N B\u00dcY\u00dcK\u015eEH\u0130R &#8216;\u00c7OCUK \u00c7ALI\u015eTAYI&#8217;NI GER\u00c7EKLE\u015eT\u0130RD\u0130"},"content":{"rendered":"<p>\u00c7ocuklar\u0131n ve insanlar\u0131n g\u00fcl\u00fcmsedi\u011fi, mutlu ve memnun oldu\u011fu bir kent anlay\u0131\u015f\u0131 ile \u00e7al\u0131\u015fmalar\u0131n\u0131 ger\u00e7ekle\u015ftiren Mersin B\u00fcy\u00fck\u015fehir Belediyesi, Kad\u0131n ve Aile Hizmetleri Dairesi Ba\u015fkanl\u0131\u011f\u0131 b\u00fcnyesinde &#8216;\u00c7ocuk \u00c7al\u0131\u015ftay\u0131&#8217; d\u00fczenledi. \u00c7ocuk haklar\u0131 ve \u00e7ocuk temsiliyetinin yer ald\u0131\u011f\u0131 \u00e7al\u0131\u015ftayda pek \u00e7ok uzman; olu\u015fturulan konu ba\u015fl\u0131klar\u0131 ile ilgili duygu, d\u00fc\u015f\u00fcnce ve fikir al\u0131\u015fveri\u015finde bulundu. \u00c7al\u0131\u015ftayda; B\u00fcy\u00fck\u015fehir Belediyesi&#8217;nin \u00e7ocuklarla ilgili 5 y\u0131l boyunca izlemesi gereken politikalar\u0131, stratejik eylem planlar\u0131, uygulanabilir somut ve s\u00fcrd\u00fcr\u00fclebilir bir yol haritas\u0131 olu\u015fturulmas\u0131 hedeflendi.<\/p>\n<p>\u00c7ocuklar\u0131n ve insanlar\u0131n g\u00fcl\u00fcmsedi\u011fi, mutlu ve memnun oldu\u011fu bir kent anlay\u0131\u015f\u0131 ile \u00e7al\u0131\u015fmalar\u0131n\u0131 ger\u00e7ekle\u015ftiren Mersin B\u00fcy\u00fck\u015fehir Belediyesi, 4 y\u0131l \u00f6nce bir ilke imza atarak kurmu\u015f oldu\u011fu Kad\u0131n ve Aile Hizmetleri Dairesi Ba\u015fkanl\u0131\u011f\u0131 b\u00fcnyesinde &#8216;\u00c7ocuk \u00c7al\u0131\u015ftay\u0131&#8217; d\u00fczenledi. \u00c7al\u0131\u015ftaya Kad\u0131n ve Aile Hizmetleri Dairesi Ba\u015fkan\u0131 \u015eerife Haso\u011flu Dokucu, Kad\u0131n ve Aile Hizmetleri Dairesi M\u00fcd\u00fcrleri, Mersin Barosu, Emniyet ve Milli E\u011fitim M\u00fcd\u00fcrl\u00fc\u011f\u00fc, Mersin \u00dcniversitesi, \u00e7ok say\u0131da dernek ve vak\u0131f temsilcilerinden uzman ki\u015filer kat\u0131ld\u0131.<\/p>\n<p>\u00c7al\u0131\u015ftayda ele al\u0131nan konular aras\u0131nda; &#8216;\u00c7ocuk \u0130\u015f\u00e7ili\u011fi ile M\u00fccadele&#8217;, &#8216;\u00c7ocuk Dostu Kent&#8217;, &#8216;\u00c7ocuk ve Mahremiyet, E\u011fitim, Fark\u0131ndal\u0131k&#8217;, &#8216;\u00c7ocuk \u0130hmali, \u0130stismar\u0131, \u015eiddet ve \u00c7ocuk Haklar\u0131&#8217;, &#8216;\u00c7ocuklarda Ba\u011f\u0131ml\u0131l\u0131k&#8217;, &#8216;\u00c7ocuk ve \u0130leti\u015fim&#8217;, &#8216;Akran Zorbal\u0131\u011f\u0131&#8217; ile &#8216;Do\u011fal Afetler ve \u00c7ocuk&#8217; ba\u015fl\u0131klar\u0131 yer ald\u0131. B\u00fcy\u00fck\u015fehir Belediyesi&#8217;nin \u00e7ocuklarla ilgili 5 y\u0131l boyunca izlemesi gereken politikalar\u0131, stratejik eylem planlar\u0131, uygulanabilir somut ve s\u00fcrd\u00fcr\u00fclebilir bir yol haritas\u0131 olu\u015fturulmas\u0131 hedeflenen \u00e7al\u0131\u015ftay, kentte \u00e7ocuklar\u0131n ya\u015fad\u0131\u011f\u0131 s\u0131k\u0131nt\u0131 ve sorunlar\u0131n tespit edilmesi ve \u00e7\u00f6z\u00fcm noktas\u0131nda destek al\u0131nmas\u0131 gereken kurumlarla i\u015f birliklerin geli\u015ftirilmesi bak\u0131m\u0131ndan da \u00f6nem ta\u015f\u0131yor.<\/p>\n<p>Dokucu: &#8220;\u00c7al\u0131\u015ftayda alaca\u011f\u0131m\u0131z kararlar, \u00f6n\u00fcm\u00fczdeki 5 y\u0131lda uygulamalar\u0131m\u0131z\u0131 etkileyecek&#8221;<\/p>\n<p>Kad\u0131n ve Aile Hizmetleri Dairesi Ba\u015fkan\u0131 \u015eerife Haso\u011flu Dokucu, \u00c7ocuk \u00c7al\u0131\u015ftay\u0131&#8217;na kat\u0131l\u0131m\u0131n olduk\u00e7a yo\u011fun ve g\u00fczel oldu\u011funu belirterek, &#8220;\u00c7al\u0131\u015ftay\u0131m\u0131zda verece\u011finiz bilgiler, bizim \u00f6n\u00fcm\u00fczdeki 5 y\u0131lda uygulamalar\u0131m\u0131z\u0131 do\u011frudan etkileyecek. Dolay\u0131s\u0131yla ince eleyip s\u0131k dokursan\u0131z, kentimiz a\u00e7\u0131s\u0131ndan \u00e7ok faydal\u0131 olur. Bir \u00f6nceki \u00e7al\u0131\u015ftay\u0131m\u0131zda \u00f6nerilerin tamam\u0131na yak\u0131n\u0131 uyguland\u0131. Bunun da Mersin&#8217;e \u00e7ok g\u00fczel bir katk\u0131s\u0131 oldu. Dolay\u0131s\u0131yla sizlerle fikir birli\u011fi i\u00e7erisinde, \u015fehrimiz i\u00e7in karar almaktan \u00e7ok mutluyuz&#8221; s\u00f6zlerine yer verdi.<\/p>\n<p>Kad\u0131n ve Aile Hizmetleri Dairesi&#8217;nin 4 y\u0131l \u00f6nce kurulmu\u015f bir daire oldu\u011funu ve \u00f6n\u00fcm\u00fczdeki y\u0131llarda her mahallede \u00e7al\u0131\u015fma yapmak istediklerini kaydeden Dokucu, \u00fczerinde durmak istedikleri en temel konulardan birisinin de \u00e7ocuk istismar\u0131 konusu oldu\u011funu vurgulad\u0131. Kad\u0131n \u00c7al\u0131\u015ftay\u0131&#8217;nda da bu konu \u00fczerinde durduklar\u0131n\u0131 ifade eden Dokucu, ba\u011f\u0131ml\u0131l\u0131k konusu ile de m\u00fccadele etmek istediklerini ifade ederek, &#8220;Ba\u011f\u0131ml\u0131l\u0131k dedi\u011fimiz zaman yasakl\u0131 madde veya ekran ba\u011f\u0131ml\u0131l\u0131\u011f\u0131 olarak alg\u0131l\u0131yoruz, ancak hepimizin evlerindeki televizyon ba\u011f\u0131ml\u0131l\u0131\u011f\u0131n\u0131 da \u00f6zellikle dikkate alman\u0131z\u0131 ve televizyonun aile yap\u0131s\u0131n\u0131 nas\u0131l etkiledi\u011fi konusunda tart\u0131\u015fman\u0131z\u0131 \u00f6zellikle rica ediyoruz. Televizyon; hem aile ba\u011flar\u0131n\u0131n yeterince g\u00fc\u00e7lenmemesi konusunda etki ediyor, hem de \u00e7ocuklar\u0131n zaman kayb\u0131na neden oluyor&#8221; diye konu\u015ftu.<\/p>\n<p>&#8220;\u00c7al\u0131\u015ftayda \u00e7ok \u00f6nemli konu ba\u015fl\u0131klar\u0131 ele al\u0131nd\u0131&#8221;<\/p>\n<p>&#8216;\u00c7ocuk ve \u0130leti\u015fim&#8217; konusuna Kad\u0131n \u00c7al\u0131\u015ftay\u0131&#8217;nda da yer verdiklerini dile getiren Dokucu, \u015fefkat ileti\u015fimi ve \u015fefkatli ileti\u015fim yakla\u015f\u0131m\u0131 \u00fczerine uzun bir tart\u0131\u015fma yapt\u0131klar\u0131n\u0131 belirtti. Bu sayede negatif e\u011filimli ileti\u015fim bi\u00e7iminin d\u00f6n\u00fc\u015ft\u00fcr\u00fclebilece\u011fini vurgulayan Dokucu, &#8220;\u0130leti\u015fim, bizim toplumumuzda en b\u00fcy\u00fck problemlerden bir tanesi. Akran zorbal\u0131\u011f\u0131 zaten ba\u015fl\u0131 ba\u015f\u0131na bir mesele. &#8216;Do\u011fal Afetler ve \u00c7ocuk&#8217; masam\u0131z var. Kentimiz i\u00e7in alabildi\u011fince bol karar al\u0131n. B\u00fcy\u00fck\u015fehir Belediye Ba\u015fkan\u0131m\u0131z Vahap Se\u00e7er, ge\u00e7ti\u011fimiz 5 y\u0131lda \u00f6n\u00fcm\u00fcz\u00fc a\u00e7t\u0131. Bir 5 y\u0131l daha hem b\u00fct\u00e7esel, hem de kente yay\u0131l\u0131m olarak daha fazla olana\u011f\u0131m\u0131z olacak&#8221; diyerek, \u00e7al\u0131\u015ftaya kat\u0131lan ve emek veren herkese te\u015fekk\u00fcr etti.<\/p>\n<p>Polat: &#8220;Bu \u00e7al\u0131\u015fmalar\u0131n ana noktas\u0131, \u00e7ocu\u011fun y\u00fcksek yarar\u0131d\u0131r&#8221;<\/p>\n<p>Sosyal Hizmetler Uzman\u0131 \u0130brahim Halil Polat, &#8216;\u00c7ocuk \u00c7al\u0131\u015ftay\u0131&#8217; kapsam\u0131nda yerel d\u00fczeyde \u00e7ocuklara y\u00f6nelik hedef ve politikalar olu\u015fturduklar\u0131n\u0131 belirterek, &#8220;Burada \u00e7ocu\u011fun y\u00fcksek yarar\u0131n\u0131 esas al\u0131yoruz. T\u00fcm kamu kurulu\u015flar\u0131 ve STK&#8217;larda \u00e7al\u0131\u015fmalar\u0131n ana noktas\u0131, \u00e7ocu\u011fun y\u00fcksek yarar\u0131d\u0131r. Bizim masam\u0131z \u00e7ocuk i\u015f\u00e7ili\u011fi ve masam\u0131zda kamu kurumlar\u0131 ile STK&#8217;lar\u0131n yapt\u0131\u011f\u0131 \u00e7al\u0131\u015fmalar konu\u015fuluyor. \u00c7ocuklar\u0131n sokakta maruz kald\u0131\u011f\u0131 tehlikelere, ihmallere ve istismara kar\u015f\u0131 neler yapabiliriz noktas\u0131nda g\u00f6r\u00fc\u015fmeler sa\u011fl\u0131yoruz. Buradaki as\u0131l ama\u00e7, &#8216;mikro d\u00fczeyde biz bu \u00e7ocu\u011fu sokaklardan nas\u0131l kurtarabiliriz?&#8217; Baz\u0131 ebeveynlerde fark\u0131ndal\u0131k olu\u015fmayabilir. Bu ama\u00e7la &#8216;kamu politikalar\u0131nda neler olu\u015fturabiliriz ve \u00e7ocuklara sosyal ve ekonomik nas\u0131l destek sa\u011flayabiliriz?&#8217; konusunda s\u00fcrekli konu\u015fuyoruz&#8221; ifadelerini kulland\u0131.<\/p>\n<p>\u015eim\u015fek: &#8220;\u00c7al\u0131\u015ftayda, yapmam\u0131z gereken ve \u00fczerimize d\u00fc\u015fen sorumluluklar \u00fczerine konu\u015ftuk&#8221;<\/p>\n<p>Mersin Barosu \u00c7ocuk Haklar\u0131 Merkezi Ba\u015fkan\u0131 Avukat Ezgi \u015eim\u015fek, &#8216;\u00c7ocuk \u00c7al\u0131\u015ftay\u0131&#8217;na kamu kurumlar\u0131ndan sivil toplum \u00f6rg\u00fctlerine kadar \u00e7ok fazla temsilcinin kat\u0131ld\u0131\u011f\u0131n\u0131 ifade ederek, &#8220;\u00c7ocuk i\u015f\u00e7ili\u011fi, bizim her zaman i\u00e7imizi ac\u0131tan bir durum oldu. &#8216;\u00c7ocuk ya\u015fta \u00e7al\u0131\u015ft\u0131r\u0131lan i\u015f\u00e7iler ve \u00e7ocuklar\u0131n ihmal ve istismara maruz kalmas\u0131 konusunda bizler neler yapabiliriz, bizim \u00fczerimize d\u00fc\u015fen g\u00f6revler nelerdir?&#8217; gibi konular \u00fczerine konu\u015fuyoruz. \u00c7\u00f6z\u00fcm \u00f6nerisi olarak sundu\u011fumuz \u015feylerin ba\u015f\u0131nda, \u00f6ncelikli olarak ailelerin ekonomik durumlar\u0131n\u0131n tespit edilmesi ve belediye arac\u0131l\u0131\u011f\u0131yla bu ailelere maddi anlamda katk\u0131lar\u0131n yap\u0131labilmesi yer al\u0131yor. Bunun d\u0131\u015f\u0131nda \u00e7ocuklar\u0131n ya\u015f\u0131 gere\u011fi okulunu ve e\u011fitimini ihmal etmeksizin, bir yandan da sorumluluk ve \u00f6zg\u00fcven sa\u011flayabilmek i\u00e7in ya\u015f\u0131na uygun i\u015flerde yasal olarak ve uygun g\u00f6r\u00fclen kriterlerde \u00e7al\u0131\u015fmas\u0131n\u0131n sa\u011flanabilmesi&#8221; dedi. Bu konularda yap\u0131lmas\u0131 gereken uygulamalar\u0131 \u00e7al\u0131\u015ftayda tart\u0131\u015fma f\u0131rsat\u0131 bulduklar\u0131n\u0131 dile getiren \u015eim\u015fek, e\u011fitimlerle birlikte insanlar\u0131n fark\u0131ndal\u0131klar\u0131n\u0131n daha \u00e7ok artaca\u011f\u0131n\u0131 kaydetti.<\/p>\n<p>Do\u00e7. Dr. Taylan: &#8220;Burada farkl\u0131 kurum ve kesimlerden \u00e7ok zengin bir fikir ortam\u0131 olu\u015ftu&#8221;<\/p>\n<p>&#8216;\u00c7ocuk ve \u0130leti\u015fim&#8217; \u00fczerine de\u011ferlendirmeler yapan Mersin \u00dcniversitesi&#8217;nden Do\u00e7. Dr. Ahmet Taylan, \u00f6\u011frenmenin en temel a\u015famas\u0131nda ileti\u015fim s\u00fcrecinin yer ald\u0131\u011f\u0131n\u0131 ve bireylerin \u00f6\u011frendik\u00e7e sosyalle\u015fti\u011fini, bu s\u00fcre\u00e7te de toplum kurallar\u0131n\u0131 \u00f6\u011frendi\u011fimizi ifade etti. \u00c7al\u0131\u015ftayda \u00f6zellikle \u00e7ocuk ileti\u015fimi masas\u0131n\u0131n kurulmas\u0131n\u0131n olduk\u00e7a \u00f6nemli oldu\u011funu vurgulayan Taylan, &#8220;Mersin B\u00fcy\u00fck\u015fehir Belediyesi, son derece yenilik\u00e7i ve inovatif yakla\u015f\u0131mlar\u0131yla dikkat \u00e7ekiyor. Bizler de kendi alanlar\u0131m\u0131zla ilgili geli\u015fmeleri, bu konuda \u00e7al\u0131\u015fan uzman insanlar olarak takdirle izliyoruz. B\u00fcy\u00fck\u015fehir Belediyesi&#8217;nin bundan sonraki \u00e7al\u0131\u015fmalar\u0131na y\u00f6n vermek \u00fczere olu\u015fturaca\u011f\u0131 stratejik planlar i\u00e7in; konusunda uzman ki\u015filerden, STK temsilcilerinden, kamu kurumlar\u0131n\u0131n temsilcilerinden ve biz akademisyenlerden geri d\u00f6n\u00fc\u015f istemesi ve bunlar\u0131 da stratejik raporlar\u0131na yans\u0131tacak politikalara d\u00f6n\u00fc\u015ft\u00fcrmesi, bence \u00e7ok az kurumun ba\u015farabildi\u011fi \u015feylerden bir tanesi. Burada \u00e7ok zengin bir fikir ortam\u0131 olu\u015ftu ve \u00e7ok fazla farkl\u0131 kurumdan uzman g\u00f6r\u00fc\u015flerine sahip insanlar bir araya geldi. Bu fikirlerin belediye taraf\u0131ndan kullan\u0131labilir politikalara d\u00f6n\u00fc\u015ft\u00fcr\u00fclmesi, her \u015feyden \u00f6nce Mersin&#8217;e katk\u0131 sa\u011flayacakt\u0131r&#8221; s\u00f6zlerine yer verdi.<\/p>\n<p>Bozdemir: &#8220;Kentte ortak bir dilin olu\u015fmas\u0131 i\u00e7in, B\u00fcy\u00fck\u015fehir do\u011fru bir i\u015f yap\u0131yor&#8221;<\/p>\n<p>Anne \u00c7ocuk E\u011fitim Vakf\u0131&#8217;nda (A\u00c7EV) Baba Destek E\u011fitim Program\u0131 De\u011fi\u015fim El\u00e7isi Arslan Bozdemir, B\u00fcy\u00fck\u015fehir Belediyesi&#8217;nin yapm\u0131\u015f oldu\u011fu bu \u00e7al\u0131\u015fman\u0131n olduk\u00e7a \u00f6nemli oldu\u011funun alt\u0131n\u0131 \u00e7izerek, &#8220;Akran zorbal\u0131\u011f\u0131 ile ilgili \u00e7ocu\u011fun ya\u015f\u0131tlar\u0131yla \u00fcst\u00fcnl\u00fck kurma, \u015fiddet uygulaman\u0131n derinlerinde ve geri plan\u0131ndaki nedenler nedir, bunlar\u0131n \u00e7ok iyi analizinin yap\u0131l\u0131p \u00e7\u00f6z\u00fcm\u00fcn sa\u011fl\u0131kl\u0131 \u00fcretilmesinin tespit edilmesi i\u00e7in buraday\u0131z. &#8216;B\u00fcy\u00fck\u015fehir Belediyesi&#8217;ne, STK&#8217;lara, devletin di\u011fer birimlerinin \u00fczerine d\u00fc\u015fen g\u00f6revler nedir ve \u00e7ocuklar\u0131m\u0131z\u0131 daha g\u00fczel bir kentte, daha g\u00fczel bir \u00fclkede ve d\u00fcnyada bar\u0131\u015f i\u00e7inde nas\u0131l yeti\u015ftirebiliriz&#8217; amac\u0131nday\u0131z. Kentlilik bilincini olu\u015fturan ortak bir dilin olu\u015fmas\u0131 i\u00e7in, bu tip \u00e7al\u0131\u015fmalar\u0131n olmas\u0131 gerekti\u011fini d\u00fc\u015f\u00fcn\u00fcyorum. Bu anlamda B\u00fcy\u00fck\u015fehir Belediyesi do\u011fru bir i\u015f yap\u0131yor&#8221; dedi.<\/p>\n","protected":false},"excerpt":{"rendered":"<p>\u00c7ocuklar\u0131n ve insanlar\u0131n g\u00fcl\u00fcmsedi\u011fi, mutlu ve memnun oldu\u011fu bir kent anlay\u0131\u015f\u0131 ile \u00e7al\u0131\u015fmalar\u0131n\u0131 ger\u00e7ekle\u015ftiren Mersin B\u00fcy\u00fck\u015fehir Belediyesi, Kad\u0131n ve Aile Hizmetleri Dairesi Ba\u015fkanl\u0131\u011f\u0131 b\u00fcnyesinde &#8216;\u00c7ocuk \u00c7al\u0131\u015ftay\u0131&#8217; d\u00fczenledi. \u00c7ocuk haklar\u0131 ve &hellip; <a href=\"https:\/\/akdenizolaygazetesi.com\/?p=30908\" class=\"more-link\">Devam\u0131n\u0131 Oku&#8230;<\/a><\/p>\n","protected":false},"author":2,"featured_media":30909,"comment_status":"open","ping_status":"open","sticky":false,"template":"","format":"standard","meta":[],"categories":[1,2,3],"tags":[],"_links":{"self":[{"href":"https:\/\/akdenizolaygazetesi.com\/index.php?rest_route=\/wp\/v2\/posts\/30908"}],"collection":[{"href":"https:\/\/akdenizolaygazetesi.com\/index.php?rest_route=\/wp\/v2\/posts"}],"about":[{"href":"https:\/\/akdenizolaygazetesi.com\/index.php?rest_route=\/wp\/v2\/types\/post"}],"author":[{"embeddable":true,"href":"https:\/\/akdenizolaygazetesi.com\/index.php?rest_route=\/wp\/v2\/users\/2"}],"replies":[{"embeddable":true,"href":"https:\/\/akdenizolaygazetesi.com\/index.php?rest_route=%2Fwp%2Fv2%2Fcomments&post=30908"}],"version-history":[{"count":1,"href":"https:\/\/akdenizolaygazetesi.com\/index.php?rest_route=\/wp\/v2\/posts\/30908\/revisions"}],"predecessor-version":[{"id":30910,"href":"https:\/\/akdenizolaygazetesi.com\/index.php?rest_route=\/wp\/v2\/posts\/30908\/revisions\/30910"}],"wp:featuredmedia":[{"embeddable":true,"href":"https:\/\/akdenizolaygazetesi.com\/index.php?rest_route=\/wp\/v2\/media\/30909"}],"wp:attachment":[{"href":"https:\/\/akdenizolaygazetesi.com\/index.php?rest_route=%2Fwp%2Fv2%2Fmedia&parent=30908"}],"wp:term":[{"taxonomy":"category","embeddable":true,"href":"https:\/\/akdenizolaygazetesi.com\/index.php?rest_route=%2Fwp%2Fv2%2Fcategories&post=30908"},{"taxonomy":"post_tag","embeddable":true,"href":"https:\/\/akdenizolaygazetesi.com\/index.php?rest_route=%2Fwp%2Fv2%2Ftags&post=30908"}],"curies":[{"name":"wp","href":"https:\/\/api.w.org\/{rel}","templated":true}]}}