{"id":30911,"date":"2024-06-12T12:54:47","date_gmt":"2024-06-12T09:54:47","guid":{"rendered":"http:\/\/akdenizolaygazetesi.com\/?p=30911"},"modified":"2024-06-12T12:54:47","modified_gmt":"2024-06-12T09:54:47","slug":"ahbib-baskani-veysel-memis-mayis-ayinda-yuzde-22-artisla-181-milyon-dolar-ihracat-gerceklestirdik","status":"publish","type":"post","link":"https:\/\/akdenizolaygazetesi.com\/?p=30911","title":{"rendered":"AHB\u0130B Ba\u015fkan\u0131 Veysel Memi\u015f: May\u0131s Ay\u0131nda Y\u00fczde 22 Art\u0131\u015fla 181 Milyon Dolar \u0130hracat Ger\u00e7ekle\u015ftirdik"},"content":{"rendered":"<p>AHB\u0130B BA\u015eKANI VEYSEL MEM\u0130\u015e: MAYIS AYINDA Y\u00dcZDE 22 ARTI\u015eLA 181 M\u0130LYON DOLAR \u0130HRACAT GER\u00c7EKLE\u015eT\u0130RD\u0130K<\/p>\n<p>Akdeniz Hububat, Bakliyat, Ya\u011fl\u0131 Tohumlar ve Mamulleri \u0130hracat\u00e7\u0131lar\u0131 Birli\u011fi (AHB\u0130B) Y\u00f6netim Kurulu Ba\u015fkan\u0131 Veysel Memi\u015f, may\u0131s ay\u0131nda ge\u00e7en y\u0131l\u0131n ayn\u0131 d\u00f6nemine g\u00f6re y\u00fczde 22 oran\u0131nda art\u0131\u015f sa\u011flayarak 181 milyon dolarl\u0131k ihracat ger\u00e7ekle\u015ftirdiklerini a\u00e7\u0131klad\u0131.<br \/>\nY\u0131l\u0131n be\u015finci ay\u0131nda t\u00fcm \u00fcr\u00fcn gruplar\u0131nda en fazla ihra\u00e7 ettikleri \u00fcr\u00fcn\u00fcn k\u0131rm\u0131z\u0131 mercimek oldu\u011funu belirten AHB\u0130B Ba\u015fkan\u0131 Veysel Memi\u015f, Tunus, \u0130ran, Avusturya, Fas, G\u00fcney Sudan, Kosova ve Kazakistan pazarlar\u0131nda 58 kata varan oranlarda rekor art\u0131\u015flara imza att\u0131klar\u0131n\u0131 bildirdi.<\/p>\n<p>\u201cEyl\u00fcl ay\u0131nda ger\u00e7ekle\u015ftirilecek 2 fuar ve 2 ticaret heyetine odakland\u0131k\u201d<br \/>\nAHB\u0130B olarak geleneksel pazarlarda daha etkin olmak ve pazar \u00e7e\u015fitlili\u011fini art\u0131rmaya y\u00f6nelik prestijli fuarlarda tan\u0131t\u0131mlar yapt\u0131klar\u0131n\u0131 ve ticaret heyetleri d\u00fczenlediklerini kaydeden AHB\u0130B Ba\u015fkan\u0131 Veysel Memi\u015f, eyl\u00fcl ay\u0131ndaki 2 fuar 2 ticaret heyetine odakland\u0131klar\u0131n\u0131 s\u00f6yledi.<br \/>\nBa\u015fkan Veysel Memi\u015f, \u201c31-A\u011fustos-4 Eyl\u00fcl tarihleri aras\u0131nda \u00c7in&#8217;in Shenzen \u015fehrinde Akdeniz \u0130hracat\u00e7\u0131 Birlikleri&#8217;nin organizasyonu ile \u00c7in Ticaret Heyeti&#8217;ne kat\u0131laca\u011f\u0131z. 3-6 Eyl\u00fcl tarihleri aras\u0131nda T\u0130M Hububat, Bakliyat, Ya\u011fl\u0131 Tohumlar ve Mamulleri Sekt\u00f6r Kurulu ve b\u00fcnyesinde bulunan t\u00fcm \u0130hracat\u00e7\u0131 Birlikleri&#8217;nin destek\u00e7isi oldu\u011fu Uluslararas\u0131 G\u0131da \u00dcr\u00fcnleri ve Teknolojileri Fuar\u0131- WorldFood \u0130stanbul&#8217;da d\u00fcnyan\u0131n g\u0131da devleriyle bulu\u015faca\u011f\u0131z. 17-20 Eyl\u00fcl tarihleri aras\u0131nda Worldfood Moskova Fuar\u0131&#8217;nda \u00fcr\u00fcnlerimizi vitrine ta\u015f\u0131yaca\u011f\u0131z. 25-28 Eyl\u00fcl tarihleri aras\u0131nda ise AHB\u0130B \u00fcyesi firmalara y\u00f6nelik \u0130talya Sekt\u00f6rel Ticaret Heyeti ger\u00e7ekle\u015ftirece\u011fiz. Bu \u00f6nemli organizasyonlarda yapaca\u011f\u0131m\u0131z tan\u0131t\u0131mlarla ihracat performans\u0131m\u0131z\u0131 daha \u00fcst seviyelere ta\u015f\u0131yaca\u011f\u0131m\u0131za inan\u0131yorum.\u201d dedi.<\/p>\n<p>\u201cT\u00fcrkiye geneli sekt\u00f6r ihracat\u0131na y\u00fczde 17 oran\u0131nda destek verdik\u201d<br \/>\nMay\u0131s ay\u0131nda 1 milyar 66 milyon dolarl\u0131k T\u00fcrkiye geneli sekt\u00f6r ihracat\u0131na y\u00fczde 17 oran\u0131nda destek veren AHB\u0130B&#8217;in performans\u0131n\u0131 \u00fcr\u00fcn gruplar\u0131 ve \u00fclkelere g\u00f6re de\u011ferlendiren Ba\u015fkan Veysel Memi\u015f, \u015funlar\u0131 s\u00f6yledi: \u201cMay\u0131s ay\u0131nda AHB\u0130B b\u00f6lgesinde sekt\u00f6r\u00fcm\u00fcz 204 bin 278 ton \u00fcr\u00fcn\u00fc uluslararas\u0131 pazarlarda de\u011fere d\u00f6n\u00fc\u015ft\u00fcrd\u00fc. En y\u00fcksek ihracat de\u011ferlerini bakliyatlar, pastac\u0131l\u0131k \u00fcr\u00fcnleri ve de\u011firmencilik \u00fcr\u00fcnlerinde elde ettik. Bakliyatlarda 50,7 milyon dolar, pastac\u0131l\u0131k \u00fcr\u00fcnlerinde 32,8 milyon dolar, de\u011firmencilik \u00fcr\u00fcnlerinde 27,4 milyon dolar ihracat ger\u00e7ekle\u015ftirdik. S\u00f6z konusu d\u00f6nemde t\u00fcm \u00fcr\u00fcn gruplar\u0131nda en fazla ihra\u00e7 etti\u011fimiz \u00fcr\u00fcn y\u00fczde 205 art\u0131\u015f ve 41,2 milyon dolar de\u011fer ile k\u0131rm\u0131z\u0131 mercimek oldu. May\u0131s ay\u0131nda 143 \u00fclkeye ihracat yapan Birli\u011fimiz, en y\u00fcksek de\u011ferleri Irak, \u0130ran ve Suriye pazarlar\u0131nda elde etti. Irak&#8217;ta 40,3 milyon dolar, \u0130ran&#8217;da 19,2 milyon dolar ve Suriye&#8217;de 7,4 milyon dolar ihracata imza att\u0131k. Y\u0131l\u0131n be\u015finci ay\u0131nda ihracat hacminde en g\u00fc\u00e7l\u00fc art\u0131\u015flar\u0131 yakalad\u0131\u011f\u0131m\u0131z \u00fclkeler aras\u0131nda Tunus, \u0130ran, Avusturya, Fas, G\u00fcney Sudan, Kosova ve Kazakistan pazarlar\u0131 dikkat \u00e7ekti. Tunus&#8217;a y\u00fczde 5 bin 856 art\u0131\u015fla 4,7 milyon dolar, \u0130ran&#8217;a y\u00fczde 610 art\u0131\u015fla 19,2 milyon dolar, Avusturya&#8217;ya y\u00fczde 958 art\u0131\u015fla 1,5 milyon dolar, Fas&#8217;a y\u00fczde 573 art\u0131\u015fla 794 bin dolar, G\u00fcney Sudan&#8217;a y\u00fczde 583 art\u0131\u015fla 274 bin dolar, Kosova&#8217;ya y\u00fczde 1.016 art\u0131\u015fla 219 bin dolar ve Kazakistan&#8217;a y\u00fczde 756 art\u0131\u015fla 140 bin dolar ihracat ger\u00e7ekle\u015ftirdik.\u201d<\/p>\n<p>Ocak-May\u0131s d\u00f6neminde AHB\u0130B&#8217;in ihracat\u0131 876 milyon dolar\u0131 a\u015ft\u0131<br \/>\nBa\u015fkan Veysel Memi\u015f, AHB\u0130B&#8217;in 2024 y\u0131l\u0131 Ocak-May\u0131s aylar\u0131 aras\u0131ndaki ihracat\u0131n\u0131n y\u00fczde 6 art\u0131\u015fla 876,8 milyon dolar de\u011ferine eri\u015fti\u011fini, son 12 ayl\u0131k d\u0131\u015f sat\u0131m performans\u0131n\u0131n ise y\u00fczde 1 art\u0131\u015fla 2,18 milyar dolar d\u00fczeyinde ger\u00e7ekle\u015fti\u011fini s\u00f6zlerine ekledi.<\/p>\n","protected":false},"excerpt":{"rendered":"<p>AHB\u0130B BA\u015eKANI VEYSEL MEM\u0130\u015e: MAYIS AYINDA Y\u00dcZDE 22 ARTI\u015eLA 181 M\u0130LYON DOLAR \u0130HRACAT GER\u00c7EKLE\u015eT\u0130RD\u0130K Akdeniz Hububat, Bakliyat, Ya\u011fl\u0131 Tohumlar ve Mamulleri \u0130hracat\u00e7\u0131lar\u0131 Birli\u011fi (AHB\u0130B) Y\u00f6netim Kurulu Ba\u015fkan\u0131 Veysel Memi\u015f, may\u0131s &hellip; <a href=\"https:\/\/akdenizolaygazetesi.com\/?p=30911\" class=\"more-link\">Devam\u0131n\u0131 Oku&#8230;<\/a><\/p>\n","protected":false},"author":2,"featured_media":30912,"comment_status":"open","ping_status":"open","sticky":false,"template":"","format":"standard","meta":[],"categories":[1,2,3],"tags":[],"_links":{"self":[{"href":"https:\/\/akdenizolaygazetesi.com\/index.php?rest_route=\/wp\/v2\/posts\/30911"}],"collection":[{"href":"https:\/\/akdenizolaygazetesi.com\/index.php?rest_route=\/wp\/v2\/posts"}],"about":[{"href":"https:\/\/akdenizolaygazetesi.com\/index.php?rest_route=\/wp\/v2\/types\/post"}],"author":[{"embeddable":true,"href":"https:\/\/akdenizolaygazetesi.com\/index.php?rest_route=\/wp\/v2\/users\/2"}],"replies":[{"embeddable":true,"href":"https:\/\/akdenizolaygazetesi.com\/index.php?rest_route=%2Fwp%2Fv2%2Fcomments&post=30911"}],"version-history":[{"count":1,"href":"https:\/\/akdenizolaygazetesi.com\/index.php?rest_route=\/wp\/v2\/posts\/30911\/revisions"}],"predecessor-version":[{"id":30913,"href":"https:\/\/akdenizolaygazetesi.com\/index.php?rest_route=\/wp\/v2\/posts\/30911\/revisions\/30913"}],"wp:featuredmedia":[{"embeddable":true,"href":"https:\/\/akdenizolaygazetesi.com\/index.php?rest_route=\/wp\/v2\/media\/30912"}],"wp:attachment":[{"href":"https:\/\/akdenizolaygazetesi.com\/index.php?rest_route=%2Fwp%2Fv2%2Fmedia&parent=30911"}],"wp:term":[{"taxonomy":"category","embeddable":true,"href":"https:\/\/akdenizolaygazetesi.com\/index.php?rest_route=%2Fwp%2Fv2%2Fcategories&post=30911"},{"taxonomy":"post_tag","embeddable":true,"href":"https:\/\/akdenizolaygazetesi.com\/index.php?rest_route=%2Fwp%2Fv2%2Ftags&post=30911"}],"curies":[{"name":"wp","href":"https:\/\/api.w.org\/{rel}","templated":true}]}}