{"id":30950,"date":"2024-06-13T13:27:17","date_gmt":"2024-06-13T10:27:17","guid":{"rendered":"http:\/\/akdenizolaygazetesi.com\/?p=30950"},"modified":"2024-06-13T13:27:17","modified_gmt":"2024-06-13T10:27:17","slug":"30950","status":"publish","type":"post","link":"https:\/\/akdenizolaygazetesi.com\/?p=30950","title":{"rendered":""},"content":{"rendered":"<p>CHP Mersin Milletvekili G\u00fclcan K\u0131\u015f, \u00f6zellikle yaz aylar\u0131nda Mersinliler i\u00e7in \u00e7ile yolu olan \u00c7e\u015fmeli-Ta\u015fucu Otoyolu&#8217;nu TBMM g\u00fcndemine ta\u015f\u0131d\u0131.<\/p>\n<p>TBMM Genel Kurulu&#8217;nda s\u00f6z alan CHP&#8217;li K\u0131\u015f, y\u0131llard\u0131r bitirilemeyen ve Mersinlilerin \u00e7ile yolu dedi\u011fi \u00c7e\u015fmeli-Ta\u015fucu Otoyol Projesinin bir t\u00fcrl\u00fc bitirilememesine tepki g\u00f6sterdi.<\/p>\n<p>CHP&#8217;li K\u0131\u015f, &#8220;\u00f6zellikle yaz aylar\u0131nda Mersinlilerin ve Mersin&#8217;e gelen tatilcilerin saatlerce yollarda mahsur kalmas\u0131na neden olan bu bitmeyen yol projesi sebebiyle \u00e7ok ciddi kazalar ya\u015fan\u0131rken, trafi\u011fin fel\u00e7 olmas\u0131 dolay\u0131s\u0131yla da hem tatilciler, hem i\u015fletmeciler, hem de y\u00f6re halk\u0131 ma\u011fdur olmaktad\u0131r&#8221; dedi.<\/p>\n<p>Ge\u00e7en y\u0131l okullar\u0131n kapanmas\u0131 ve yaz tatilinin ba\u015flamas\u0131yla \u00c7e\u015fmeli-Ta\u015fucu Otoyol Projesi&#8217;ni hemen g\u00fcndeme getirdi\u011fini aktaran K\u0131\u015f, o g\u00fcnden bug\u00fcne de\u011fi\u015fen hi\u00e7bir \u015fey olmad\u0131\u011f\u0131n\u0131, kazalar\u0131n, trafik \u00e7ilesinin giderek artt\u0131\u011f\u0131n\u0131 belirtti.<\/p>\n<p>CHP&#8217;li K\u0131\u015f, Mersin&#8217;in, \u0130llerin vergi s\u0131ralamas\u0131nda ilk be\u015fte yer al\u0131rken, kamu yat\u0131r\u0131mlar\u0131 noktas\u0131nda arka s\u0131ralarda yer ald\u0131\u011f\u0131na dikkat \u00e7ekti.<\/p>\n<p>K\u0131\u015f konu\u015fmas\u0131na \u015f\u00f6yle devam etti: &#8220;Mersin&#8217;de y\u0131lan hik\u00e2yesine d\u00f6nen, y\u0131llard\u0131r bitirilmeyen \u00c7e\u015fmeli-Ta\u015fucu Otoyolu sebebiyle Mersinliler bedel \u00f6demeye devam ettiriliyor. AKP&#8217;li vekillerin &#8220;Mersin&#8217;in olmazsa olmaz\u0131&#8221; dedi\u011fi, bitmeyen bu proje &#8220;\u00e7ile yolu&#8221; olarak haf\u0131zalarda yer edinmi\u015ftir. Bir bayram\u0131n daha arifesindeyiz ve de yaz tatili ba\u015fl\u0131yor, g\u00f6r\u00fcyoruz ki zaten \u00e7ile yolu olan bu b\u00f6lgede Karayollar\u0131, haziran ay\u0131nda trafi\u011fi fel\u00e7 edecek bir \u00e7al\u0131\u015fma daha ba\u015flat\u0131yor. Herkes bilmelidir ki \u00c7e\u015fmeli-Ta\u015fucu Otoyol Projesi&#8217;nin bitirilmedi\u011fi her g\u00fcn orada ya\u015fanan trafi\u011fin, kazalar\u0131n tek sorumlusu AKP h\u00fck\u00fbmeti olacakt\u0131r.&#8221;     <\/p>\n<p>Ayn\u0131 zamanda TBMM Bay\u0131nd\u0131rl\u0131k, \u0130mar, Ula\u015ft\u0131rma ve Turizm Komisyonu \u00fcyesi olan K\u0131\u015f, Komisyon toplant\u0131lar\u0131nda da her f\u0131rsatta Mersin&#8217;de yar\u0131m b\u0131rak\u0131lan projeleri ve kentin sorunlar\u0131n\u0131 g\u00fcndeme getiriyor.<\/p>\n<p>\u00d6ncelikli g\u00f6revinin Mersin&#8217;e hizmet etmek, her t\u00fcrl\u00fc sorunun \u00e7\u00f6z\u00fcm\u00fcne katk\u0131 sunmak oldu\u011funu dile getiren K\u0131\u015f, hi\u00e7 kimsenin Mersinlileri cezaland\u0131rmas\u0131na, yok saymas\u0131na izin vermeyeceklerini, yap\u0131lan her i\u015fin do\u011fru \u015fekilde h\u0131zla sonu\u00e7land\u0131r\u0131lmas\u0131 i\u00e7in gece g\u00fcnd\u00fcz \u00e7al\u0131\u015facaklar\u0131n\u0131 s\u00f6yledi.<\/p>\n","protected":false},"excerpt":{"rendered":"<p>CHP Mersin Milletvekili G\u00fclcan K\u0131\u015f, \u00f6zellikle yaz aylar\u0131nda Mersinliler i\u00e7in \u00e7ile yolu olan \u00c7e\u015fmeli-Ta\u015fucu Otoyolu&#8217;nu TBMM g\u00fcndemine ta\u015f\u0131d\u0131. TBMM Genel Kurulu&#8217;nda s\u00f6z alan CHP&#8217;li K\u0131\u015f, y\u0131llard\u0131r bitirilemeyen ve Mersinlilerin \u00e7ile &hellip; <a href=\"https:\/\/akdenizolaygazetesi.com\/?p=30950\" class=\"more-link\">Devam\u0131n\u0131 Oku&#8230;<\/a><\/p>\n","protected":false},"author":2,"featured_media":30951,"comment_status":"open","ping_status":"open","sticky":false,"template":"","format":"standard","meta":[],"categories":[1,2,3],"tags":[],"_links":{"self":[{"href":"https:\/\/akdenizolaygazetesi.com\/index.php?rest_route=\/wp\/v2\/posts\/30950"}],"collection":[{"href":"https:\/\/akdenizolaygazetesi.com\/index.php?rest_route=\/wp\/v2\/posts"}],"about":[{"href":"https:\/\/akdenizolaygazetesi.com\/index.php?rest_route=\/wp\/v2\/types\/post"}],"author":[{"embeddable":true,"href":"https:\/\/akdenizolaygazetesi.com\/index.php?rest_route=\/wp\/v2\/users\/2"}],"replies":[{"embeddable":true,"href":"https:\/\/akdenizolaygazetesi.com\/index.php?rest_route=%2Fwp%2Fv2%2Fcomments&post=30950"}],"version-history":[{"count":1,"href":"https:\/\/akdenizolaygazetesi.com\/index.php?rest_route=\/wp\/v2\/posts\/30950\/revisions"}],"predecessor-version":[{"id":30952,"href":"https:\/\/akdenizolaygazetesi.com\/index.php?rest_route=\/wp\/v2\/posts\/30950\/revisions\/30952"}],"wp:featuredmedia":[{"embeddable":true,"href":"https:\/\/akdenizolaygazetesi.com\/index.php?rest_route=\/wp\/v2\/media\/30951"}],"wp:attachment":[{"href":"https:\/\/akdenizolaygazetesi.com\/index.php?rest_route=%2Fwp%2Fv2%2Fmedia&parent=30950"}],"wp:term":[{"taxonomy":"category","embeddable":true,"href":"https:\/\/akdenizolaygazetesi.com\/index.php?rest_route=%2Fwp%2Fv2%2Fcategories&post=30950"},{"taxonomy":"post_tag","embeddable":true,"href":"https:\/\/akdenizolaygazetesi.com\/index.php?rest_route=%2Fwp%2Fv2%2Ftags&post=30950"}],"curies":[{"name":"wp","href":"https:\/\/api.w.org\/{rel}","templated":true}]}}