{"id":30959,"date":"2024-06-13T13:42:02","date_gmt":"2024-06-13T10:42:02","guid":{"rendered":"http:\/\/akdenizolaygazetesi.com\/?p=30959"},"modified":"2024-06-14T09:10:50","modified_gmt":"2024-06-14T06:10:50","slug":"chpli-yilmazdan-bayram-mesaji-cocuk-kahkahalari-yeniden-yukselecek","status":"publish","type":"post","link":"https:\/\/akdenizolaygazetesi.com\/?p=30959","title":{"rendered":"\u00c7OCUK KAHKAHALARI YEN\u0130DEN Y\u00dcKSELECEK!"},"content":{"rendered":"<p>Cumhuriyet Halk Partisi Mezitli \u0130l\u00e7e Ba\u015fkan\u0131 Av. Ula\u015f Y\u0131lmaz, bayramlar\u0131n bayram tad\u0131nda kutland\u0131\u011f\u0131, \u00e7ocuk kahkahalar\u0131n\u0131n y\u00fckseldi\u011fi, ailelerin b\u00fcy\u00fck sofralarda bulu\u015ftu\u011fu eski bayram g\u00fcnlerini yeniden ya\u015fatmak i\u00e7in Cumhuriyet Halk Partisi&#8217;nin emek m\u00fccadelesini s\u00fcrd\u00fcrd\u00fc\u011f\u00fcn\u00fc s\u00f6yledi.<\/p>\n<p>Cumhuriyet Halk Partisi (CHP) Mezitli \u0130l\u00e7e Ba\u015fkan\u0131 Av. Ula\u015f Y\u0131lmaz, Kurban Bayram\u0131 dolay\u0131s\u0131yla bir mesaj yay\u0131nlad\u0131.<br \/>\nBayramlar\u0131n umutlar\u0131 ye\u015fertti\u011fine i\u015faret eden Ba\u015fkan Y\u0131lmaz, T\u00fcrkiye&#8217;nin huzura, birlikteli\u011fe, berekete ve yard\u0131mla\u015fmaya ihtiyac\u0131 oldu\u011fu vurgulad\u0131.<br \/>\nBayram sevin\u00e7lerinin payla\u015farak \u00e7o\u011fald\u0131\u011f\u0131n\u0131 ifade eden Ba\u015fkan Y\u0131lmaz, &#8220;Ne yaz\u0131k ki derinle\u015fen kriz bayram sofralar\u0131n\u0131 her ge\u00e7en g\u00fcn biraz daha eksiltiyor. A\u00e7l\u0131k s\u0131n\u0131r\u0131n\u0131n alt\u0131nda ya\u015famak zorunda b\u0131rak\u0131lan emeklimiz, kurban kesmek bir yana kasaba gidemiyor. \u00c7ocuklar\u0131m\u0131z dondurma yiyemiyor. \u00dcreticimiz \u00fcretti\u011finin kar\u015f\u0131l\u0131\u011f\u0131n\u0131 alam\u0131yor. Krizin faturas\u0131 emek\u00e7iye kesiliyor. Vatanda\u015f\u0131m\u0131z tatil bir yana memleketine dahi gidemiyor. Bayramlar\u0131n bayram tad\u0131nda kutland\u0131\u011f\u0131, \u00e7ocuk kahkahalar\u0131n\u0131n y\u00fckseldi\u011fi, ailelerin b\u00fcy\u00fck sofralarda bulu\u015ftu\u011fu eski bayram g\u00fcnlerini yeniden ya\u015fatmak i\u00e7in emek m\u00fccadelemiz s\u00fcr\u00fcyor&#8221; dedi.<br \/>\nBa\u015fkan Y\u0131lmaz, mesaj\u0131n\u0131; &#8220;Toplumumuzun sevdikleriyle kucakla\u015ft\u0131\u011f\u0131, huzuru, dayan\u0131\u015fmay\u0131, mutlulu\u011fu ve birlikteli\u011fi bir kez daha hat\u0131rlad\u0131\u011f\u0131m\u0131z bayram\u0131n yeni umutlara vesile olmas\u0131n\u0131 temenni ediyorum. Milletimizin bayram\u0131 kutlu olsun&#8221; temennisi ile bitirdi.<\/p>\n","protected":false},"excerpt":{"rendered":"<p>Cumhuriyet Halk Partisi Mezitli \u0130l\u00e7e Ba\u015fkan\u0131 Av. Ula\u015f Y\u0131lmaz, bayramlar\u0131n bayram tad\u0131nda kutland\u0131\u011f\u0131, \u00e7ocuk kahkahalar\u0131n\u0131n y\u00fckseldi\u011fi, ailelerin b\u00fcy\u00fck sofralarda bulu\u015ftu\u011fu eski bayram g\u00fcnlerini yeniden ya\u015fatmak i\u00e7in Cumhuriyet Halk Partisi&#8217;nin emek &hellip; <a href=\"https:\/\/akdenizolaygazetesi.com\/?p=30959\" class=\"more-link\">Devam\u0131n\u0131 Oku&#8230;<\/a><\/p>\n","protected":false},"author":2,"featured_media":30965,"comment_status":"open","ping_status":"open","sticky":false,"template":"","format":"standard","meta":[],"categories":[1,2,3],"tags":[],"_links":{"self":[{"href":"https:\/\/akdenizolaygazetesi.com\/index.php?rest_route=\/wp\/v2\/posts\/30959"}],"collection":[{"href":"https:\/\/akdenizolaygazetesi.com\/index.php?rest_route=\/wp\/v2\/posts"}],"about":[{"href":"https:\/\/akdenizolaygazetesi.com\/index.php?rest_route=\/wp\/v2\/types\/post"}],"author":[{"embeddable":true,"href":"https:\/\/akdenizolaygazetesi.com\/index.php?rest_route=\/wp\/v2\/users\/2"}],"replies":[{"embeddable":true,"href":"https:\/\/akdenizolaygazetesi.com\/index.php?rest_route=%2Fwp%2Fv2%2Fcomments&post=30959"}],"version-history":[{"count":2,"href":"https:\/\/akdenizolaygazetesi.com\/index.php?rest_route=\/wp\/v2\/posts\/30959\/revisions"}],"predecessor-version":[{"id":30966,"href":"https:\/\/akdenizolaygazetesi.com\/index.php?rest_route=\/wp\/v2\/posts\/30959\/revisions\/30966"}],"wp:featuredmedia":[{"embeddable":true,"href":"https:\/\/akdenizolaygazetesi.com\/index.php?rest_route=\/wp\/v2\/media\/30965"}],"wp:attachment":[{"href":"https:\/\/akdenizolaygazetesi.com\/index.php?rest_route=%2Fwp%2Fv2%2Fmedia&parent=30959"}],"wp:term":[{"taxonomy":"category","embeddable":true,"href":"https:\/\/akdenizolaygazetesi.com\/index.php?rest_route=%2Fwp%2Fv2%2Fcategories&post=30959"},{"taxonomy":"post_tag","embeddable":true,"href":"https:\/\/akdenizolaygazetesi.com\/index.php?rest_route=%2Fwp%2Fv2%2Ftags&post=30959"}],"curies":[{"name":"wp","href":"https:\/\/api.w.org\/{rel}","templated":true}]}}