{"id":30973,"date":"2024-06-14T13:21:14","date_gmt":"2024-06-14T10:21:14","guid":{"rendered":"http:\/\/akdenizolaygazetesi.com\/?p=30973"},"modified":"2024-06-14T13:21:14","modified_gmt":"2024-06-14T10:21:14","slug":"buyuksehirin-afet-ve-imar-calistayi-kent-paydaslarinin-katilimiyla-gerceklesti","status":"publish","type":"post","link":"https:\/\/akdenizolaygazetesi.com\/?p=30973","title":{"rendered":"B\u00dcY\u00dcK\u015eEH\u0130R&#8217;\u0130N &#8216;AFET VE \u0130MAR \u00c7ALI\u015eTAYI&#8217; KENT PAYDA\u015eLARININ KATILIMIYLA GER\u00c7EKLE\u015eT\u0130"},"content":{"rendered":"<p>Mersin B\u00fcy\u00fck\u015fehir Belediyesi Afet \u0130\u015fleri Dairesi Ba\u015fkanl\u0131\u011f\u0131 b\u00fcnyesinde &#8216;Afet ve \u0130mar \u00c7al\u0131\u015ftay\u0131&#8217; ger\u00e7ekle\u015ftirdi. \u00c7al\u0131\u015ftayda; B\u00fcy\u00fck\u015fehir Belediyesi&#8217;nin 2025- 2029 Stratejik Plan \u00e7al\u0131\u015fmalar\u0131nda afet ve imar konusunda geni\u015f kapsaml\u0131 bir yol haritas\u0131 olu\u015fturulmas\u0131 ama\u00e7land\u0131. 2 oturumda ger\u00e7ekle\u015ftirilen \u00e7al\u0131\u015ftay, STK, oda, dernek, vak\u0131f, \u00fcniversiteler, farkl\u0131 disiplinlerdeki meslek gruplar\u0131 ve sekt\u00f6r temsilcilerinin katk\u0131lar\u0131yla tamamland\u0131.<\/p>\n<p>Mersin B\u00fcy\u00fck\u015fehir Belediyesi Afet \u0130\u015fleri Dairesi Ba\u015fkanl\u0131\u011f\u0131 b\u00fcnyesinde &#8216;Afet ve \u0130mar \u00c7al\u0131\u015ftay\u0131&#8217; ger\u00e7ekle\u015ftirdi. \u00c7al\u0131\u015ftayda; kentte ya\u015fanabilecek olas\u0131 bir afet riskini en aza indirmek, afete kar\u015f\u0131 haz\u0131rl\u0131 olmak, olas\u0131 bir deprem ve afet riskine kar\u015f\u0131l\u0131k kenti dayan\u0131kl\u0131 hale getirmek ve erken m\u00fcdahale edebilmek i\u00e7in B\u00fcy\u00fck\u015fehir&#8217;in olu\u015fturaca\u011f\u0131 2025- 2029 Stratejik Plan \u00e7al\u0131\u015fmalar\u0131nda kent payda\u015flar\u0131n\u0131n i\u015f birli\u011finde geni\u015f kapsaml\u0131 bir yol haritas\u0131 olu\u015fturulmas\u0131 ama\u00e7land\u0131. Kongre ve Sergi Saray\u0131 \u00c7ok Ama\u00e7l\u0131 Salon&#8217;da 2 oturumda ger\u00e7ekle\u015ftirilen \u00e7al\u0131\u015ftayda; STK, oda, dernek, vak\u0131f, \u00fcniversiteler, farkl\u0131 disiplinlerdeki meslek gruplar\u0131 ve sekt\u00f6r temsilcileri yer ald\u0131.<\/p>\n<p>\u00c7al\u0131\u015ftay, 2 oturumda ele al\u0131nd\u0131<\/p>\n<p>\u00c7al\u0131\u015ftay\u0131n ilk oturumunda kat\u0131l\u0131mc\u0131lar yuvarlak masa etraf\u0131nda &#8216;Afet M\u00fcdahale Lojisti\u011fi 1 ve 2&#8217;, &#8216;Yap\u0131 Tasar\u0131m \u00dcretim ve Denetimi 1 ve 2&#8217;, &#8216;Yer Bilimleri&#8217;, &#8216;Afet Sak\u0131n\u0131m Planlamas\u0131 1 ve 2&#8217;, &#8216;Deprem Sonras\u0131 \u0130kincil Afetler 1 ve 2&#8242; konu ba\u015fl\u0131klar\u0131 hakk\u0131nda fikir al\u0131\u015fveri\u015finde bulundu. Mersin&#8217;in deprem b\u00f6lgesinde yer almamas\u0131na kar\u015f\u0131n co\u011frafi \u00f6zellikleri dolay\u0131s\u0131yla meydana gelebilecek ikincil afetlere; heyelan, yang\u0131n, baraj y\u0131k\u0131m\u0131, tsunami gibi olaylara kar\u015f\u0131 B\u00fcy\u00fck\u015fehir Belediyesi&#8217;nin olu\u015fturaca\u011f\u0131 stratejik plan kapsam\u0131nda al\u0131nmas\u0131 gereken \u00f6nlemler ve somut ad\u0131mlarla ilgili \u00f6neri sunuldu.<\/p>\n<p>Bununla birlikte imar ve yap\u0131lanma konusunda ise; kentin yap\u0131 durum analizinin ve eski yap\u0131 stoklar\u0131n\u0131n tespit edilmesi, zemin s\u0131v\u0131la\u015fmas\u0131 olan b\u00f6lgelerdeki yap\u0131lar\u0131n g\u00fc\u00e7lendirilmesi veya kentsel d\u00f6n\u00fc\u015f\u00fcme u\u011framas\u0131, imar mevzuat\u0131 ve farkl\u0131 yap\u0131 \u00fcretim y\u00f6ntemlerinin etkileri gibi daha bir\u00e7ok konuda imar planlar\u0131 \u00fczerine g\u00f6r\u00fc\u015f\u00fcld\u00fc. \u00c7al\u0131\u015ftay\u0131n ikinci b\u00f6l\u00fcm\u00fcnde ise, ilk oturumda belirlenen konu ba\u015fl\u0131klar\u0131 \u00fczerine \u00e7\u00f6z\u00fcm \u00f6nerileri etrafl\u0131ca masaya yat\u0131r\u0131ld\u0131 ve kat\u0131l\u0131mc\u0131lar bulduklar\u0131 \u00e7\u00f6z\u00fcmlerle ilgili sunum<\/p>\n<p>Dr. Zorlu: &#8220;Yapmamam\u0131z gereken en temel \u015fey gerekli dersleri \u00e7\u0131kartmak ve \u00f6nlem almak&#8221;<\/p>\n<p>\u00c7al\u0131\u015ftay\u0131n a\u00e7\u0131l\u0131\u015f\u0131nda konu\u015fan Afet \u0130\u015fleri Dairesi Ba\u015fkan\u0131 Dr. Kemal Zorlu, meydana gelen do\u011fa olaylar\u0131n\u0131n afet d\u00f6n\u00fc\u015fmemesi i\u00e7in gerekli \u00f6nlemlerin al\u0131nmas\u0131n\u0131n zaruri oldu\u011funu belirterek, &#8220;Bizler bu \u00fclkede en son 6 \u015eubat&#8217;ta ya\u015fad\u0131\u011f\u0131m\u0131z depremin hen\u00fcz travmas\u0131n\u0131 atlatamad\u0131k ve san\u0131r\u0131m \u00f6n\u00fcm\u00fczdeki uzun bir s\u00fcre\u00e7 boyunca da bu travma ile ya\u015famaya devam edece\u011fiz. Bu travma ile ya\u015farken yapmamam\u0131z gereken asl\u0131nda gerekli dersleri \u00e7\u0131kart\u0131p gerekli \u00f6nlemleri almak. Bu do\u011fa olaylar\u0131n\u0131n afete d\u00f6n\u00fc\u015fmesi asl\u0131nda insano\u011flunun ya\u015fam tarz\u0131n\u0131n \u015fehircilik anlay\u0131\u015f\u0131 ile do\u011frudan alakal\u0131. Afetlere bakt\u0131\u011f\u0131m\u0131z zaman \u00fclkemizde en fazla zarara neden olan deprem konusuna odaklan\u0131yoruz. Bu \u00e7al\u0131\u015ftayda da asl\u0131nda deprem olduk\u00e7a a\u011f\u0131rl\u0131kl\u0131 bir taraf olu\u015fturuyor. Bu t\u00fcr konular\u0131 konu\u015ftu\u011fumuz zaman asl\u0131nda afetlere neden olan di\u011fer do\u011fal olaylar\u0131n hepsini e\u015fit olarak konu\u015fabilecek duruma gelebilmemiz i\u00e7in bizim deprem konusunu afet oda\u011f\u0131 olmaktan \u00e7\u0131kart\u0131p asl\u0131nda bir do\u011fa olay\u0131 haline getirmemiz gerekiyor&#8221; ifadelerini kulland\u0131.<\/p>\n<p>&#8220;Gelecek geri bildirimlerle \u00f6n\u00fcm\u00fczdeki s\u00fcre\u00e7te stratejik plan\u0131 kurgulamak istiyoruz&#8221;<\/p>\n<p>\u00dczerinde ya\u015fad\u0131\u011f\u0131m\u0131z topraklar\u0131n tektonik ku\u015faklar \u00fczerinde olmas\u0131 sebebiyle aktif fay hatlar\u0131n\u0131n bulundu\u011funun ve deprem riskinin her ge\u00e7en g\u00fcn devam etti\u011fini aktaran Zorlu, &#8220;Bizim meydana gelecek depremlerde zaman\u0131n\u0131 \u00f6\u011frenme g\u00fcd\u00fcs\u00fcden uzakla\u015fmam\u0131z ve i\u00e7inde hayat\u0131m\u0131z\u0131 devam ettirdi\u011fimiz evleri konutlar\u0131 ve yap\u0131lar\u0131 olas\u0131 bir depremde y\u0131k\u0131lmayacak hale getirmemiz gerekiyor. O nedenle bu t\u00fcr \u00e7al\u0131\u015fmalar, afete neden olan olaylar\u0131n olmas\u0131ndan \u00f6nceki durum tespitleri ve bunlarla ilgili gerekli \u00f6nlemler al\u0131nmas\u0131 olduk\u00e7a \u00f6nem arz ediyor&#8221; dedi.<\/p>\n<p>Yap\u0131lan \u00e7al\u0131\u015ftay\u0131n B\u00fcy\u00fck\u015fehir&#8217;in \u00f6n\u00fcm\u00fczdeki 5 y\u0131ll\u0131k s\u00fcre\u00e7te imar ve afet konusunda eylem plan\u0131n\u0131 da \u015fekillendirece\u011fini aktaran Zorlu, &#8220;Bu kentin bile\u015fenleri olan \u00fcniversiteler, sivil toplum kurulu\u015flar\u0131 ve kamu kurum ve kurulu\u015flar\u0131n\u0131n yakla\u015f\u0131mlar\u0131n\u0131 \u00f6\u011frenerek onlardan gelecek geri bildirimlerle \u00f6n\u00fcm\u00fczdeki s\u00fcre\u00e7te stratejik plan\u0131 kurgulamak istiyoruz. O nedenle masalarda y\u00fcr\u00fct\u00fclen tart\u0131\u015fmalar ve konu\u015fmalar bizim i\u00e7in olduk\u00e7a de\u011ferli. Biz bu masalardan elde etti\u011fimiz \u00e7\u0131kt\u0131lar\u0131 al\u0131p de\u011ferlendirip \u00f6n\u00fcm\u00fczdeki 5 y\u0131l i\u00e7erisinde y\u00fcr\u00fctece\u011fimiz \u00e7al\u0131\u015fmalar\u0131 buna g\u00f6re planlayaca\u011f\u0131z&#8221; diyerek \u00e7al\u0131\u015ftayda emek veren ve katk\u0131 sunan herkese te\u015fekk\u00fcr etti.<\/p>\n<p>Prof. Dr. Ak\u0131n: &#8220;B\u00fcy\u00fck\u015fehir&#8217;in b\u00f6yle bir \u00e7al\u0131\u015fmay\u0131 y\u00fcr\u00fctm\u00fc\u015f olmas\u0131 \u00e7ok de\u011ferli&#8221;<\/p>\n<p>Mersin \u00dcniversitesi M\u00fchendislik Fak\u00fcltesi Dekan\u0131 Prof. Dr. Emre Ak\u0131n, \u00e7al\u0131\u015ftay\u0131n olduk\u00e7a verimli ge\u00e7ti\u011fini ve B\u00fcy\u00fck\u015fehir Belediyesi&#8217;nin b\u00f6yle konulara hassasiyet g\u00f6stermesinin olduk\u00e7a \u00f6nemli oldu\u011funun alt\u0131n\u0131 \u00e7izdi. \u00c7al\u0131\u015ftayda daha \u00f6nce d\u00fc\u015f\u00fcn\u00fclmeyen yeni fikirlerin de bu sayede ortaya \u00e7\u0131kt\u0131\u011f\u0131n\u0131 aktaran Ak\u0131n, &#8220;\u00c7ok verimli ve g\u00fczel bir \u00e7al\u0131\u015fma y\u00fcr\u00fct\u00fcld\u00fc. Bizim masam\u0131z yap\u0131 tasar\u0131m masas\u0131yd\u0131. Depreme dayan\u0131kl\u0131 yap\u0131 tasar\u0131m\u0131 nas\u0131l olmal\u0131, kurallara uyulmadan yap\u0131lm\u0131\u015f olan binalar\u0131n de\u011ferlendirilmesi nas\u0131l olmal\u0131, kentsel d\u00f6n\u00fc\u015f\u00fcm m\u00fc yoksa g\u00fc\u00e7lendirilmesi mi yap\u0131lmal\u0131 ve bunlar\u0131n denetim mekanizmalar\u0131 ile ilgili \u00e7ok\u00e7a konu\u015ftuk. B\u00fcy\u00fck\u015fehir&#8217;in b\u00f6yle bir \u00e7al\u0131\u015fmay\u0131 y\u00fcr\u00fctm\u00fc\u015f olmas\u0131, bu konuda hassasiyet g\u00f6stermesi ve bunu \u00f6n plana ta\u015f\u0131mas\u0131 bence \u00e7ok de\u011ferli. Burada sadece deprem de\u011fil b\u00fct\u00fcn afetler konu\u015fuluyor olmas\u0131 da iyi oldu&#8221; ifadelerine yer verdi.<\/p>\n<p>Prof. Dr. Ertu\u011frul: &#8220;Yap\u0131lan toplant\u0131y\u0131 \u00e7ok faydal\u0131 ve yerinde buldum&#8221;<\/p>\n<p>Mersin \u00dcniversitesi \u0130n\u015faat M\u00fchendisli\u011fi B\u00f6l\u00fcm Ba\u015fkan Yard\u0131mc\u0131 Prof. Dr. \u00d6zg\u00fcr L\u00fctfi Ertu\u011frul, kentin daha ya\u015fan\u0131labilir ve afetlere kar\u015f\u0131 daha dayan\u0131kl\u0131 hale getirilmesi i\u00e7in planlama yapman\u0131n olduk\u00e7a \u00f6nemli oldu\u011funu belirtti. Ertu\u011frul, &#8220;Bu y\u00fczden yap\u0131lan bu toplant\u0131y\u0131 \u00e7ok faydal\u0131 ve yerinde buluyorum. Bunlar\u0131n devam\u0131 niteli\u011finde de toplant\u0131n\u0131n d\u00fczenlenece\u011finden eminim. Biz daha \u00e7ok yap\u0131 tasar\u0131m\u0131, depreme dayan\u0131kl\u0131 yap\u0131lar ve zemin et\u00fcd\u00fc \u00fczerine g\u00f6r\u00fc\u015fleri de\u011ferlendirdik. \u0130limiz genelinde bina sto\u011fumuzun eski oldu\u011funu ve bunun bir an \u00f6nce yenilenmesi gerekti\u011fi ile ilgili tart\u0131\u015fmalarda bulunduk. Bunun yan\u0131nda da zemin et\u00fct faaliyetlerine daha \u00f6zen g\u00f6sterilmesi gerekti\u011fi konusunda da hemfikir olduk. Bu \u015fekilde kentimizde deprem afetlerine daha dayan\u0131kl\u0131 ve daha diren\u00e7li olma yolunda ad\u0131mlar at\u0131labilece\u011fini d\u00fc\u015f\u00fcn\u00fcyorum&#8221; dedi.<\/p>\n<p>O\u011fuz: &#8220;Her alandan temsilcilerin olmas\u0131 daha geni\u015f kitlelere ula\u015f\u0131lmas\u0131nda \u00f6nem ta\u015f\u0131yor&#8221;<\/p>\n<p>Makine M\u00fchendisleri Odas\u0131 (MMO) Mersin \u015eube Ba\u015fkan\u0131 \u0130smail O\u011fuz da, \u00e7al\u0131\u015ftayda kent payda\u015flar\u0131na yer verilmesinin olduk\u00e7a gurur verici oldu\u011funu s\u00f6yleyerek, &#8220;Sivil toplum kurulu\u015flar\u0131, kamu kurumundan temsilci arkada\u015flar ve bir\u00e7ok dernek ve ilgili alanlardan arkada\u015flar\u0131m\u0131z\u0131n burada olmas\u0131 daha geni\u015f kitlelere ula\u015f\u0131lmas\u0131nda ve halka dokunulmas\u0131nda \u00f6nem ta\u015f\u0131yor. Bizler, kentte s\u00f6z sahibi oldu\u011fumuz zaman asl\u0131nda halkta kentte s\u00f6z sahibi oluyor. Halk, kentte s\u00f6z sahibi olursa e\u011fer \u00fclkede de s\u00f6z sahibi olaca\u011f\u0131na inan\u0131yoruz. Vahap Ba\u015fkan\u0131m\u0131z \u00e7ok g\u00fczel i\u015fler yap\u0131yor&#8221; dedi.<\/p>\n<p>Dr. Zorlu: &#8220;Afet Koordinasyon Merkezi ya da Kamp\u00fcs\u00fc Projemiz var&#8221;<\/p>\n<p>\u00c7al\u0131\u015ftay\u0131n kapan\u0131\u015f\u0131nda konu\u015fan Afet \u0130\u015fleri Dairesi Ba\u015fkan\u0131 Dr. Kemal Zorlu, \u00e7ok g\u00fczel sonu\u00e7lar \u00e7\u0131kt\u0131\u011f\u0131n\u0131 dile getirerek, ortaya \u00e7\u0131kan baz\u0131 sonu\u00e7lar\u0131 B\u00fcy\u00fck\u015fehir Belediyesi&#8217;nin halihaz\u0131rda yapmaya ba\u015flam\u0131\u015f oldu\u011funu belirterek, &#8220;Buradaki \u00e7\u0131kt\u0131larla onlar\u0131 birle\u015ftirece\u011fiz. Afet \u0130\u015fleri Dairesi Ba\u015fkanl\u0131\u011f\u0131 olarak 1 y\u0131ll\u0131k geriye d\u00f6n\u00fcp bakt\u0131\u011f\u0131m\u0131z s\u00fcre\u00e7 i\u00e7erisinde Mersin&#8217;e jeolojik tehlike riskleri ile ilgili bir \u00e7al\u0131\u015fma haz\u0131rlad\u0131k. Bir tane de kentsel d\u00f6n\u00fc\u015f\u00fcm stratejilerinin belirlenmesi noktas\u0131nda bir genel \u00e7er\u00e7eve \u00e7izen 2 tane \u00e7al\u0131\u015fmam\u0131z var. Bir de \u00f6n\u00fcm\u00fczdeki 5 y\u0131ll\u0131k d\u00f6nem i\u00e7erisinde yine stratejik plan\u0131m\u0131z\u0131n i\u00e7erisinde olacak ve Ba\u015fkan\u0131m\u0131z Vahap Se\u00e7er&#8217;in 5 y\u0131ll\u0131k yapaca\u011f\u0131 proje taahh\u00fct kitap\u00e7\u0131\u011f\u0131nda da yer alan bir afet koordinasyon merkezi ya da kamp\u00fcs\u00fc projemiz var&#8221; diyerek projenin 4 aya\u011f\u0131 oldu\u011funu dile getirdi. Afet e\u011fitimi \u00e7al\u0131\u015fmalar\u0131n\u0131n k\u00fc\u00e7\u00fck ya\u015flarda ba\u015flamas\u0131 gerekti\u011fini vurgulayan Zorlu, Mercan 100. Y\u0131l \u0130klim ve \u00c7evre Bilim Merkezi&#8217;nde \u00f6n\u00fcm\u00fczdeki g\u00fcnlerde 8 tane afet sim\u00fclat\u00f6r\u00fc kazand\u0131racaklar\u0131n\u0131 da duyurdu. Zorlu, \u00e7ocuklar\u0131n orada yang\u0131n, deprem, sel, gibi sim\u00fclat\u00f6rler arac\u0131l\u0131\u011f\u0131 ile afet s\u0131ras\u0131nda yapmas\u0131 gereken davran\u0131\u015flarla ilgili teorik e\u011fitim alacaklar\u0131n\u0131 kaydetti.<\/p>\n<p>&#8220;G\u00fczel bir afet koordinasyonu ile zararlar\u0131n en aza indirilece\u011fini d\u00fc\u015f\u00fcn\u00fcyorum&#8221;<\/p>\n<p>Projenin ayaklar\u0131ndan birinin Afet E\u011fitim Merkezi oldu\u011funu s\u00f6yleyen Zorlu, ikinci olarak da Afet Lojistik Depolar\u0131 kurmak istedikleri ve \u015fu anda yer planlamas\u0131 yapt\u0131klar\u0131n\u0131 dile getirdi. Zorlu, &#8220;Bir afet an\u0131nda ihtiya\u00e7 duydu\u011fumuz malzemelerin y\u00fckl\u00fc miktarda depoland\u0131\u011f\u0131 ve haz\u0131r tutuldu\u011fu bir lojistik deposu asl\u0131nda AFAD&#8217;\u0131n bu t\u00fcr b\u00f6lgesel depolar\u0131 var ama b\u00f6yle b\u00fcy\u00fck bir deprem ya\u015fad\u0131\u011f\u0131m\u0131z daha fazla ihtiya\u00e7 oldu\u011funu g\u00f6rd\u00fck. Bir \u00fc\u00e7\u00fcnc\u00fcs\u00fc ise, karde\u015f \u015fehir meselesi.&#8217;Safe house&#8217; dedi\u011fimiz kente dair g\u00fcvenli, t\u00fcm dijital verilerin g\u00fcvenli bir ortamda tutuldu\u011fu depoland\u0131\u011f\u0131 i\u00e7erisinde yaz\u0131l\u0131mlarla herkesin kolayl\u0131kla eri\u015febilece\u011fi bir merkez ki bunla ilgili \u00e7al\u0131\u015fmam\u0131z da var. Karde\u015f \u015fehir olarak adland\u0131rd\u0131\u011f\u0131m\u0131z; bize co\u011frafi olarak daha uzak ve kurumsal kapasitesi bu kente yetebilecek d\u00fczeyde olan bir kentle e\u015fle\u015ftirilmesi ve o kentin y\u00f6neticilerinin buraya gelerek sistemi tan\u0131malar\u0131, bilmeleri ve bir afet an\u0131nda bu kenti y\u00f6netiminin tamamen karde\u015f kentimize b\u0131rak\u0131lmas\u0131. Bunun \u00f6rne\u011fini Hatay depreminde ya\u015fad\u0131k ve yard\u0131m ekiplerinin ula\u015fabilecekleri yollar\u0131 bilen hi\u00e7 kimse yoktu. Oradaki belediye ve kamu kurum kurulu\u015flar\u0131n\u0131n \u00e7al\u0131\u015fanlar\u0131n\u0131n hepsi afetzedeydi&#8221; diye konu\u015ftu.<\/p>\n<p>Son olarak ise, Afet Koordinasyon Merkezi&#8217;ni hayata ge\u00e7ireceklerini ve Stratejik Plan&#8217;da da bu \u00e7al\u0131\u015fmaya yer verdiklerini aktaran Zorlu, &#8220;Dijital altyap\u0131s\u0131n\u0131n olu\u015fturuldu\u011fu bir afet koordinasyon merkezine ihtiyac\u0131m\u0131z var ki afet an\u0131nda oradan afeti koordine edelim. Mersin&#8217;de sadece bir depremle bir afetin meydana gelmesi durumunun d\u0131\u015f\u0131nda s\u0131kl\u0131kla ya\u015fad\u0131\u011f\u0131m\u0131z ve bundan sonra daha yo\u011fun \u015fiddetli bir \u015fekilde ya\u015fayaca\u011f\u0131m\u0131z iklim de\u011fi\u015fikliklerine ba\u011fl\u0131 sel ve su ta\u015fk\u0131nlar\u0131 ve orman yang\u0131nlar\u0131n\u0131 g\u00f6rece\u011fiz. G\u00fczel bir afet koordinasyonu ile buradaki zararlar\u0131n en aza indirilece\u011fini d\u00fc\u015f\u00fcn\u00fcyorum&#8221; dedi.<\/p>\n","protected":false},"excerpt":{"rendered":"<p>Mersin B\u00fcy\u00fck\u015fehir Belediyesi Afet \u0130\u015fleri Dairesi Ba\u015fkanl\u0131\u011f\u0131 b\u00fcnyesinde &#8216;Afet ve \u0130mar \u00c7al\u0131\u015ftay\u0131&#8217; ger\u00e7ekle\u015ftirdi. \u00c7al\u0131\u015ftayda; B\u00fcy\u00fck\u015fehir Belediyesi&#8217;nin 2025- 2029 Stratejik Plan \u00e7al\u0131\u015fmalar\u0131nda afet ve imar konusunda geni\u015f kapsaml\u0131 bir yol haritas\u0131 &hellip; <a href=\"https:\/\/akdenizolaygazetesi.com\/?p=30973\" class=\"more-link\">Devam\u0131n\u0131 Oku&#8230;<\/a><\/p>\n","protected":false},"author":2,"featured_media":30974,"comment_status":"open","ping_status":"open","sticky":false,"template":"","format":"standard","meta":[],"categories":[1,2,3],"tags":[],"_links":{"self":[{"href":"https:\/\/akdenizolaygazetesi.com\/index.php?rest_route=\/wp\/v2\/posts\/30973"}],"collection":[{"href":"https:\/\/akdenizolaygazetesi.com\/index.php?rest_route=\/wp\/v2\/posts"}],"about":[{"href":"https:\/\/akdenizolaygazetesi.com\/index.php?rest_route=\/wp\/v2\/types\/post"}],"author":[{"embeddable":true,"href":"https:\/\/akdenizolaygazetesi.com\/index.php?rest_route=\/wp\/v2\/users\/2"}],"replies":[{"embeddable":true,"href":"https:\/\/akdenizolaygazetesi.com\/index.php?rest_route=%2Fwp%2Fv2%2Fcomments&post=30973"}],"version-history":[{"count":1,"href":"https:\/\/akdenizolaygazetesi.com\/index.php?rest_route=\/wp\/v2\/posts\/30973\/revisions"}],"predecessor-version":[{"id":30975,"href":"https:\/\/akdenizolaygazetesi.com\/index.php?rest_route=\/wp\/v2\/posts\/30973\/revisions\/30975"}],"wp:featuredmedia":[{"embeddable":true,"href":"https:\/\/akdenizolaygazetesi.com\/index.php?rest_route=\/wp\/v2\/media\/30974"}],"wp:attachment":[{"href":"https:\/\/akdenizolaygazetesi.com\/index.php?rest_route=%2Fwp%2Fv2%2Fmedia&parent=30973"}],"wp:term":[{"taxonomy":"category","embeddable":true,"href":"https:\/\/akdenizolaygazetesi.com\/index.php?rest_route=%2Fwp%2Fv2%2Fcategories&post=30973"},{"taxonomy":"post_tag","embeddable":true,"href":"https:\/\/akdenizolaygazetesi.com\/index.php?rest_route=%2Fwp%2Fv2%2Ftags&post=30973"}],"curies":[{"name":"wp","href":"https:\/\/api.w.org\/{rel}","templated":true}]}}