{"id":30976,"date":"2024-06-14T13:25:06","date_gmt":"2024-06-14T10:25:06","guid":{"rendered":"http:\/\/akdenizolaygazetesi.com\/?p=30976"},"modified":"2024-06-14T13:25:06","modified_gmt":"2024-06-14T10:25:06","slug":"baskan-tuncerden-kurban-bayrami-mesaji","status":"publish","type":"post","link":"https:\/\/akdenizolaygazetesi.com\/?p=30976","title":{"rendered":"BA\u015eKAN TUNCER\u2019DEN KURBAN BAYRAMI MESAJI"},"content":{"rendered":"<p>Mezitli Belediye Ba\u015fkan\u0131 Ahmet Serkan Tuncer, Kurban Bayram\u0131 vesilesiyle bir mesaj yay\u0131nlad\u0131. Ba\u015fkan Tuncer, mesaj\u0131nda \u015funlar\u0131 kaydetti: &#8220;T\u00fcm vatanda\u015flar\u0131m\u0131z\u0131n Kurban Bayram\u0131&#8217;n\u0131 kutluyor, aileleri ve sevdikleriyle huzur dolu bir bayram ge\u00e7irmelerini diliyorum,Mezitli Belediyesi olarak vatanda\u015flar\u0131m\u0131z\u0131n bayram\u0131 en iyi \u015fekilde ge\u00e7irmeleri i\u00e7in gerekli tedbirleri ald\u0131k.&#8221;<\/p>\n<p>Ba\u015fkan Tuncer, mesaj\u0131nda, bayram\u0131n Mezitli&#8217;ye, \u00fclkemize ve t\u00fcm d\u00fcnyaya huzur ve mutluluk getirmesini temenni etti. Ayr\u0131ca, bayramlar\u0131n toplumsal ya\u015famda b\u00fcy\u00fck bir \u00f6neme sahip oldu\u011funu ifade eden Tuncer, \u015f\u00f6yle devam etti:<\/p>\n<p>&#8220;Yard\u0131mla\u015fma ve dayan\u0131\u015fma mevsiminin en g\u00fczel esintisini \u00fczerimizde hissetti\u011fimiz, k\u00fcsl\u00fcklerin ortadan kalkt\u0131\u011f\u0131, ihtiya\u00e7 sahiplerinin her zamankinden daha fazla hat\u0131rland\u0131\u011f\u0131 Kurban Bayram\u0131&#8217;n\u0131 hep beraber kutlaman\u0131n mutlulu\u011funu ya\u015f\u0131yoruz. Milli ve dini bayramlar\u0131m\u0131z\u0131 birer f\u0131rsat olarak g\u00f6rmeli, bayramlar\u0131n getirdi\u011fi ho\u015fg\u00f6r\u00fc, yard\u0131mla\u015fma ve dayan\u0131\u015fma duygular\u0131n\u0131 kullanarak bu \u00f6zel g\u00fcnlerde birlik ve beraberli\u011fimizi g\u00fc\u00e7lendirmeliyiz. Bu t\u00fcr g\u00fczel g\u00fcnlerde temelleri at\u0131lan veya g\u00fc\u00e7lendirilen birlik ba\u011flar\u0131 kolay kolay sars\u0131lmaz.<\/p>\n<p>Bayramlar, birli\u011fimize ve b\u00fct\u00fcnl\u00fc\u011f\u00fcm\u00fcze zarar vermek isteyenlere en g\u00fczel cevapt\u0131r. Bu bayramda, k\u0131rg\u0131nl\u0131k ve k\u00fcsk\u00fcnl\u00fcklerin sona ermesini, sayg\u0131 ve sevginin \u00f6ne \u00e7\u0131kmas\u0131n\u0131 temenni ediyoruz. Mezitli Belediyesi olarak vatanda\u015flar\u0131m\u0131z\u0131n bayram\u0131 en iyi \u015fekilde ge\u00e7irmeleri i\u00e7in gerekli tedbirleri ald\u0131k. Sizlerin bayram\u0131 daha rahat kar\u015f\u0131layabilmeniz i\u00e7in ekiplerimizle bayram boyunca her t\u00fcrl\u00fc duruma haz\u0131r bir \u015fekilde hizmetinizde olaca\u011f\u0131z. Bu vesileyle, t\u00fcm vatanda\u015flar\u0131m\u0131z\u0131n Kurban Bayram\u0131&#8217;n\u0131 en i\u00e7ten dileklerimle kutluyor, bayram\u0131n \u015fehrimize, \u00fclkemize ve t\u00fcm d\u00fcnyaya mutluluk getirmesini diliyorum.&#8221;<\/p>\n<p>&#8212;<br \/>\nMezitli Belediyesi<\/p>\n","protected":false},"excerpt":{"rendered":"<p>Mezitli Belediye Ba\u015fkan\u0131 Ahmet Serkan Tuncer, Kurban Bayram\u0131 vesilesiyle bir mesaj yay\u0131nlad\u0131. Ba\u015fkan Tuncer, mesaj\u0131nda \u015funlar\u0131 kaydetti: &#8220;T\u00fcm vatanda\u015flar\u0131m\u0131z\u0131n Kurban Bayram\u0131&#8217;n\u0131 kutluyor, aileleri ve sevdikleriyle huzur dolu bir bayram ge\u00e7irmelerini &hellip; <a href=\"https:\/\/akdenizolaygazetesi.com\/?p=30976\" class=\"more-link\">Devam\u0131n\u0131 Oku&#8230;<\/a><\/p>\n","protected":false},"author":2,"featured_media":30977,"comment_status":"open","ping_status":"open","sticky":false,"template":"","format":"standard","meta":[],"categories":[1,2,3],"tags":[],"_links":{"self":[{"href":"https:\/\/akdenizolaygazetesi.com\/index.php?rest_route=\/wp\/v2\/posts\/30976"}],"collection":[{"href":"https:\/\/akdenizolaygazetesi.com\/index.php?rest_route=\/wp\/v2\/posts"}],"about":[{"href":"https:\/\/akdenizolaygazetesi.com\/index.php?rest_route=\/wp\/v2\/types\/post"}],"author":[{"embeddable":true,"href":"https:\/\/akdenizolaygazetesi.com\/index.php?rest_route=\/wp\/v2\/users\/2"}],"replies":[{"embeddable":true,"href":"https:\/\/akdenizolaygazetesi.com\/index.php?rest_route=%2Fwp%2Fv2%2Fcomments&post=30976"}],"version-history":[{"count":2,"href":"https:\/\/akdenizolaygazetesi.com\/index.php?rest_route=\/wp\/v2\/posts\/30976\/revisions"}],"predecessor-version":[{"id":30979,"href":"https:\/\/akdenizolaygazetesi.com\/index.php?rest_route=\/wp\/v2\/posts\/30976\/revisions\/30979"}],"wp:featuredmedia":[{"embeddable":true,"href":"https:\/\/akdenizolaygazetesi.com\/index.php?rest_route=\/wp\/v2\/media\/30977"}],"wp:attachment":[{"href":"https:\/\/akdenizolaygazetesi.com\/index.php?rest_route=%2Fwp%2Fv2%2Fmedia&parent=30976"}],"wp:term":[{"taxonomy":"category","embeddable":true,"href":"https:\/\/akdenizolaygazetesi.com\/index.php?rest_route=%2Fwp%2Fv2%2Fcategories&post=30976"},{"taxonomy":"post_tag","embeddable":true,"href":"https:\/\/akdenizolaygazetesi.com\/index.php?rest_route=%2Fwp%2Fv2%2Ftags&post=30976"}],"curies":[{"name":"wp","href":"https:\/\/api.w.org\/{rel}","templated":true}]}}