{"id":30980,"date":"2024-06-14T13:27:48","date_gmt":"2024-06-14T10:27:48","guid":{"rendered":"http:\/\/akdenizolaygazetesi.com\/?p=30980"},"modified":"2024-06-14T13:27:48","modified_gmt":"2024-06-14T10:27:48","slug":"cakir-yere-dusen-her-meyve-tarima-zarar-veriyor","status":"publish","type":"post","link":"https:\/\/akdenizolaygazetesi.com\/?p=30980","title":{"rendered":"\u00c7ak\u0131r: \u201cYere d\u00fc\u015fen her meyve tar\u0131ma zarar veriyor\u201d"},"content":{"rendered":"<p>MTSO Y\u00f6netim Kurulu Ba\u015fkan\u0131 Hakan Sefa \u00c7ak\u0131r, tar\u0131m zararl\u0131lar\u0131yla m\u00fccadele i\u00e7in gerek dalda gerekse yerde meyve kalmamas\u0131 gerekti\u011fini s\u00f6yledi. Meyvelerin tamam\u0131n\u0131n toplanmas\u0131n\u0131 sa\u011flayacak \u00e7\u00f6z\u00fcmler \u00fczerine \u00e7al\u0131\u015f\u0131lmas\u0131 gerekti\u011fine dikkat \u00e7eken \u00c7ak\u0131r, yere d\u00fc\u015fen her meyvenin zararl\u0131lar\u0131n yay\u0131lmas\u0131na zemin haz\u0131rlay\u0131p meyvelerin kalitesini bozdu\u011funu s\u00f6yledi.<\/p>\n<p>Mersin Valisi Ali Hamza Pehlivan ba\u015fkanl\u0131\u011f\u0131nda Tar\u0131m Koordinasyon Kurulu toplant\u0131s\u0131 ger\u00e7ekle\u015ftirildi. Mersin Ticaret ve Sanayi Odas\u0131 (MTSO) Y\u00f6netim Kurulu Ba\u015fkan\u0131 Hakan Sefa \u00c7ak\u0131r\u2019la, 1 No\u2019lu Meyve ve Sebzelerin \u0130\u015flenmesi ve Ticareti Meslek Komitesi Ba\u015fkan\u0131 Hasan Bulduk\u2019un yan\u0131 s\u0131ra t\u00fcm sekt\u00f6r payda\u015flar\u0131n\u0131n kat\u0131ld\u0131\u011f\u0131 toplant\u0131da; tar\u0131mda daha verimli, daha y\u00fcksek kaliteli \u00fcretim ger\u00e7ekle\u015ftirilmesi, bu kapsamda zararl\u0131larla etkin m\u00fccadele edilmesi, tar\u0131ma dayal\u0131 ticaretin geli\u015ftirilmesi konular\u0131na y\u00f6nelik tespitler ve \u00f6neriler payla\u015f\u0131ld\u0131. Gelece\u011fe y\u00f6nelik at\u0131lacak ad\u0131mlar de\u011ferlendirildi, muhtelif kararlar al\u0131nd\u0131.<br \/>\nToplant\u0131da s\u00f6z alarak zararl\u0131larla etkin m\u00fccadele noktas\u0131ndaki \u00f6nerilerini aktaran MTSO Y\u00f6netim Kurulu Ba\u015fkan\u0131 Hakan Sefa \u00c7ak\u0131r, sorunlar\u0131n \u00e7\u00f6z\u00fcm\u00fc i\u00e7in ilk etapta k\u00fc\u00e7\u00fck \u00fcreticilere odaklanmak gerekti\u011fini vurgulad\u0131. \u0130hracata uygun \u00fcr\u00fcnde tar\u0131msal zararl\u0131 olmamas\u0131, olan zararl\u0131lar\u0131n yay\u0131lmamas\u0131, ihracata uygun \u00fcretim i\u00e7in dalda toplanmayan meyve kalmamas\u0131n\u0131n \u00f6nemine dikkat \u00e7eken \u00c7ak\u0131r, yere d\u00fc\u015fen meyvelerin de mutlaka toplanmas\u0131 gerekti\u011fini ifade etti. Bu konuda \u00fcreticiyi bilin\u00e7lendirecek \u00e7al\u0131\u015fmalar yap\u0131labilece\u011fine de\u011finen \u00c7ak\u0131r, k\u00f6yl\u00fcn\u00fcn meyveleri siyah po\u015fetlere toplamas\u0131 yan\u0131nda ikinci kalite \u00fcr\u00fcnlerin meyvesuyu fabrikalar\u0131na daha iyi fiyatla satmas\u0131n\u0131 sa\u011flayacak te\u015fvik sistemi olu\u015fturulmas\u0131 \u00f6nerisi de sundu.<br \/>\nDe\u011fi\u015fen iklim \u015fartlar\u0131n\u0131n en \u00e7ok tar\u0131m\u0131 etkiledi\u011fini, yeni iklim \u015fartlar\u0131na ba\u011fl\u0131 tar\u0131msal zararl\u0131larla da kar\u015f\u0131la\u015f\u0131labildi\u011fini hat\u0131rlatan \u00c7ak\u0131r, \u201cBu nedenle konu olduk\u00e7a hassas. S\u00fcrd\u00fcr\u00fclebilir tar\u0131m i\u00e7in \u00fcreticiden t\u00fcketiciye herkesin sorumlulu\u011fu var. K\u00fc\u00e7\u00fck ya\u015flardan itibaren meyve at\u0131klar\u0131n\u0131n do\u011faya de\u011fil \u00e7\u00f6pe at\u0131lmas\u0131 gerekti\u011fi \u00f6\u011fretilip al\u0131\u015fkanl\u0131k kazand\u0131r\u0131lmal\u0131\u201d de\u011ferlendirmesini yapt\u0131.<\/p>\n","protected":false},"excerpt":{"rendered":"<p>MTSO Y\u00f6netim Kurulu Ba\u015fkan\u0131 Hakan Sefa \u00c7ak\u0131r, tar\u0131m zararl\u0131lar\u0131yla m\u00fccadele i\u00e7in gerek dalda gerekse yerde meyve kalmamas\u0131 gerekti\u011fini s\u00f6yledi. Meyvelerin tamam\u0131n\u0131n toplanmas\u0131n\u0131 sa\u011flayacak \u00e7\u00f6z\u00fcmler \u00fczerine \u00e7al\u0131\u015f\u0131lmas\u0131 gerekti\u011fine dikkat \u00e7eken \u00c7ak\u0131r, &hellip; <a href=\"https:\/\/akdenizolaygazetesi.com\/?p=30980\" class=\"more-link\">Devam\u0131n\u0131 Oku&#8230;<\/a><\/p>\n","protected":false},"author":2,"featured_media":30981,"comment_status":"open","ping_status":"open","sticky":false,"template":"","format":"standard","meta":[],"categories":[1,2,3],"tags":[],"_links":{"self":[{"href":"https:\/\/akdenizolaygazetesi.com\/index.php?rest_route=\/wp\/v2\/posts\/30980"}],"collection":[{"href":"https:\/\/akdenizolaygazetesi.com\/index.php?rest_route=\/wp\/v2\/posts"}],"about":[{"href":"https:\/\/akdenizolaygazetesi.com\/index.php?rest_route=\/wp\/v2\/types\/post"}],"author":[{"embeddable":true,"href":"https:\/\/akdenizolaygazetesi.com\/index.php?rest_route=\/wp\/v2\/users\/2"}],"replies":[{"embeddable":true,"href":"https:\/\/akdenizolaygazetesi.com\/index.php?rest_route=%2Fwp%2Fv2%2Fcomments&post=30980"}],"version-history":[{"count":1,"href":"https:\/\/akdenizolaygazetesi.com\/index.php?rest_route=\/wp\/v2\/posts\/30980\/revisions"}],"predecessor-version":[{"id":30982,"href":"https:\/\/akdenizolaygazetesi.com\/index.php?rest_route=\/wp\/v2\/posts\/30980\/revisions\/30982"}],"wp:featuredmedia":[{"embeddable":true,"href":"https:\/\/akdenizolaygazetesi.com\/index.php?rest_route=\/wp\/v2\/media\/30981"}],"wp:attachment":[{"href":"https:\/\/akdenizolaygazetesi.com\/index.php?rest_route=%2Fwp%2Fv2%2Fmedia&parent=30980"}],"wp:term":[{"taxonomy":"category","embeddable":true,"href":"https:\/\/akdenizolaygazetesi.com\/index.php?rest_route=%2Fwp%2Fv2%2Fcategories&post=30980"},{"taxonomy":"post_tag","embeddable":true,"href":"https:\/\/akdenizolaygazetesi.com\/index.php?rest_route=%2Fwp%2Fv2%2Ftags&post=30980"}],"curies":[{"name":"wp","href":"https:\/\/api.w.org\/{rel}","templated":true}]}}